{"id":22401,"date":"2026-03-13T15:48:04","date_gmt":"2026-03-13T15:48:04","guid":{"rendered":"https:\/\/nestshostels.com\/music-festivals-tenerife-2026\/"},"modified":"2026-04-17T07:39:18","modified_gmt":"2026-04-17T06:39:18","slug":"music-festivals-tenerife-2026","status":"publish","type":"post","link":"https:\/\/nestshostels.com\/it\/music-festivals-tenerife-2026\/","title":{"rendered":"I Migliori Festival Musicali a Tenerife 2026 \u2014 Calendario Completo, Date e Tutto Quello che Devi Sapere"},"content":{"rendered":"\n<p>Tenerife non ha una stagione di festival. Ha un anno di festival. Da un programma di musica classica di livello mondiale a gennaio a un evento elettronico da urlo ad agosto, passando per un weekend rock-indie a fine ottobre, l&#8217;isola offre un calendario di 12 mesi davvero ricco che gran parte d&#8217;Europa si sta ancora perdendo. \ud83c\udf0a\ud83c\udfb6<\/p>\n\n<figure class=\"wp-block-image size-full\"><img loading=\"lazy\" decoding=\"async\" width=\"1280\" height=\"720\" src=\"https:\/\/nestshostels.com\/wp-content\/uploads\/2026\/03\/farra-world-SANBLAST-tenerfie.jpg\" alt=\"Farra world sunblast Tenerife 2026\" class=\"wp-image-22356\" srcset=\"https:\/\/nestshostels.com\/wp-content\/uploads\/2026\/03\/farra-world-SANBLAST-tenerfie.jpg 1280w, https:\/\/nestshostels.com\/wp-content\/uploads\/2026\/03\/farra-world-SANBLAST-tenerfie-300x169.jpg 300w, https:\/\/nestshostels.com\/wp-content\/uploads\/2026\/03\/farra-world-SANBLAST-tenerfie-1024x576.jpg 1024w, https:\/\/nestshostels.com\/wp-content\/uploads\/2026\/03\/farra-world-SANBLAST-tenerfie-768x432.jpg 768w\" sizes=\"auto, (max-width: 1280px) 100vw, 1280px\" \/><figcaption class=\"wp-element-caption\">Questa guida si concentra sul calendario dei festival di musica elettronica e concerti di Tenerife per il 2026 \u2014 ma abbiamo anche incluso i principali concerti e eventi culturali che si svolgeranno sull&#8217;isola, cos\u00ec puoi pianificare il tuo viaggio al meglio.<\/figcaption><\/figure>\n\n<p>Questa guida copre tutte le date confermate di musica e festival per il 2026, oltre agli eventi attesi con una solida reputazione pluriennale. Troverai date, location, prezzi dei biglietti, lineup conosciute e una pratica panoramica su dove soggiornare \u2014 che tu stia pianificando un grande weekend o l&#8217;intera estate. \ud83c\udfd6\ufe0f<\/p>\n\n<h2 class=\"wp-block-heading\" id=\"events-table\">Calendario completo dei festival 2026 a colpo d&#8217;occhio<\/h2>\n\n<figure class=\"wp-block-table is-style-stripes\"><table><thead><tr><th><strong>Data<\/strong><\/th><th><strong>Evento<\/strong><\/th><th><strong>Perch\u00e9 ne vale la pena<\/strong><\/th><\/tr><\/thead><tbody><tr><td><a href=\"#fimc\"><strong>\ud83d\udd17 8 Gen \u2013 7 Feb<\/strong><\/a><\/td><td>\ud83c\udfbb Festival Internazionale della Musica delle Canarie<\/td><td>42\u00aa edizione. Orchestre e solisti di fama mondiale all&#8217;Auditorio Ad\u00e1n Mart\u00edn \u2014 pensa a Gustavo Dudamel, Yuja Wang, Jacob Collier.<\/td><\/tr><tr><td><a href=\"#fito\"><strong>\ud83d\udd17 14 Mar<\/strong><\/a><\/td><td>\ud83c\udfb8 Fito y Fitipaldis \u2014 Tour Aullidos<\/td><td>Uno dei gruppi rock pi\u00f9 amati della Spagna. Energia blues-rock grezza al Recinto Ferial.<\/td><\/tr><tr><td><a href=\"#laura-pausini\"><strong>\ud83d\udd17 29 mar<\/strong><\/a><\/td><td>\ud83c\udfa4 Laura Pausini \u2014 Yo Canto World Tour<\/td><td>Superstar pop italiano, Los Cristianos. Grande affluenza, grandi emozioni, una serata fantastica.<\/td><\/tr><tr><td><a href=\"#lost-nomads\"><strong>\ud83d\udd17 4 Apr<\/strong><\/a><\/td><td>\ud83d\udd25 Nomadi Perduti Tenerife<\/td><td>Prima edizione a Tenerife. Evento elettronico premium che spazia dal giorno alla notte, con pedigree di Ibiza\/Dubai.<\/td><\/tr><tr><td><a href=\"#las-rocas\"><strong>\ud83d\udd17 In corso<\/strong><\/a><\/td><td>\ud83c\udf0a Le Sessioni del Las Rocas Beach Club<\/td><td>Sessioni elettroniche al beach club tutto l&#8217;anno. Notti con marchi TUMBAO e AGUASANTA \u2014 vista Atlantico inclusa!<\/td><\/tr><tr><td><a href=\"#la-misa\"><strong>\ud83d\udd17 Primavera (da confermare)<\/strong><\/a><\/td><td>\ud83d\udda4 La Misa<\/td><td>Festival techno cult. Dress code tutto nero, estetica quasi religiosa, pedigree di Carl Cox \/ Marco Carola.<\/td><\/tr><tr><td><a href=\"#mueca\"><strong>\ud83d\udd17 Maggio (TBC)<\/strong><\/a><\/td><td>\ud83c\udfaa Festival delle Arti di Strada MUECA<\/td><td>22\u00aa edizione. Quattro giorni di teatro, circo e musica internazionale gratuiti a Puerto de la Cruz.<\/td><\/tr><tr><td><a href=\"#tenerife-music-festival\"><strong>\ud83d\udd17 12-13 giu<\/strong><\/a><\/td><td>\ud83c\udfb5 Festival della Musica di Tenerife<\/td><td>Festival pop\/urbano di due giorni al porto di Santa Cruz. In cartellone Rels B, Nathy Peluso, Camilo, Pablo Albor\u00e1n.<\/td><\/tr><tr><td><a href=\"#san-juan\"><strong>\ud83d\udd17 23\u201324 Giugno<\/strong><\/a><\/td><td>\ud83d\udd25 Notte di San Juan<\/td><td>Fal\u00f2 sulla spiaggia in tutta l&#8217;isola. Gratis, autentici, una delle serate migliori dell&#8217;estate canaria.<\/td><\/tr><tr><td><a href=\"#sting\"><strong>\ud83d\udd17 10 Lug<\/strong><\/a><\/td><td>\ud83c\udfb8 Sting \u2014 Tour STING 3.0<\/td><td>Un&#8217;icona che fa uno show intimo all&#8217;aperto all&#8217;Anexo Palmetum. Questo si esaurir\u00e0 in un attimo!<\/td><\/tr><tr><td><a href=\"#canarias-jazz\"><strong>\ud83d\udd17 Luglio (da confermare)<\/strong><\/a><\/td><td>\ud83c\udfb7 Festival Canarias Jazz &amp; M\u00e1s \u2014 35\u00aa edizione<\/td><td>Jacob Collier in testa al cartellone. Credibilit\u00e0 jazz seria all&#8217;Auditorio Ad\u00e1n Mart\u00edn.<\/td><\/tr><tr><td><a href=\"#bresh\"><strong>\ud83d\udd17 Estate (da confermare)<\/strong><\/a><\/td><td>\ud83d\udc96 BRESH Tenerife<\/td><td>&#8220;La festa pi\u00f9 bella del mondo&#8221; \u2014 reggaeton, coriandoli, puro divertimento. I gruppi adorano questo!<\/td><\/tr><tr><td><a href=\"#sunblast\"><strong>\ud83d\udd17 8 ago<\/strong><\/a><\/td><td>\ud83d\ude80 Festival Sunblast<\/td><td>Il festival elettronico pi\u00f9 grande dell&#8217;isola. Oltre 9 ore, 6-7 palchi, pi\u00f9 di 20.000 persone. Questo \u00e8 il fiore all&#8217;occhiello!<\/td><\/tr><tr><td><a href=\"#phe-festival\"><strong>\ud83d\udd17 4\u20135 set<\/strong><\/a><\/td><td>\ud83c\udfb8 Phe Festival<\/td><td>11\u00aa edizione, indie\/alternativa sul lungomare di Puerto de la Cruz. L&#8217;evento indie pi\u00f9 amato di Tenerife!<\/td><\/tr><tr><td><a href=\"#noctambula\"><strong>\ud83d\udd17 12 Set<\/strong><\/a><\/td><td>\u26a1 Notte in festa<\/td><td>Edizione d&#8217;esordio. La Sinfonia dell&#8217;Unit\u00e0 di Tomorrowland \u2014 l&#8217;UNICA data in Spagna nel 2026. \u00c8 pazzesco!<\/td><\/tr><tr><td><a href=\"#penon-fest\"><strong>\ud83d\udd17 23\u201324 Ott<\/strong><\/a><\/td><td>\ud83e\udd18 Tenerife Pe\u00f1\u00f3n Fest<\/td><td>Festival rock\/indie di due giorni, nuova location a Santa Cruz. Pignoise, Maika Makovski e Carlos Sadness in line-up.<\/td><\/tr><tr><td><a href=\"#elrow-xxl\"><strong>\ud83d\udd17 Ottobre (da confermare)<\/strong><\/a><\/td><td>\ud83c\udfad Elrow XXL<\/td><td>Produzione immersiva con una capacit\u00e0 di oltre 20.000 persone al Golf Costa Adeje. Uno dei pi\u00f9 sfrenati eventi elettronici della Spagna!<\/td><\/tr><\/tbody><\/table><\/figure>\n\n<hr class=\"wp-block-separator has-alpha-channel-opacity\"\/>\n\n<figure class=\"wp-block-image size-full\"><img decoding=\"async\" src=\"https:\/\/nestshostels.com\/wp-content\/uploads\/2026\/03\/image-6.jpeg\" alt=\"Evento di musica elettronica al tramonto al Golf Costa Adeje, Tenerife, Sud Tenerife\"\/><\/figure>\n\n<h2 class=\"wp-block-heading\" id=\"farra-world\">Farra World Tenerife 2026: tutto quello che c&#8217;\u00e8 da sapere sulla stagione!<\/h2>\n\n<p>Se continui a vedere &#8220;Farra World&#8221; accanto a ogni grande evento elettronico nel sud di Tenerife, ecco cosa significa davvero. <strong>Farra World<\/strong> \u00e8 la compagnia di produzione dietro la maggior parte dei grandi eventi elettronici dell&#8217;isola \u2014 Lost Nomads, La Misa, Sunblast, Elrow XXL e le sessioni del Las Rocas Beach Club fanno tutte parte di questo marchio. Condividono uno standard di produzione simile, una geografia del sud di Tenerife simile e un pubblico simile.<\/p>\n\n<p>Per i viaggiatori, \u00e8 davvero utile sapere che una base smart a Costa Adeje ti mette a portata di mano la maggior parte degli eventi elettronici della stagione senza dover cambiare posto. Non stai costruendo un viaggio separato per ogni evento \u2014 stai creando una base a Sud di Tenerife e aggiungendo le date man mano che vengono confermate.<\/p>\n\n<hr class=\"wp-block-separator has-alpha-channel-opacity\"\/>\n\n<h2 class=\"wp-block-heading\" id=\"fimc\">Festival Internazionale della Musica delle Canarie 2026 \ud83c\udfbb<\/h2>\n\n<p>Quella che d\u00e0 il via all&#8217;anno di Tenerife con un vero prestigio. Ora alla sua <strong>42esima edizione<\/strong>, il Festival de M\u00fasica de Canarias offre pi\u00f9 di 60 concerti in tutte le Isole Canarie durante gennaio e febbraio \u2014 e la tappa di Tenerife, ancorata all&#8217;incredibile <strong>Auditorio Ad\u00e1n Mart\u00edn<\/strong>, \u00e8 davvero di livello mondiale. Questa \u00e8 una sala concerti progettata da Santiago Calatrava, situata proprio sul lungomare di Santa Cruz, e il programma del 2026 la riempie di nomi per cui faresti la fila in qualsiasi capitale.<\/p>\n\n<p>Gustavo Dudamel dirige la Bavarian Radio Symphony Orchestra. Yuja Wang con la Mahler Chamber Orchestra. Arcadi Volodos in solo. Estrella Morente. Vadim Repin. Non \u00e8 un evento di nicchia \u2014 \u00e8 un vero e proprio programma di musica classica internazionale che si svolge in un edificio straordinariamente bello affacciato sull&#8217;Atlantico. Se sei a Tenerife a gennaio o febbraio per qualsiasi motivo, vale davvero la pena dedicare una serata a questo!<\/p>\n\n<div class=\"event-meta\">\n  <ul>\n    <li><strong>\ud83d\udcc5 Quando:<\/strong> 8 gennaio \u2013 7 febbraio 2026<\/li>\n    <li><strong>\ud83d\udccd Dove:<\/strong> Auditorio de Tenerife Ad\u00e1n Mart\u00edn, Santa Cruz de Tenerife<\/li>\n    <li><strong>\ud83c\udfb5 Tipo:<\/strong> Classica \/ Orchestrale \/ Musica da camera<\/li>\n    <li><strong>\ud83c\udfa4 Artisti confermati:<\/strong> Gustavo Dudamel + Bavarian Radio Symphony Orchestra \u00b7 Yuja Wang + Mahler Chamber Orchestra \u00b7 Sol Gabetta + Bamberg Symphony \u00b7 Arcadi Volodos \u00b7 Vadim Repin + Sinf\u00f3nica de Tenerife \u00b7 Estrella Morente + Filarm\u00f3nica de Gran Canaria<\/li>\n    <li><strong>\ud83c\udf9f\ufe0f Biglietti:<\/strong> \u20ac10\u2013\u20ac80 \u2014 <a href=\"https:\/\/icdcultural.org\" target=\"_blank\" rel=\"noopener\">icdcultural.org<\/a><\/li>\n    <li><strong>\ud83c\udf10 Sito web:<\/strong> <a href=\"https:\/\/icdcultural.org\" target=\"_blank\" rel=\"noopener\">icdcultural.org<\/a><\/li>\n    <li><strong>\ud83d\udcf8 Instagram:<\/strong> <a href=\"https:\/\/instagram.com\/icdcultural\" target=\"_blank\" rel=\"noopener\">@icdcultural<\/a><\/li>\n    <li><strong>\u2705 Stato:<\/strong> Confermato \u2014 42\u00aa edizione, programma completo pubblicato<\/li>\n    <li><strong>\ud83d\udca1 Extra:<\/strong> I concerti principali si esauriscono rapidamente. L&#8217;Auditorio \u00e8 a 10 minuti a piedi dal lungomare di Santa Cruz \u2014 combina con una cena in citt\u00e0 prima.<\/li>\n<\/ul>\n<\/div>\n\n<hr class=\"wp-block-separator has-alpha-channel-opacity\"\/>\n\n<h2 class=\"wp-block-heading\" id=\"fito\">Fito e Fitipaldis \u2014 Aullidos Tour \ud83c\udfb8<\/h2>\n\n<p>Prima che l&#8217;estate prenda davvero piede, Tenerife si prepara a una notte rock di marzo che il pubblico di lingua spagnola sar\u00e0 assolutamente pronto ad affrontare. <strong>Fito y Fitipaldis<\/strong> sono uno dei gruppi rock pi\u00f9 amati in Spagna \u2014 quel tipo di band dove tutti nella sala conoscono ogni parola e l&#8217;atmosfera \u00e8 pi\u00f9 simile a una finale di calcio che a un concerto. Il loro rock influenzato dal blues e i testi che ti colpiscono dritto al cuore hanno creato una fanbase che viaggia, e Tenerife \u00e8 una tappa irresistibile.<\/p>\n\n<div class=\"event-meta\">\n  <ul>\n    <li><strong>\ud83d\udcc5 Quando:<\/strong> 14 marzo 2026<\/li>\n    <li><strong>\ud83d\udccd Dove:<\/strong> Recinto Ferial de Tenerife, Santa Cruz de Tenerife<\/li>\n    <li><strong>\ud83c\udfb5 Tipo:<\/strong> Rock \/ Blues Rock<\/li>\n    <li><strong>\ud83c\udfa4 Artista:<\/strong> Fito y Fitipaldis<\/li>\n    <li><strong>\ud83c\udf9f\ufe0f Biglietti:<\/strong> \u20ac30\u2013\u20ac75 \u2014 <a href=\"https:\/\/www.canariasviaja.com\" target=\"_blank\" rel=\"noopener\">canariasviaja.com<\/a><\/li>\n    <li><strong>\ud83d\udcf8 Instagram:<\/strong> <a href=\"https:\/\/instagram.com\/fitoyfitipaldis\" target=\"_blank\" rel=\"noopener\">@fitoyfitipaldis<\/a><\/li>\n    <li><strong>\u2705 Stato:<\/strong> Confermato<\/li>\n    <li><strong>\ud83d\udca1 Extra:<\/strong> Parte del loro Aullidos Tour 2025\/26. I fan del rock spagnolo non dovrebbero lasciarselo sfuggire.<\/li>\n<\/ul>\n<\/div>\n\n<hr class=\"wp-block-separator has-alpha-channel-opacity\"\/>\n\n<h2 class=\"wp-block-heading\" id=\"laura-pausini\">Laura Pausini \u2014 Yo Canto World Tour \ud83c\udfa4<\/h2>\n\n<p>Uno dei nomi pi\u00f9 grandi della pop italiana porta il suo tour mondiale a sud di Tenerife alla fine di marzo. Il fanbase di Laura Pausini nelle Isole Canarie \u00e8 enorme \u2014 e il suo pubblico italiano, che rappresenta uno dei mercati internazionali pi\u00f9 forti dell&#8217;arcipelago, sar\u00e0 presente in massa. Se nel tuo gruppo ci sono amanti dei festival e dei grandi concerti pop, questa \u00e8 un&#8217;ottima data da segnare in calendario!<\/p>\n\n<div class=\"event-meta\">\n  <ul>\n    <li><strong>\ud83d\udcc5 Quando:<\/strong> 29 marzo 2026<\/li>\n    <li><strong>\ud83d\udccd Dove:<\/strong> Los Cristianos, Tenerife (luogo esatto da confermare)<\/li>\n    <li><strong>\ud83c\udfb5 Tipo:<\/strong> Concerto pop<\/li>\n    <li><strong>\ud83c\udfa4 Artista:<\/strong> Laura Pausini<\/li>\n    <li><strong>\ud83c\udf9f\ufe0f Biglietti:<\/strong> \u20ac40\u2013\u20ac100 \u2014 <a href=\"https:\/\/www.canariasviaja.com\" target=\"_blank\" rel=\"noopener\">canariasviaja.com<\/a><\/li>\n    <li><strong>\ud83d\udcf8 Instagram:<\/strong> <a href=\"https:\/\/instagram.com\/laurapausini\" target=\"_blank\" rel=\"noopener\">@laurapausini<\/a><\/li>\n    <li><strong>\u2705 Stato:<\/strong> Confermato \u2014 luogo esatto a Los Cristianos da confermare<\/li>\n    <li><strong>\ud83d\udca1 Extra:<\/strong> Los Cristianos \u00e8 nel sud \u2014 se sei gi\u00e0 nella zona di Costa Adeje per la stagione del festival, questo \u00e8 un&#8217;aggiunta naturale.<\/li>\n<\/ul>\n<\/div>\n\n<hr class=\"wp-block-separator has-alpha-channel-opacity\"\/>\n\n<h2 class=\"wp-block-heading\" id=\"lost-nomads\">Lost Nomads Tenerife \u2014 4 aprile 2026 \ud83d\udd25<\/h2>\n\n<p>L&#8217;evento che d\u00e0 il via alla stagione elettronica del Sud di Tenerife come si deve. <strong>Lost Nomads<\/strong> ha costruito una reputazione seria attraverso edizioni a Ibiza, Marrakech e Dubai \u2014 produzione premium, lineup internazionale curata, e una folla che si presenta per ascoltare tanto quanto per ballare. Il 4 aprile segna la sua <strong>prima edizione a Tenerife<\/strong>, e si presenta con un formato a doppia sede che vale la pena capire prima di prenotare.<\/p>\n\n<p>La sessione diurna (<strong>Solar<\/strong>) si tiene al Golf Costa Adeje \u2014 all&#8217;aperto, sotto il sole pomeridiano, con l&#8217;Atlantico sullo sfondo. Poi, quando cala il buio, la folla si sposta al <strong>Magma Arte &amp; Congresos<\/strong> per la sessione notturna Lunare: un ambiente indoor progettato per l&#8217;occasione, con illuminazione e sound design all&#8217;altezza. \u00c8 un&#8217;esperienza che va dal giorno alla notte, pensata con cura, non solo assemblata alla bell&#8217;e meglio. Se arrivi a Tenerife per questo weekend e ti fermi qualche giorno in pi\u00f9, stai facendo la cosa giusta. \ud83c\udf05<\/p>\n\n<div class=\"event-meta\">\n  <ul>\n    <li><strong>\ud83d\udcc5 Quando:<\/strong> 4 aprile 2026<\/li>\n    <li><strong>\ud83d\udccd Dove:<\/strong> Golf Costa Adeje (Solar, giorno) + Magma Arte &#038; Congresos (Lunar, notte) \u2014 Costa Adeje<\/li>\n    <li><strong>\ud83c\udfb5 Tipo:<\/strong> Evento elettronico \/ esperienza premium<\/li>\n    <li><strong>\ud83c\udfa4 Lineup:<\/strong> TBC \u2014 edizioni precedenti (Ibiza): nomi elettronici di livello mondiale in tutti i sottogeneri<\/li>\n    <li><strong>\ud83c\udf9f\ufe0f Biglietti:<\/strong> TBC \u2014 <a href=\"https:\/\/farra.world\/lost-nomads-tenerife\" target=\"_blank\" rel=\"noopener\">farra.world\/lost-nomads-tenerife<\/a><\/li>\n    <li><strong>\ud83c\udf10 Sito web:<\/strong> <a href=\"https:\/\/farra.world\/lost-nomads-tenerife\" target=\"_blank\" rel=\"noopener\">farra.world\/lost-nomads-tenerife<\/a><\/li>\n    <li><strong>\ud83d\udcf8 Instagram:<\/strong> <a href=\"https:\/\/instagram.com\/lostnomadsfest\" target=\"_blank\" rel=\"noopener\">@lostnomadsfest<\/a><\/li>\n    <li><strong>\u2705 Stato:<\/strong> Confermato \u2014 prima edizione di Tenerife, organizzata da Farra World<\/li>\n    <li><strong>\ud83d\udca1 Extra:<\/strong> Le edizioni precedenti a Ibiza sono andate esaurite rapidamente. Tieni d&#8217;occhio i canali di Farra World per annunci sulla lineup e non lasciare l&#8217;acquisto dei biglietti all&#8217;ultimo momento.<\/li>\n<\/ul>\n<\/div>\n\n<figure class=\"wp-block-embed is-type-video is-provider-youtube wp-block-embed-youtube wp-embed-aspect-16-9 wp-has-aspect-ratio\"><div class=\"wp-block-embed__wrapper\">\n<iframe loading=\"lazy\" title=\"Lost Nomads\" width=\"500\" height=\"281\" src=\"https:\/\/www.youtube.com\/embed\/ro7OkBkJ5XQ?feature=oembed\" frameborder=\"0\" allow=\"accelerometer; autoplay; clipboard-write; encrypted-media; gyroscope; picture-in-picture; web-share\" referrerpolicy=\"strict-origin-when-cross-origin\" allowfullscreen><\/iframe>\n<\/div><\/figure>\n\n<hr class=\"wp-block-separator has-alpha-channel-opacity\"\/>\n\n<h2 class=\"wp-block-heading\" id=\"las-rocas\">Las Rocas Beach Club Sessions \u2014 in corso \ud83c\udf0a<\/h2>\n\n<p>Non \u00e8 un singolo evento, ma una serie ricorrente che vale la pena conoscere. <strong>Las Rocas Beach Club<\/strong> a Costa Adeje (Calle Gran Breta\u00f1a 5) \u00e8 il luogo di Farra World che va avanti per tutta la stagione \u2014 sessioni a tema come <strong>TUMBAO<\/strong> e <strong>AGUASANTA<\/strong> portano DJ internazionali in un&#8217;atmosfera intima di beach club dove l&#8217;Atlantico \u00e8 praticamente parte della produzione. Se sei nel sud e vuoi passare una serata che non richiede un impegno da festival, questo \u00e8 il posto da non perdere.<\/p>\n\n<div class=\"event-meta\">\n  <ul>\n    <li><strong>\ud83d\udcc5 Quando:<\/strong> Tutto l&#8217;anno 2026 \u2014 date specifiche annunciate per sessione tramite social media<\/li>\n    <li><strong>\ud83d\udccd Dove:<\/strong> Las Rocas Beach Club, Calle Gran Breta\u00f1a 5, Costa Adeje<\/li>\n    <li><strong>\ud83c\udfb5 Tipo:<\/strong> Elettronica \/ House \u2014 serie di sessioni al beach club<\/li>\n    <li><strong>\ud83c\udfa4 Lineup:<\/strong> DJ internazionali a rotazione \u2014 notti marchiate TUMBAO e AGUASANTA<\/li>\n    <li><strong>\ud83c\udf9f\ufe0f Biglietti:<\/strong> \u20ac10\u2013\u20ac30 \u2014 <a href=\"https:\/\/farra.world\/las-rocas-beach-club\" target=\"_blank\" rel=\"noopener\">farra.world\/las-rocas-beach-club<\/a><\/li>\n    <li><strong>\ud83c\udf10 Sito web:<\/strong> <a href=\"https:\/\/lasrocasbeachclub.com\" target=\"_blank\" rel=\"noopener\">lasrocasbeachclub.com<\/a><\/li>\n    <li><strong>\ud83d\udcf8 Instagram:<\/strong> <a href=\"https:\/\/instagram.com\/lasrocasbeachclub\" target=\"_blank\" rel=\"noopener\">@lasrocasbeachclub<\/a><\/li>\n    <li><strong>\ud83d\udd04 Stato:<\/strong> Serie in corso \u2014 segui i canali social per le date degli eventi singoli<\/li>\n    <li><strong>\ud83d\udca1 Extra:<\/strong> A pochi passi dal Duque Nest Hostel a Costa Adeje. Perfetto per una serata improvvisata a met\u00e0 viaggio senza pianificazione preventiva.<\/li>\n<\/ul>\n<\/div>\n\n<hr class=\"wp-block-separator has-alpha-channel-opacity\"\/>\n\n<h2 class=\"wp-block-heading\" id=\"la-misa\">La Misa \u2014 Primavera 2026 \ud83d\udda4<\/h2>\n\n<p>Non c&#8217;\u00e8 niente di simile a questo. <strong>La Misa<\/strong> \u00e8 un evento techno cult costruito attorno a un rigoroso <strong>dress code tutto nero<\/strong> e a un&#8217;estetica deliberatamente teatrale: immagina luci immersive, riferimenti visivi religiosi e una folla che prende tutto sul serio. La produzione \u00e8 senza compromessi e le lineup sono state davvero straordinarie: Carl Cox, Marco Carola, Joseph Capriati, Mochakk. Se il techno underground \u00e8 il tuo mondo, questo \u00e8 uno degli eventi che pianifichi attorno.<\/p>\n\n<p>La data esatta per il 2026 non \u00e8 ancora stata annunciata \u2014 La Misa di solito conferma intorno al periodo di Pasqua e storicamente si \u00e8 svolta ad aprile o giugno. Segui i canali di Farra World e preparati a muoverti in fretta quando arriver\u00e0, perch\u00e9 i biglietti vanno a ruba!<\/p>\n\n<div class=\"event-meta\">\n  <ul>\n    <li><strong>\ud83d\udcc5 Quando:<\/strong> Primavera 2026 \u2014 data esatta da confermare (storicamente aprile \/ inizio estate)<\/li>\n    <li><strong>\ud83d\udccd Dove:<\/strong> Golf Costa Adeje, Costa Adeje<\/li>\n    <li><strong>\ud83c\udfb5 Tipo:<\/strong> Techno \/ Tech House \/ Elettronica underground<\/li>\n    <li><strong>\ud83c\udfa4 Headliner precedenti:<\/strong> Carl Cox \u00b7 Marco Carola \u00b7 Joseph Capriati \u00b7 Mochakk<\/li>\n    <li><strong>\ud83c\udf9f\ufe0f Biglietti:<\/strong> \u20ac30\u2013\u20ac80 \u2014 <a href=\"https:\/\/farra.world\/la-misa\" target=\"_blank\" rel=\"noopener\">farra.world\/la-misa<\/a><\/li>\n    <li><strong>\ud83c\udf10 Sito web:<\/strong> <a href=\"https:\/\/lamisafestival.com\" target=\"_blank\" rel=\"noopener\">lamisafestival.com<\/a><\/li>\n    <li><strong>\ud83d\udcf8 Instagram:<\/strong> <a href=\"https:\/\/instagram.com\/lamisafestival\" target=\"_blank\" rel=\"noopener\">@lamisafestival<\/a><\/li>\n    <li><strong>\u23f3 Stato:<\/strong> Atteso \u2014 data del 2026 ancora da confermare. Ottimo storico di pi\u00f9 anni.<\/li>\n    <li><strong>\ud83d\udca1 Extra:<\/strong> Il codice di abbigliamento \u00e8 TUTTO NERO \u2014 rigorosamente applicato. Non negoziabile, non opzionale.<\/li>\n<\/ul>\n<\/div>\n\n<figure class=\"wp-block-embed is-type-video is-provider-youtube wp-block-embed-youtube wp-embed-aspect-16-9 wp-has-aspect-ratio\"><div class=\"wp-block-embed__wrapper\">\n<iframe loading=\"lazy\" title=\"LA MISA FESTIVAL - FARRAWORLD - TENERIFE\" width=\"500\" height=\"281\" src=\"https:\/\/www.youtube.com\/embed\/Yob73SQEpe8?feature=oembed\" frameborder=\"0\" allow=\"accelerometer; autoplay; clipboard-write; encrypted-media; gyroscope; picture-in-picture; web-share\" referrerpolicy=\"strict-origin-when-cross-origin\" allowfullscreen><\/iframe>\n<\/div><\/figure>\n\n<hr class=\"wp-block-separator has-alpha-channel-opacity\"\/>\n\n<h2 class=\"wp-block-heading\" id=\"mueca\">Festival Internazionale delle Arti di Strada MUECA \u2014 Maggio 2026 \ud83c\udfaa<\/h2>\n\n<p>Qualcosa di completamente diverso e davvero speciale. Per la sua <strong>22esima edizione<\/strong>, MUECA trasforma le strade e gli spazi pubblici di Puerto de la Cruz in un palcoscenico all&#8217;aperto per quattro giorni \u2014 compagnie internazionali portano teatro, circo, clown, danza e musica dal vivo in una citt\u00e0 che gestisce tutto questo in modo fantastico. \u00c8 gratis. Tutto quanto \u00e8 gratis. Basta presentarsi e perdersi tra le performance.<\/p>\n\n<p>Se sei gi\u00e0 nel nord per il Phe Festival a settembre, vale la pena sapere che questo \u00e8 l&#8217;altro grande evento culturale gratuito a Puerto de la Cruz. Ma MUECA a maggio ha una sua logica \u2014 il clima si scalda, la citt\u00e0 \u00e8 ancora relativamente calma e gli spettacoli sono diversi quando guardi il circo in una piazza coloniale. \ud83c\udfad<\/p>\n\n<div class=\"event-meta\">\n  <ul>\n    <li><strong>\ud83d\udcc5 Quando:<\/strong> Maggio 2026 \u2014 date esatte TBC (storicamente inizio maggio)<\/li>\n    <li><strong>\ud83d\udccd Dove:<\/strong> Strade e spazi pubblici in tutto Puerto de la Cruz<\/li>\n    <li><strong>\ud83c\udfb5 Tipo:<\/strong> Arti di strada \/ Teatro \/ Circo \/ Danza \/ Musica<\/li>\n    <li><strong>\ud83c\udfa4 Lineup:<\/strong> Compagnie internazionali di arti di strada (TBC per edizione)<\/li>\n    <li><strong>\ud83c\udf9f\ufe0f Biglietti:<\/strong> Entrata gratuita \u2014 tutte le performance all&#8217;aperto e aperte a tutti<\/li>\n    <li><strong>\ud83d\udcf8 Instagram:<\/strong> <a href=\"https:\/\/instagram.com\/muecafestival\" target=\"_blank\" rel=\"noopener\">@muecafestival<\/a><\/li>\n    <li><strong>\u23f3 Stato:<\/strong> Atteso \u2014 22\u00aa edizione. Nessuna data specifica del 2026 confermata ancora. Finanziato dal Cabildo de Tenerife.<\/li>\n    <li><strong>\ud83d\udca1 Extra:<\/strong> Puerto Nest Hostel \u00e8 a distanza di camminata dall&#8217;area del festival. Completamente gratuito e adatto per famiglie \u2014 ottimo per una deviazione culturale a met\u00e0 viaggio.<\/li>\n<\/ul>\n<\/div>\n\n<figure class=\"wp-block-embed is-type-video is-provider-youtube wp-block-embed-youtube wp-embed-aspect-16-9 wp-has-aspect-ratio\"><div class=\"wp-block-embed__wrapper\">\n<iframe loading=\"lazy\" title=\"MUECA - Street Art Festival in Puerto de la Cruz, Tenerife\" width=\"500\" height=\"281\" src=\"https:\/\/www.youtube.com\/embed\/tqXmS5Mphb4?feature=oembed\" frameborder=\"0\" allow=\"accelerometer; autoplay; clipboard-write; encrypted-media; gyroscope; picture-in-picture; web-share\" referrerpolicy=\"strict-origin-when-cross-origin\" allowfullscreen><\/iframe>\n<\/div><\/figure>\n\n<hr class=\"wp-block-separator has-alpha-channel-opacity\"\/>\n\n<h2 class=\"wp-block-heading\" id=\"tenerife-music-festival\">Festival Musicale di Tenerife \u2014 12-13 Giugno 2026 \ud83c\udfb5<\/h2>\n\n<figure class=\"wp-block-image size-full\"><img decoding=\"async\" src=\"https:\/\/nestshostels.com\/wp-content\/uploads\/2026\/03\/image-7.jpeg\" alt=\"Sessione di musica elettronica al Las Rocas Beach Club, Costa Adeje, Tenerife\"\/><\/figure>\n\n<p>Due notti al <strong>porto di Santa Cruz<\/strong>, all&#8217;aperto, con uno dei lineup pop e urban pi\u00f9 forti che troverai sull&#8217;isola nel 2026. Il Farra World&#8217;s Tenerife Music Festival divide la sua programmazione in modo netto: Giorno 1 (12 giugno) si concentra su urban e latino \u2014 <strong>Rels B, Nathy Peluso, Club Grasa, El Arrebato<\/strong>. Giorno 2 (13 giugno) si sposta verso il pop spagnolo mainstream \u2014 <strong>Camilo, Pablo Albor\u00e1n, Ana Mena, Iv\u00e1n Ferreiro<\/strong>. Due vibe completamente diverse, il che rende questo pass per due giorni particolarmente flessibile per gruppi con gusti misti.<\/p>\n\n<p>L&#8217;ambientazione del porto fa il grosso del lavoro \u2014 calda notte di giugno, aria di mare e vista sullo skyline. Questo \u00e8 il tipo di spettacolo che dal vivo \u00e8 molto meglio di quanto sembri su un poster. I biglietti sono gi\u00e0 in vendita su tickety.es.<\/p>\n\n<div class=\"event-meta\">\n  <ul>\n    <li><strong>\ud83d\udcc5 Quando:<\/strong> 12\u201313 Giugno 2026<\/li>\n    <li><strong>\ud83d\udccd Dove:<\/strong> Porto di Santa Cruz de Tenerife (zona portuale all&#8217;aperto)<\/li>\n    <li><strong>\ud83c\udfb5 Tipo:<\/strong> Pop \/ Latino \/ Urbano \u2014 festival di due giorni<\/li>\n    <li><strong>\ud83c\udfa4 Giorno 1 (12 Giugno):<\/strong> Rels B \u00b7 Nathy Peluso \u00b7 Club Grasa \u00b7 El Arrebato<\/li>\n    <li><strong>\ud83c\udfa4 Giorno 2 (13 Giugno):<\/strong> Camilo \u00b7 Pablo Albor\u00e1n \u00b7 Ana Mena \u00b7 Iv\u00e1n Ferreiro<\/li>\n    <li><strong>\ud83c\udf9f\ufe0f Biglietti:<\/strong> \u20ac30\u2013\u20ac75 \u2014 <a href=\"https:\/\/tickety.es\" target=\"_blank\" rel=\"noopener\">tickety.es<\/a><\/li>\n    <li><strong>\ud83c\udf10 Sito web:<\/strong> <a href=\"https:\/\/farra.world\" target=\"_blank\" rel=\"noopener\">farra.world<\/a><\/li>\n    <li><strong>\ud83d\udcf8 Instagram:<\/strong> <a href=\"https:\/\/www.instagram.com\/tenerifemusicfestival\/\" target=\"_blank\" rel=\"noopener\">https:\/\/www.instagram.com\/tenerifemusicfestival\/<\/a> &#8211; <a href=\"https:\/\/instagram.com\/farraworld\" target=\"_blank\" rel=\"noopener\">@farraworld<\/a><\/li>\n    <li><strong>\u2705 Stato:<\/strong> Confermato \u2014 lineup e date pubblicate, biglietti in vendita<\/li>\n    <li><strong>\ud83d\udca1 Extra:<\/strong> Il Giorno 1 \u00e8 perfetto per gli amanti dell&#8217;urban\/latino; il Giorno 2 \u00e8 puro pop spagnolo mainstream. Compra entrambi i giorni se il tuo gruppo ha gusti misti \u2014 l&#8217;esperienza \u00e8 completamente diversa ogni sera.<\/li>\n<\/ul>\n<\/div>\n\n<figure class=\"wp-block-embed is-type-video is-provider-youtube wp-block-embed-youtube wp-embed-aspect-16-9 wp-has-aspect-ratio\"><div class=\"wp-block-embed__wrapper\">\n<iframe loading=\"lazy\" title=\"TENERIFE MUSIC FESTIVAL - 12 Y 13 DE JUNIO 2026\" width=\"500\" height=\"281\" src=\"https:\/\/www.youtube.com\/embed\/mQH6ae7KnJ4?feature=oembed\" frameborder=\"0\" allow=\"accelerometer; autoplay; clipboard-write; encrypted-media; gyroscope; picture-in-picture; web-share\" referrerpolicy=\"strict-origin-when-cross-origin\" allowfullscreen><\/iframe>\n<\/div><\/figure>\n\n<hr class=\"wp-block-separator has-alpha-channel-opacity\"\/>\n\n<h2 class=\"wp-block-heading\" id=\"san-juan\">Notte di San Juan \u2014 23-24 Giugno \ud83d\udd25<\/h2>\n\n<p>Non \u00e8 un festival a pagamento. \u00c8 meglio. La <strong>Noche de San Juan<\/strong> (Notte di Mezza Estate) \u00e8 una di quelle tradizioni spagnole cos\u00ec radicate nella cultura che non ha bisogno di effetti speciali \u2014 ogni spiaggia di Tenerife si riempie di persone a mezzanotte, si accendono fal\u00f2 e la tradizione di saltare sopra le fiamme \u00e8 presa molto sul serio. \u00c8 gratis, avviene su tutta l&#8217;isola ed \u00e8 una delle notti pi\u00f9 suggestive che puoi vivere a Tenerife se ti trovi l\u00ec. \ud83c\udf19<\/p>\n\n<div class=\"event-meta\">\n  <ul>\n    <li><strong>\ud83d\udcc5 Quando:<\/strong> 23\u201324 Giugno 2026<\/li>\n    <li><strong>\ud83d\udccd Dove:<\/strong> Spiagge di Tenerife \u2014 i posti pi\u00f9 popolari includono Playa de las Teresitas (Santa Cruz) e Playa de Los Cristianos (sud)<\/li>\n    <li><strong>\ud83c\udfb5 Tipo:<\/strong> Celebrazione tradizionale \/ Culturale<\/li>\n    <li><strong>\ud83c\udf9f\ufe0f Biglietti:<\/strong> Gratuiti \u2014 nessun biglietto richiesto<\/li>\n    <li><strong>\u23f3 Stato:<\/strong> Tradizione annuale \u2014 data fissa ogni anno (23\u201324 Giugno)<\/li>\n    <li><strong>\ud83d\udca1 Extra:<\/strong> Salta su un fal\u00f2 a mezzanotte per portare fortuna. Davvero. Non \u00e8 negoziabile. \ud83d\udd25<\/li>\n<\/ul>\n<\/div>\n\n<figure class=\"wp-block-embed is-type-video is-provider-youtube wp-block-embed-youtube wp-embed-aspect-16-9 wp-has-aspect-ratio\"><div class=\"wp-block-embed__wrapper\">\n<iframe loading=\"lazy\" title=\"Noche de San Juan 2024: Una Noche M\u00e1gica en El M\u00e9dano, Tenerife | Tradiciones y Fuegos Artificiales\" width=\"500\" height=\"281\" src=\"https:\/\/www.youtube.com\/embed\/t1mUGhSEgyc?feature=oembed\" frameborder=\"0\" allow=\"accelerometer; autoplay; clipboard-write; encrypted-media; gyroscope; picture-in-picture; web-share\" referrerpolicy=\"strict-origin-when-cross-origin\" allowfullscreen><\/iframe>\n<\/div><\/figure>\n\n<hr class=\"wp-block-separator has-alpha-channel-opacity\"\/>\n\n<h2 class=\"wp-block-heading\" id=\"sting\">Sting \u2014 Tour STING 3.0 \ud83c\udfb8<\/h2>\n\n<p>Tra il Jazz Festival e il culmine dell&#8217;estate, Tenerife ospita uno dei nomi pi\u00f9 iconici della musica. <strong>Il tour mondiale STING 3.0 di Sting<\/strong> arriva all&#8217;<strong>Anexo Palmetum<\/strong> a Santa Cruz il 10 luglio \u2014 il giorno dopo la sua data a Gran Canaria, il che significa che \u00e8 un vero tour tra le due isole delle Canarie per chiunque voglia seguirlo. \u00c8 un evento all&#8217;aperto, \u00e8 luglio e c&#8217;\u00e8 Sting. Le canzoni classiche suoneranno esattamente come hai bisogno che suonino. \ud83c\udf1f<\/p>\n\n<figure class=\"wp-block-image size-large\"><img loading=\"lazy\" decoding=\"async\" width=\"1024\" height=\"440\" src=\"https:\/\/nestshostels.com\/wp-content\/uploads\/2026\/03\/sting-1024x440.jpg\" alt=\"Sting &#x2014; Tour STING 3.0 &#x1F3B8;\" class=\"wp-image-22384\" srcset=\"https:\/\/nestshostels.com\/wp-content\/uploads\/2026\/03\/sting-1024x440.jpg 1024w, https:\/\/nestshostels.com\/wp-content\/uploads\/2026\/03\/sting-300x129.jpg 300w, https:\/\/nestshostels.com\/wp-content\/uploads\/2026\/03\/sting-768x330.jpg 768w, https:\/\/nestshostels.com\/wp-content\/uploads\/2026\/03\/sting.jpg 1408w\" sizes=\"auto, (max-width: 1024px) 100vw, 1024px\" \/><\/figure>\n\n<div class=\"event-meta\">\n  <ul>\n    <li><strong>\ud83d\udcc5 Quando:<\/strong> 10 luglio 2026<\/li>\n    <li><strong>\ud83d\udccd Dove:<\/strong> Anexo Palmetum, Santa Cruz de Tenerife<\/li>\n    <li><strong>\ud83c\udfb5 Tipo:<\/strong> Concerto Pop \/ Rock<\/li>\n    <li><strong>\ud83c\udfa4 Artista:<\/strong> Sting<\/li>\n    <li><strong>\ud83c\udf9f\ufe0f Biglietti:<\/strong> \u20ac50\u2013\u20ac120 \u2014 <a href=\"https:\/\/www.canariasviaja.com\" target=\"_blank\" rel=\"noopener\">canariasviaja.com<\/a><\/li>\n    <li><strong>\ud83d\udcf8 Instagram:<\/strong> <a href=\"https:\/\/instagram.com\/theofficialsting\" target=\"_blank\" rel=\"noopener\">@theofficialsting<\/a><\/li>\n    <li><strong>\u2705 Stato:<\/strong> Confermato<\/li>\n    <li><strong>\ud83d\udca1 Extra:<\/strong> La data di Gran Canaria \u00e8 il 9 luglio. Se stai facendo un tour delle isole quella settimana, puoi partecipare a entrambi.<\/li>\n<\/ul>\n<\/div>\n\n<hr class=\"wp-block-separator has-alpha-channel-opacity\"\/>\n\n<h2 class=\"wp-block-heading\" id=\"canarias-jazz\">Festival Internacional Canarias Jazz &amp; M\u00e1s \u2014 Luglio 2026 \ud83c\udfb7<\/h2>\n\n<figure class=\"wp-block-image size-large\"><img loading=\"lazy\" decoding=\"async\" width=\"1024\" height=\"505\" src=\"https:\/\/nestshostels.com\/wp-content\/uploads\/2026\/03\/jazz-1024x505.jpg\" alt=\"Festival Internacional Canarias Jazz &amp; M&#xE1;s &#x2014; Luglio 2026 &#x1F3B7;\" class=\"wp-image-22389\" srcset=\"https:\/\/nestshostels.com\/wp-content\/uploads\/2026\/03\/jazz-1024x505.jpg 1024w, https:\/\/nestshostels.com\/wp-content\/uploads\/2026\/03\/jazz-300x148.jpg 300w, https:\/\/nestshostels.com\/wp-content\/uploads\/2026\/03\/jazz-768x379.jpg 768w, https:\/\/nestshostels.com\/wp-content\/uploads\/2026\/03\/jazz.jpg 1053w\" sizes=\"auto, (max-width: 1024px) 100vw, 1024px\" \/><\/figure>\n\n<p>Trentacinque edizioni e ancora concerti che farebbero il tutto esaurito ovunque in Europa. Il festival <strong>Canarias Jazz &amp; M\u00e1s<\/strong> si svolge su pi\u00f9 isole, ma la tappa di Tenerife \u2014 all&#8217;<strong>Auditorio Ad\u00e1n Mart\u00edn<\/strong> \u2014 \u00e8 dove si trovano i grandi nomi. Quest&#8217;anno il protagonista \u00e8 <strong>Jacob Collier<\/strong>, che si esibir\u00e0 con l&#8217;Orquesta Filarm\u00f3nica de Gran Canaria in un concerto che promette di essere proprio quel tipo di evento spettacolare per cui \u00e8 diventato famoso. Suoner\u00e0 a Gran Canaria il 21 luglio e a Tenerife il 22 luglio.<\/p>\n\n<p>Il resto del programma include i Yellowjackets, Tigran Hamasyan e Luc\u00eda Rey. Oltre ai concerti a pagamento in auditorium, ci sono di solito eventi gratuiti all&#8217;aperto programmati durante il festival: vale la pena dare un&#8217;occhiata al programma per eventuali novit\u00e0 una volta che sar\u00e0 pubblicato completamente.<\/p>\n\n<div class=\"event-meta\">\n  <ul>\n    <li><strong>\ud83d\udcc5 Quando:<\/strong> Luglio 2026 \u2014 Jacob Collier ha confermato il 22 luglio a Tenerife<\/li>\n    <li><strong>\ud83d\udccd Dove:<\/strong> Auditorio de Tenerife Ad\u00e1n Mart\u00edn, Santa Cruz de Tenerife<\/li>\n    <li><strong>\ud83c\udfb5 Tipo:<\/strong> Jazz \/ Classico crossover \/ Musica del mondo<\/li>\n    <li><strong>\ud83c\udfa4 Artisti confermati:<\/strong> Jacob Collier \u00b7 Yellowjackets \u00b7 Tigran Hamasyan \u00b7 Luc\u00eda Rey<\/li>\n    <li><strong>\ud83c\udf9f\ufe0f Biglietti:<\/strong> \u20ac15\u2013\u20ac60 \u2014 <a href=\"https:\/\/canariasjazz.com\" target=\"_blank\" rel=\"noopener\">canariasjazz.com<\/a><\/li>\n    <li><strong>\ud83c\udf10 Sito web:<\/strong> <a href=\"https:\/\/canariasjazz.com\" target=\"_blank\" rel=\"noopener\">canariasjazz.com<\/a><\/li>\n    <li><strong>\ud83d\udcf8 Instagram:<\/strong> <a href=\"https:\/\/instagram.com\/canariasjazz\" target=\"_blank\" rel=\"noopener\">@canariasjazz<\/a><\/li>\n    <li><strong>\u2705 Stato:<\/strong> 35\u00aa edizione confermata \u2014 programma completo di Tenerife in attesa di pubblicazione<\/li>\n    <li><strong>\ud83d\udca1 Extra:<\/strong> Concerti all&#8217;aperto gratuiti sono solitamente programmati insieme agli eventi a pagamento dell&#8217;auditorio. Vale la pena seguire @canariasjazz per il programma completo.<\/li>\n<\/ul>\n<\/div>\n\n<hr class=\"wp-block-separator has-alpha-channel-opacity\"\/>\n\n<h2 class=\"wp-block-heading\" id=\"bresh\">BRESH Tenerife 2026 \ud83d\udc96<\/h2>\n\n<p>Se vuoi passare una serata che funziona alla grande in gruppo con gusti musicali misti, <strong>BRESH<\/strong> \u00e8 probabilmente la scelta perfetta. La festa auto-dichiarata &#8220;la fiesta m\u00e1s linda del mundo&#8221; \u00e8 un marchio di eventi nato a Buenos Aires che ha portato la sua estetica \u2014 cannoni di coriandoli, produzioni teatrali, reggaeton e pop latino a un volume che rende impossibile non ballare \u2014 in club e location in tutto il mondo. L&#8217;edizione di Tenerife di solito si svolge all&#8217;<strong>Anfiteatro Siam Park<\/strong>, che pu\u00f2 ospitare circa 5.000 persone e si presta perfettamente a questo tipo di serata con produzione completa. \ud83c\udf8a<\/p>\n\n<p>Nessuna data per il 2026 confermata ancora, ma \u00e8 stata una presenza costante nel calendario estivo dell&#8217;isola per diversi anni. Segui l&#8217;Instagram @bresh \u2014 quando viene annunciato, di solito \u00e8 4\u20138 settimane prima dell&#8217;evento e i biglietti vanno via in fretta.<\/p>\n\n<div class=\"event-meta\">\n  <ul>\n    <li><strong>\ud83d\udcc5 Quando:<\/strong> Estate 2026 \u2014 data esatta TBC (storicamente agosto\/settembre)<\/li>\n    <li><strong>\ud83d\udccd Dove:<\/strong> Anfiteatro Siam Park (previsto), Costa Adeje<\/li>\n    <li><strong>\ud83c\udfb5 Tipo:<\/strong> Reggaeton \/ Pop latino \/ Urban<\/li>\n    <li><strong>\ud83c\udf9f\ufe0f Biglietti:<\/strong> \u20ac25\u2013\u20ac60 \u2014 <a href=\"https:\/\/bresh.com\" target=\"_blank\" rel=\"noopener\">bresh.com<\/a><\/li>\n    <li><strong>\ud83c\udf10 Sito web:<\/strong> <a href=\"https:\/\/bresh.com\" target=\"_blank\" rel=\"noopener\">bresh.com<\/a><\/li>\n    <li><strong>\ud83d\udcf8 Instagram:<\/strong> <a href=\"https:\/\/instagram.com\/bresh\" target=\"_blank\" rel=\"noopener\">@bresh<\/a><\/li>\n    <li><strong>\u23f3 Stato:<\/strong> Previsto \u2014 forte presenza a lungo termine a Tenerife. Segui i canali social per l&#8217;annuncio del 2026.<\/li>\n    <li><strong>\ud83d\udca1 Extra:<\/strong> Ottimo per gruppi. L&#8217;atmosfera \u00e8 sociale e inclusiva piuttosto che &#8220;faccia seria da club.&#8221; Vieni pronto a divertirti davvero.<\/li>\n<\/ul>\n<\/div>\n\n<figure class=\"wp-block-image size-full\"><img decoding=\"async\" src=\"https:\/\/nestshostels.com\/wp-content\/uploads\/2026\/03\/ten.jpg\" alt=\"Vista aerea della location del festival Golf Costa Adeje di notte, Tenerife\"\/><\/figure>\n\n<hr class=\"wp-block-separator has-alpha-channel-opacity\"\/>\n\n<h2 class=\"wp-block-heading\" id=\"sunblast\">Festival Sunblast \u2014 8 agosto 2026 \ud83d\ude80<\/h2>\n\n<p>Questo \u00e8 il festival che fa per te. <strong>Sunblast<\/strong> \u00e8 il pi\u00f9 grande festival di musica elettronica delle Isole Canarie \u2014 un evento di un giorno che dura pi\u00f9 di nove ore su <strong>sei o sette palchi<\/strong> al Golf Costa Adeje, con una produzione che lo fa sentire veramente internazionale. L&#8217;edizione del 2025 ha attirato un pubblico visibilmente vario \u2014 spagnoli, tedeschi, italiani, britannici e un gruppo di persone che avevano chiaramente costruito tutta la loro vacanza attorno a questo sabato specifico. \u00c8 proprio il tipo di evento che non puoi perdere.<\/p>\n\n<p>Nelle edizioni passate hanno partecipato <strong>Boris Brejcha, Bad Gyal e Steve Aoki<\/strong> tra i big del festival. La lineup del 2026 non \u00e8 ancora stata svelata, ma la data dell&#8217;8 agosto \u00e8 confermata \u2014 l&#8217;organizzatore Farra World l&#8217;ha annunciata tramite @sunblast_festival prima dell&#8217;inizio della stagione. Prenota il tuo alloggio non appena hai questa data nel tuo calendario, perch\u00e9 Costa Adeje si riempie in fretta quando c&#8217;\u00e8 Sunblast. \ud83d\udd0a<\/p>\n\n<p>Il ritmo che funziona meglio per il weekend di Sunblast: arriva il giorno prima (venerd\u00ec), trascorri il venerd\u00ec in spiaggia e a riposarti, il sabato \u00e8 il festival, la domenica \u00e8 per recuperare completamente nell&#8217;oceano. Non cercare di fare troppo \u2014 il festival stesso \u00e8 il piano.<\/p>\n\n<div class=\"event-meta\">\n  <ul>\n    <li><strong>\ud83d\udcc5 Quando:<\/strong> 8 agosto 2026<\/li>\n    <li><strong>\ud83d\udccd Dove:<\/strong> Golf Costa Adeje, Costa Adeje, Tenerife<\/li>\n    <li><strong>\ud83c\udfb5 Tipo:<\/strong> Festival elettronico \/ Multi-palco \u2014 9+ ore, 6\u20137 palchi<\/li>\n    <li><strong>\ud83c\udfa4 Lineup:<\/strong> TBC \u2014 precedenti headliner: Boris Brejcha \u00b7 Bad Gyal \u00b7 Steve Aoki<\/li>\n    <li><strong>\ud83c\udf9f\ufe0f Biglietti:<\/strong> \u20ac40\u2013\u20ac100 \u2014 <a href=\"https:\/\/farra.world\/sunblast\" target=\"_blank\" rel=\"noopener\">farra.world\/sunblast<\/a><\/li>\n    <li><strong>\ud83c\udf10 Sito web:<\/strong> <a href=\"https:\/\/sunblastfestival.com\" target=\"_blank\" rel=\"noopener\">sunblastfestival.com<\/a><\/li>\n    <li><strong>\ud83d\udcf8 Instagram:<\/strong> <a href=\"https:\/\/instagram.com\/sunblast_festival\" target=\"_blank\" rel=\"noopener\">@sunblast_festival<\/a><\/li>\n    <li><strong>\u2705 Stato:<\/strong> Confermato \u2014 Data dell&#8217;8 agosto annunciata tramite Instagram ufficiale. Lineup TBC.<\/li>\n    <li><strong>\ud83d\udca1 Extra:<\/strong> La pi\u00f9 grande data elettronica nel calendario delle Isole Canarie. Prenota letti a Costa Adeje con largo anticipo \u2014 qui la pianificazione dell&#8217;ultimo minuto diventa costosa. Se sei un gruppo di 4 o pi\u00f9, fissa subito il tuo alloggio e poi organizza i biglietti.<\/li>\n<\/ul>\n<\/div>\n\n<figure class=\"wp-block-embed is-type-video is-provider-youtube wp-block-embed-youtube wp-embed-aspect-16-9 wp-has-aspect-ratio\"><div class=\"wp-block-embed__wrapper\">\n<iframe loading=\"lazy\" title=\"SUNBLAST FESTIVAL 2019 | LineUP Teaser\" width=\"500\" height=\"281\" src=\"https:\/\/www.youtube.com\/embed\/4ZKNOk3tapU?feature=oembed\" frameborder=\"0\" allow=\"accelerometer; autoplay; clipboard-write; encrypted-media; gyroscope; picture-in-picture; web-share\" referrerpolicy=\"strict-origin-when-cross-origin\" allowfullscreen><\/iframe>\n<\/div><\/figure>\n\n<hr class=\"wp-block-separator has-alpha-channel-opacity\"\/>\n\n<h2 class=\"wp-block-heading\" id=\"phe-festival\">Phe Festival \u2014 4-5 settembre 2026 \ud83c\udfb8<\/h2>\n\n<p>Se Sunblast \u00e8 la risposta di Tenerife a un grande festival elettronico europeo, <strong>Phe<\/strong> \u00e8 la sua risposta a un vero festival indie con anima. Ora alla sua <strong>11\u00aa edizione<\/strong>, Phe prende d\u2019assalto la <strong>Explanada del Muelle<\/strong> \u2014 la passeggiata sul mare di Puerto de la Cruz \u2014 per due giorni di musica indie, alternativa ed elettronica che si sente davvero radicata nella scena locale senza chiudersi al mondo intero.<\/p>\n\n<p>La lineup del 2026 include <strong>Carlos Ares, Rufus T. Firefly, Barry B, Natalia Doco, Ona Mafalda e Choclock<\/strong> \u2014 un mix solido di artisti canari e internazionali con una forte credibilit\u00e0 indie. I biglietti Early Bird sono gi\u00e0 attivi a \u20ac25, un valore eccezionale per un festival di due giorni sul lungomare. \u00c8 il tipo di evento che ogni anno supera le aspettative rispetto al prezzo. \ud83c\udf0a<\/p>\n\n<div class=\"event-meta\">\n  <ul>\n    <li><strong>\ud83d\udcc5 Quando:<\/strong> 4\u20135 settembre 2026<\/li>\n    <li><strong>\ud83d\udccd Dove:<\/strong> Explanada del Muelle (Port Esplanade), Puerto de la Cruz<\/li>\n    <li><strong>\ud83c\udfb5 Tipo:<\/strong> Indie \/ Alternativa \/ Elettronica \u2014 festival di due giorni<\/li>\n    <li><strong>\ud83c\udfa4 Artisti confermati:<\/strong> Carlos Ares \u00b7 Rufus T. Firefly \u00b7 Barry B \u00b7 Natalia Doco \u00b7 Ona Mafalda \u00b7 Choclock<\/li>\n    <li><strong>\ud83c\udf9f\ufe0f Biglietti:<\/strong> \u20ac25\u2013\u20ac55 (Early Bird attivo) \u2014 <a href=\"https:\/\/phefestival.es\" target=\"_blank\" rel=\"noopener\">phefestival.es<\/a><\/li>\n    <li><strong>\ud83c\udf10 Sito web:<\/strong> <a href=\"https:\/\/phefestival.es\" target=\"_blank\" rel=\"noopener\">phefestival.es<\/a><\/li>\n    <li><strong>\ud83d\udcf8 Instagram:<\/strong> <a href=\"https:\/\/instagram.com\/phefestival\" target=\"_blank\" rel=\"noopener\">@phefestival<\/a><\/li>\n    <li><strong>\u2705 Stato:<\/strong> Confermato \u2014 11a edizione, date e lineup parziale pubblicati, Early Bird in vendita<\/li>\n    <li><strong>\ud83d\udca1 Extra:<\/strong> Il Puerto Nest Hostel \u00e8 a pochi passi dall&#8217;Explanada del Muelle. Settembre a Puerto de la Cruz significa serate calde, folle turistiche pi\u00f9 piccole e una citt\u00e0 che vive davvero questo festival.<\/li>\n<\/ul>\n<\/div>\n\n<figure class=\"wp-block-embed is-type-video is-provider-youtube wp-block-embed-youtube wp-embed-aspect-16-9 wp-has-aspect-ratio\"><div class=\"wp-block-embed__wrapper\">\n<iframe loading=\"lazy\" title=\"\ud83c\udfb5\ud83d\udc9b Aftermovie S\u00e1bado 24 | PHE FESTIVAL 2024  - #tenerife #islascanarias #puertodelacruz\" width=\"500\" height=\"281\" src=\"https:\/\/www.youtube.com\/embed\/iZsAQezuFt8?feature=oembed\" frameborder=\"0\" allow=\"accelerometer; autoplay; clipboard-write; encrypted-media; gyroscope; picture-in-picture; web-share\" referrerpolicy=\"strict-origin-when-cross-origin\" allowfullscreen><\/iframe>\n<\/div><\/figure>\n\n<hr class=\"wp-block-separator has-alpha-channel-opacity\"\/>\n\n<h2 class=\"wp-block-heading\" id=\"noctambula\">Festival Noct\u00e1mbula \u2014 12 settembre 2026 \u26a1<\/h2>\n\n<p>Evento nuovissimo, ma solo il nome dell&#8217;artista principale lo rende imperdibile. <strong>Noct\u00e1mbula<\/strong> \u00e8 un festival d&#8217;esordio al <strong>Recinto Ferial de Tenerife<\/strong> costruito attorno a produzioni immersive e a un&#8217;esperienza audiovisiva cinematografica \u2014 e il suo headliner \u00e8 <strong>Symphony of Unity<\/strong>, il progetto sinfonico di Tomorrowland che fonde musica orchestrale ed elettronica in un modo che merita davvero la parola &#8220;spettacolare.&#8221; Questa \u00e8 la sua <strong>unica data in Spagna nel 2026<\/strong>. Se sei da quelle parti a Tenerife a settembre, questo \u00e8 gi\u00e0 un ottimo motivo per essere a Santa Cruz il 12.<\/p>\n\n<p>I biglietti stanno andando a ruba per questo evento di prima edizione, il che \u00e8 un bel segnale su come la community elettronica abbia accolto questa iniziativa. I festival d&#8217;esordio con un&#8217;attrazione principale di questo tipo o brillano o ti insegnano una lezione \u2014 ma con Symphony of Unity in programma, il livello di quanto possa essere fantastico \u00e8 fissato abbastanza in alto. \u26a1<\/p>\n\n<div class=\"event-meta\">\n  <ul>\n    <li><strong>\ud83d\udcc5 Quando:<\/strong> 12 settembre 2026<\/li>\n    <li><strong>\ud83d\udccd Dove:<\/strong> Recinto Ferial de Tenerife, Santa Cruz de Tenerife<\/li>\n    <li><strong>\ud83c\udfb5 Tipo:<\/strong> Elettronico \/ Sinfonico \/ Immersivo \u2014 produzione su larga scala<\/li>\n    <li><strong>\ud83c\udfa4 Artisti confermati:<\/strong> Symphony of Unity (progetto sinfonico di Tomorrowland) \u00b7 DJ Bjones<\/li>\n    <li><strong>\ud83c\udf9f\ufe0f Biglietti:<\/strong> \u20ac35\u2013\u20ac80 \u2014 <a href=\"https:\/\/noctambulatenerife.com\" target=\"_blank\" rel=\"noopener\">noctambulatenerife.com<\/a><\/li>\n    <li><strong>\ud83c\udf10 Sito web:<\/strong> <a href=\"https:\/\/noctambulatenerife.com\" target=\"_blank\" rel=\"noopener\">noctambulatenerife.com<\/a><\/li>\n    <li><strong>\ud83d\udcf8 Instagram:<\/strong> <a href=\"https:\/\/instagram.com\/noctambulatenerife\" target=\"_blank\" rel=\"noopener\">@noctambulatenerife<\/a><\/li>\n    <li><strong>\u2705 Stato:<\/strong> Confermato \u2014 prima edizione. Biglietti in vendita veloce.<\/li>\n    <li><strong>\ud83d\udca1 Extra:<\/strong> Symphony of Unity \u00e8 l&#8217;UNICA data in Spagna del 2026 per questo progetto di Tomorrowland. Se li hai gi\u00e0 visti, lo sai. Se non li hai visti, questa \u00e8 la tua occasione.<\/li>\n<\/ul>\n<\/div>\n\n<hr class=\"wp-block-separator has-alpha-channel-opacity\"\/>\n\n<h2 class=\"wp-block-heading\" id=\"penon-fest\">Tenerife Pe\u00f1\u00f3n Fest \u2014 23-24 ottobre 2026 \ud83e\udd18<\/h2>\n\n<p>La prova che la stagione dei festival a Tenerife non finisce con l&#8217;estate. <strong>Tenerife Pe\u00f1\u00f3n Fest<\/strong> si \u00e8 spostato dalla Puerto de la Cruz all&#8217;<strong>area di sosta Palmetum a Santa Cruz<\/strong> per la sua edizione 2026, portando una lineup rock e indie davvero fenomenale: <strong>Pignoise, Maika Makovski, La La Love You, Biznaga, Carlos Sadness, Melifluo e Postcode<\/strong> in due giorni di pura musica. Questo \u00e8 il tipo di festival dove la folla non arriva solo per un headliner specifico, ma perch\u00e9 tutto il weekend sembra fatto per loro. \ud83c\udfb8<\/p>\n\n<p>Ottobre a Tenerife \u00e8 semplicemente fantastico \u2014 le temperature sono ancora calde (di solito 24\u201326\u00b0C), il numero di turisti \u00e8 diminuito e l&#8217;isola ha un ritmo diverso. Se vuoi l&#8217;energia dei festival senza la folla e i prezzi dell&#8217;alta stagione, questa \u00e8 la tua occasione.<\/p>\n\n<div class=\"event-meta\">\n  <ul>\n    <li><strong>\ud83d\udcc5 Quando:<\/strong> 23\u201324 ottobre 2026<\/li>\n    <li><strong>\ud83d\udccd Dove:<\/strong> Area di parcheggio Palmetum, Santa Cruz de Tenerife<\/li>\n    <li><strong>\ud83c\udfb5 Tipo:<\/strong> Rock \/ Indie \/ Pop punk \u2014 festival di due giorni<\/li>\n    <li><strong>\ud83c\udfa4 Lineup confermata:<\/strong> Pignoise \u00b7 Maika Makovski \u00b7 La La Love You \u00b7 Biznaga \u00b7 Carlos Sadness \u00b7 Melifluo \u00b7 Postcode<\/li>\n    <li><strong>\ud83c\udf9f\ufe0f Biglietti:<\/strong> \u20ac25\u2013\u20ac55 \u2014 <a href=\"https:\/\/tenerifepenonfest.es\" target=\"_blank\" rel=\"noopener\">tenerifepenonfest.es<\/a> \/ <a href=\"https:\/\/tomaticket.es\" target=\"_blank\" rel=\"noopener\">tomaticket.es<\/a><\/li>\n    <li><strong>\ud83c\udf10 Sito web:<\/strong> <a href=\"https:\/\/tenerifepenonfest.es\" target=\"_blank\" rel=\"noopener\">tenerifepenonfest.es<\/a><\/li>\n    <li><strong>\ud83d\udcf8 Instagram:<\/strong> <a href=\"https:\/\/instagram.com\/tenerifepenonfest\" target=\"_blank\" rel=\"noopener\">@tenerifepenonfest<\/a><\/li>\n    <li><strong>\u2705 Stato:<\/strong> Confermato \u2014 cambio di location a Santa Cruz confermato. Biglietti in vendita.<\/li>\n    <li><strong>\ud83d\udca1 Extra:<\/strong> Il weekend del festival con il miglior rapporto qualit\u00e0-prezzo dell&#8217;anno per gli appassionati di rock\/indie. I prezzi di ottobre a Tenerife sono significativamente pi\u00f9 bassi rispetto ad agosto \u2014 voli, letti, tutto.<\/li>\n<\/ul>\n<\/div>\n\n<figure class=\"wp-block-embed is-type-video is-provider-youtube wp-block-embed-youtube wp-embed-aspect-16-9 wp-has-aspect-ratio\"><div class=\"wp-block-embed__wrapper\">\n<iframe loading=\"lazy\" title=\"Tenerife Pe\u00f1\u00f3n Fest 2025 aftermovie\" width=\"500\" height=\"281\" src=\"https:\/\/www.youtube.com\/embed\/qt73RUX__9s?feature=oembed\" frameborder=\"0\" allow=\"accelerometer; autoplay; clipboard-write; encrypted-media; gyroscope; picture-in-picture; web-share\" referrerpolicy=\"strict-origin-when-cross-origin\" allowfullscreen><\/iframe>\n<\/div><\/figure>\n\n<hr class=\"wp-block-separator has-alpha-channel-opacity\"\/>\n\n<h2 class=\"wp-block-heading\" id=\"elrow-xxl\">Elrow XXL Tenerife \u2014 Ottobre 2026 \ud83c\udfad<\/h2>\n\n<p>La stagione elettronica si chiude in grande stile. <strong>Elrow XXL<\/strong> \u00e8 l&#8217;edizione supersize di Tenerife del brand di festa immersiva nato a Barcellona \u2014 torna al <strong>Golf Costa Adeje<\/strong> per una produzione che riempie l&#8217;intero locale e coinvolge volumi di coriandoli, performer itineranti e un caos visivo a tema che o ami subito o hai bisogno di due minuti per abituarti prima di amarlo all&#8217;istante. La capacit\u00e0 \u00e8 di <strong>20.000+<\/strong>, il che lo rende uno dei pi\u00f9 grandi eventi elettronici di un solo giorno in Spagna.<\/p>\n\n<p>La data esatta di ottobre non \u00e8 ancora stata confermata \u2014 l&#8217;edizione del 2025 era l&#8217;11 ottobre \u2014 ma i canali di Farra World la annunceranno con sufficiente preavviso per poter pianificare. Se Sunblast \u00e8 il fiore all&#8217;occhiello dell&#8217;estate, Elrow XXL \u00e8 come la stagione si congeda. \ud83c\udf8a<\/p>\n\n<div class=\"event-meta\">\n  <ul>\n    <li><strong>\ud83d\udcc5 Quando:<\/strong> Ottobre 2026 \u2014 data esatta da confermare (edizione 2025: 11 ottobre)<\/li>\n    <li><strong>\ud83d\udccd Dove:<\/strong> Golf Costa Adeje, Costa Adeje<\/li>\n    <li><strong>\ud83c\udfb5 Tipo:<\/strong> Elettronica \/ House \/ Techno \u2014 produzione immersiva su larga scala<\/li>\n    <li><strong>\ud83c\udfa4 Lineup:<\/strong> Da confermare \u2014 tipicamente annunciata 2\u20133 mesi prima dell&#8217;evento<\/li>\n    <li><strong>\ud83c\udf9f\ufe0f Biglietti:<\/strong> \u20ac35\u2013\u20ac90 \u2014 <a href=\"https:\/\/farra.world\/elrow\" target=\"_blank\" rel=\"noopener\">farra.world\/elrow<\/a><\/li>\n    <li><strong>\ud83c\udf10 Sito web:<\/strong> <a href=\"https:\/\/elrow.com\" target=\"_blank\" rel=\"noopener\">elrow.com<\/a><\/li>\n    <li><strong>\ud83d\udcf8 Instagram:<\/strong> <a href=\"https:\/\/instagram.com\/elrow\" target=\"_blank\" rel=\"noopener\">@elrow<\/a><\/li>\n    <li><strong>\u23f3 Stato:<\/strong> Atteso \u2014 forte presenza annuale consecutiva. Nessuna data per il 2026 confermata ancora. Organizzato da Farra World.<\/li>\n    <li><strong>\ud83d\udca1 Extra:<\/strong> Il formato XXL \u00e8 unico a Tenerife \u2014 sostanzialmente pi\u00f9 grande e pi\u00f9 elaborato degli eventi standard di Elrow. Pensa a una produzione completa da festival, non a una serata in club.<\/li>\n<\/ul>\n<\/div>\n\n<figure class=\"wp-block-embed is-type-video is-provider-youtube wp-block-embed-youtube wp-embed-aspect-16-9 wp-has-aspect-ratio\"><div class=\"wp-block-embed__wrapper\">\n<iframe loading=\"lazy\" title=\"ELROW Tenerife XXL Iphone 15 Pro Max Prores Log test\" width=\"500\" height=\"281\" src=\"https:\/\/www.youtube.com\/embed\/MWnsGNb9yF8?feature=oembed\" frameborder=\"0\" allow=\"accelerometer; autoplay; clipboard-write; encrypted-media; gyroscope; picture-in-picture; web-share\" referrerpolicy=\"strict-origin-when-cross-origin\" allowfullscreen><\/iframe>\n<\/div><\/figure>\n\n<hr class=\"wp-block-separator has-alpha-channel-opacity\"\/>\n\n<h2 class=\"wp-block-heading\" id=\"where-to-stay\">Dove dormire per un viaggio al festival di Tenerife \ud83d\udccd<\/h2>\n\n<p>La versione breve: <strong>stabilisciti a sud per eventi elettronici, a nord per eventi indie\/artistici<\/strong>, e se stai pianificando un viaggio con pi\u00f9 eventi, il Nest Pass \u00e8 da tenere in considerazione.<\/p>\n\n<h3 class=\"wp-block-heading\">Tenerife Sud (zona Costa Adeje) \u2014 Lost Nomads, La Misa, Sunblast, BRESH, Elrow XXL, Las Rocas<\/h3>\n\n<p>Quasi ogni grande evento elettronico del 2026 si tiene al <strong>Golf Costa Adeje<\/strong> o nella zona del Siam Park. Questo rende <strong>Costa Adeje<\/strong> il centro logico della mappa dei festival. Sei a 5-10 minuti di taxi dai principali luoghi, a pochi passi da alcune delle migliori spiagge di Tenerife e a una breve passeggiata o Uber da Los Cristianos se vuoi esplorare.<\/p>\n\n<p><a href=\"https:\/\/nestshostels.com\/Duque-Nest-hostel-tenerife\/\">Duque Nest Hostel<\/a> \u00e8 la nostra base a Sud di Tenerife. Un posto ben collegato per il calendario dei festival elettronici \u2014 prenota il prima possibile per il weekend di Sunblast, perch\u00e9 i letti nel sud si riempiono in fretta ad agosto. Dai un&#8217;occhiata anche a <a href=\"https:\/\/nestshostels.com\/fr\/hostel\/hostal-los-amigos-tenerife\/\">Los Amigos<\/a>, <a href=\"https:\/\/nestshostels.com\/fr\/hostel\/medano-nest-hostel\/\">El Medano<\/a>, <a href=\"https:\/\/nestshostels.com\/fr\/hostel\/ashavana-nest-hostel\/\">Ashavana<\/a>.<\/p>\n\n<figure class=\"wp-block-gallery has-nested-images columns-default is-cropped wp-block-gallery-1 is-layout-flex wp-block-gallery-is-layout-flex\">\n<figure data-wp-context=\"{&quot;imageId&quot;:&quot;69eddd05349eb&quot;}\" data-wp-interactive=\"core\/image\" data-wp-key=\"69eddd05349eb\" class=\"wp-block-image size-large wp-lightbox-container\"><img loading=\"lazy\" decoding=\"async\" width=\"1024\" height=\"768\" data-wp-class--hide=\"state.isContentHidden\" data-wp-class--show=\"state.isContentVisible\" data-wp-init=\"callbacks.setButtonStyles\" data-wp-on--click=\"actions.showLightbox\" data-wp-on--load=\"callbacks.setButtonStyles\" data-wp-on-window--resize=\"callbacks.setButtonStyles\" data-id=\"15670\" src=\"https:\/\/nestshostels.com\/wp-content\/uploads\/Duque-Social-Night-Hostels-1024x768.jpg\" alt=\"Duque Social Night Hostels\" class=\"wp-image-15670\" srcset=\"https:\/\/nestshostels.com\/wp-content\/uploads\/Duque-Social-Night-Hostels-1024x768.jpg 1024w, https:\/\/nestshostels.com\/wp-content\/uploads\/Duque-Social-Night-Hostels-300x225.jpg 300w, https:\/\/nestshostels.com\/wp-content\/uploads\/Duque-Social-Night-Hostels-768x576.jpg 768w, https:\/\/nestshostels.com\/wp-content\/uploads\/Duque-Social-Night-Hostels-1536x1152.jpg 1536w, https:\/\/nestshostels.com\/wp-content\/uploads\/Duque-Social-Night-Hostels-2048x1536.jpg 2048w\" sizes=\"auto, (max-width: 1024px) 100vw, 1024px\" \/><button\n\t\t\tclass=\"lightbox-trigger\"\n\t\t\ttype=\"button\"\n\t\t\taria-haspopup=\"dialog\"\n\t\t\taria-label=\"Ingrandisci\"\n\t\t\tdata-wp-init=\"callbacks.initTriggerButton\"\n\t\t\tdata-wp-on--click=\"actions.showLightbox\"\n\t\t\tdata-wp-style--right=\"state.imageButtonRight\"\n\t\t\tdata-wp-style--top=\"state.imageButtonTop\"\n\t\t>\n\t\t\t<svg xmlns=\"http:\/\/www.w3.org\/2000\/svg\" width=\"12\" height=\"12\" fill=\"none\" viewBox=\"0 0 12 12\">\n\t\t\t\t<path fill=\"#fff\" d=\"M2 0a2 2 0 0 0-2 2v2h1.5V2a.5.5 0 0 1 .5-.5h2V0H2Zm2 10.5H2a.5.5 0 0 1-.5-.5V8H0v2a2 2 0 0 0 2 2h2v-1.5ZM8 12v-1.5h2a.5.5 0 0 0 .5-.5V8H12v2a2 2 0 0 1-2 2H8Zm2-12a2 2 0 0 1 2 2v2h-1.5V2a.5.5 0 0 0-.5-.5H8V0h2Z\" \/>\n\t\t\t<\/svg>\n\t\t<\/button><figcaption class=\"wp-element-caption\">Duque Social Night Hostels<\/figcaption><\/figure>\n\n\n\n<figure data-wp-context=\"{&quot;imageId&quot;:&quot;69eddd0537210&quot;}\" data-wp-interactive=\"core\/image\" data-wp-key=\"69eddd0537210\" class=\"wp-block-image size-large wp-lightbox-container\"><img loading=\"lazy\" decoding=\"async\" width=\"768\" height=\"1024\" data-wp-class--hide=\"state.isContentHidden\" data-wp-class--show=\"state.isContentVisible\" data-wp-init=\"callbacks.setButtonStyles\" data-wp-on--click=\"actions.showLightbox\" data-wp-on--load=\"callbacks.setButtonStyles\" data-wp-on-window--resize=\"callbacks.setButtonStyles\" data-id=\"17618\" src=\"https:\/\/nestshostels.com\/wp-content\/uploads\/Medano-Ping-Pong-Activity-768x1024.jpg\" alt=\"Attivit&#xE0; di Ping Pong al Nest Hostel di El Medano\" class=\"wp-image-17618\" srcset=\"https:\/\/nestshostels.com\/wp-content\/uploads\/Medano-Ping-Pong-Activity-768x1024.jpg 768w, https:\/\/nestshostels.com\/wp-content\/uploads\/Medano-Ping-Pong-Activity-225x300.jpg 225w, https:\/\/nestshostels.com\/wp-content\/uploads\/Medano-Ping-Pong-Activity-1152x1536.jpg 1152w, https:\/\/nestshostels.com\/wp-content\/uploads\/Medano-Ping-Pong-Activity-1536x2048.jpg 1536w, https:\/\/nestshostels.com\/wp-content\/uploads\/Medano-Ping-Pong-Activity-scaled.jpg 1920w\" sizes=\"auto, (max-width: 768px) 100vw, 768px\" \/><button\n\t\t\tclass=\"lightbox-trigger\"\n\t\t\ttype=\"button\"\n\t\t\taria-haspopup=\"dialog\"\n\t\t\taria-label=\"Ingrandisci\"\n\t\t\tdata-wp-init=\"callbacks.initTriggerButton\"\n\t\t\tdata-wp-on--click=\"actions.showLightbox\"\n\t\t\tdata-wp-style--right=\"state.imageButtonRight\"\n\t\t\tdata-wp-style--top=\"state.imageButtonTop\"\n\t\t>\n\t\t\t<svg xmlns=\"http:\/\/www.w3.org\/2000\/svg\" width=\"12\" height=\"12\" fill=\"none\" viewBox=\"0 0 12 12\">\n\t\t\t\t<path fill=\"#fff\" d=\"M2 0a2 2 0 0 0-2 2v2h1.5V2a.5.5 0 0 1 .5-.5h2V0H2Zm2 10.5H2a.5.5 0 0 1-.5-.5V8H0v2a2 2 0 0 0 2 2h2v-1.5ZM8 12v-1.5h2a.5.5 0 0 0 .5-.5V8H12v2a2 2 0 0 1-2 2H8Zm2-12a2 2 0 0 1 2 2v2h-1.5V2a.5.5 0 0 0-.5-.5H8V0h2Z\" \/>\n\t\t\t<\/svg>\n\t\t<\/button><figcaption class=\"wp-element-caption\">Attivit\u00e0 di Ping Pong al Nest Hostel di El Medano<\/figcaption><\/figure>\n\n\n\n<figure data-wp-context=\"{&quot;imageId&quot;:&quot;69eddd05417b5&quot;}\" data-wp-interactive=\"core\/image\" data-wp-key=\"69eddd05417b5\" class=\"wp-block-image size-large wp-lightbox-container\"><img loading=\"lazy\" decoding=\"async\" width=\"819\" height=\"1024\" data-wp-class--hide=\"state.isContentHidden\" data-wp-class--show=\"state.isContentVisible\" data-wp-init=\"callbacks.setButtonStyles\" data-wp-on--click=\"actions.showLightbox\" data-wp-on--load=\"callbacks.setButtonStyles\" data-wp-on-window--resize=\"callbacks.setButtonStyles\" data-id=\"20795\" src=\"https:\/\/nestshostels.com\/wp-content\/uploads\/2025\/12\/los-amigos-hostel-819x1024.jpg\" alt=\"Los Amigos Nests Hostels Tenerife Sud\" class=\"wp-image-20795\" srcset=\"https:\/\/nestshostels.com\/wp-content\/uploads\/2025\/12\/los-amigos-hostel-819x1024.jpg 819w, https:\/\/nestshostels.com\/wp-content\/uploads\/2025\/12\/los-amigos-hostel-240x300.jpg 240w, https:\/\/nestshostels.com\/wp-content\/uploads\/2025\/12\/los-amigos-hostel-768x960.jpg 768w, https:\/\/nestshostels.com\/wp-content\/uploads\/2025\/12\/los-amigos-hostel.jpg 1100w\" sizes=\"auto, (max-width: 819px) 100vw, 819px\" \/><button\n\t\t\tclass=\"lightbox-trigger\"\n\t\t\ttype=\"button\"\n\t\t\taria-haspopup=\"dialog\"\n\t\t\taria-label=\"Ingrandisci\"\n\t\t\tdata-wp-init=\"callbacks.initTriggerButton\"\n\t\t\tdata-wp-on--click=\"actions.showLightbox\"\n\t\t\tdata-wp-style--right=\"state.imageButtonRight\"\n\t\t\tdata-wp-style--top=\"state.imageButtonTop\"\n\t\t>\n\t\t\t<svg xmlns=\"http:\/\/www.w3.org\/2000\/svg\" width=\"12\" height=\"12\" fill=\"none\" viewBox=\"0 0 12 12\">\n\t\t\t\t<path fill=\"#fff\" d=\"M2 0a2 2 0 0 0-2 2v2h1.5V2a.5.5 0 0 1 .5-.5h2V0H2Zm2 10.5H2a.5.5 0 0 1-.5-.5V8H0v2a2 2 0 0 0 2 2h2v-1.5ZM8 12v-1.5h2a.5.5 0 0 0 .5-.5V8H12v2a2 2 0 0 1-2 2H8Zm2-12a2 2 0 0 1 2 2v2h-1.5V2a.5.5 0 0 0-.5-.5H8V0h2Z\" \/>\n\t\t\t<\/svg>\n\t\t<\/button><figcaption class=\"wp-element-caption\">Los Amigos Nests Hostels Tenerife Sud<\/figcaption><\/figure>\n<figcaption class=\"blocks-gallery-caption wp-element-caption\">I nostri ostelli del sud<\/figcaption><\/figure>\n\n<h3 class=\"wp-block-heading\">Tenerife Nord (Puerto de la Cruz) \u2014 Phe Festival, MUECA<\/h3>\n\n<p>Il Phe Festival e MUECA si svolgono entrambi a Puerto de la Cruz, e la citt\u00e0 \u00e8 davvero fantastica per passare qualche notte. L&#8217;<strong>Explanada del Muelle<\/strong> (il luogo del Phe) \u00e8 a pochi passi dal centro, ci sono spiagge di sabbia nera nelle vicinanze, e il centro storico ha un&#8217;energia diversa rispetto al sud \u2014 pi\u00f9 locale, pi\u00f9 architettonica, un po&#8217; pi\u00f9 interessante per fare due passi. \ud83c\udf3f<\/p>\n\n<p><a href=\"https:\/\/nestshostels.com\/puerto-Nest-hostel-tenerife\/\">Puerto Nest Hostel<\/a> ti mette proprio al centro di tutto. Puoi camminare fino al Phe Festival, fino alle performance di MUECA, fino al porto.<\/p>\n\n<figure class=\"wp-block-image size-large\"><img loading=\"lazy\" decoding=\"async\" width=\"1024\" height=\"576\" src=\"https:\/\/nestshostels.com\/wp-content\/uploads\/2026\/02\/Nest-Pass-2026-1024x576.jpeg\" alt=\"Nest Pass Il pass per ostelli nelle Canarie, con sconto e libert&#xE0; di muoversi\" class=\"wp-image-21766\" srcset=\"https:\/\/nestshostels.com\/wp-content\/uploads\/2026\/02\/Nest-Pass-2026-1024x576.jpeg 1024w, https:\/\/nestshostels.com\/wp-content\/uploads\/2026\/02\/Nest-Pass-2026-300x169.jpeg 300w, https:\/\/nestshostels.com\/wp-content\/uploads\/2026\/02\/Nest-Pass-2026-768x432.jpeg 768w, https:\/\/nestshostels.com\/wp-content\/uploads\/2026\/02\/Nest-Pass-2026-1536x864.jpeg 1536w, https:\/\/nestshostels.com\/wp-content\/uploads\/2026\/02\/Nest-Pass-2026.jpeg 1600w\" sizes=\"auto, (max-width: 1024px) 100vw, 1024px\" \/><figcaption class=\"wp-element-caption\">Nest Pass Il pass per ostelli nelle Canarie, con sconto e libert\u00e0 di muoversi<\/figcaption><\/figure>\n\n<h3 class=\"wp-block-heading\">Viaggio con pi\u00f9 eventi? Il Nest Pass \u00e8 perfetto!<\/h3>\n\n<p>Se stai pianificando pi\u00f9 di un evento a Tenerife \u2014 o se &#8220;3 notti&#8221; si trasformano in &#8220;una settimana&#8221; appena atterri \u2014 il <strong>Nest Pass<\/strong> \u00e8 pensato proprio per questo. Ti offre notti flessibili in tutte e 9 le propriet\u00e0 dei Nests Hostels con una sola prenotazione, cos\u00ec puoi iniziare a sud per Sunblast, andare a nord per Phe, senza dover ricostruire l&#8217;intero soggiorno da zero. Prezzo in bassa stagione a partire da <strong>\u20ac90\/settimana<\/strong>. \ud83c\udfc4<\/p>\n\n<p style=\"text-align:center\"><a href=\"https:\/\/nestshostels.com\/it\/?page_id=20395\" class=\"wp-block-button__link\" style=\"background-color:#000;color:#fff;padding:12px 28px;border-radius:4px;text-decoration:none;font-weight:bold;\">Scopri Nests Hostels e Prenota il Tuo Soggiorno<\/a>\u00a0\u00a0<a href=\"https:\/\/nestshostels.com\/it\/nest-pass\/\" class=\"wp-block-button__link\" style=\"background-color:#000;color:#fff;padding:12px 28px;border-radius:4px;text-decoration:none;font-weight:bold;\">Esplora il Nest Pass<\/a><\/p>\n\n<h2 class=\"wp-block-heading\" id=\"also-on-island\">Anche sull&#8217;isola nel 2026 \u2014 non perderti queste \ud83c\udf34<\/h2>\n\n<p>Oltre al programma musicale, Tenerife offre un ricco calendario di eventi culturali, celebrazioni tradizionali e festivit\u00e0 religiose. Alcuni di questi sono davvero imperdibili se ti trovi sull&#8217;isola. Ecco una guida rapida ai momenti salienti non musicali del 2026:<\/p>\n\n<figure class=\"wp-block-table is-style-stripes\"><table><thead><tr><th><strong>Data<\/strong><\/th><th><strong>Evento<\/strong><\/th><th><strong>Perch\u00e9 vale la pena conoscerlo<\/strong><\/th><\/tr><\/thead><tbody><tr><td><strong>4\u201315 mar<\/strong><\/td><td>Tenerife Noir \u2014 11\u00aa edizione<\/td><td>Il festival di cultura noir e crime pi\u00f9 importante della Spagna. Letteratura, cinema, fumetti \u2014 la vincitrice del Premio Nobel Olga Tokarczuk tra gli ospiti del 2026. Santa Cruz e La Laguna. Per lo pi\u00f9 gratuito.<\/td><\/tr><tr><td><\/td><td><\/td><td><\/td><\/tr><tr><td><strong>26 Apr<\/strong><\/td><td>Romer\u00eda di San Marcos \u2014 Tegueste<\/td><td>Pellegrinaggio tradizionale con costumi canari, carretti trainati da buoi, cibo e vino locali. \u00c8 gratuito, autentico e una fantastica finestra sulla vera cultura dell&#8217;isola.<\/td><\/tr><tr><td><strong>11\u201315 giu<\/strong><\/td><td>Corpus Christi &amp; Romer\u00eda San Isidro \u2014 La Orotava<\/td><td>Dichiarato Interesse Turistico Nazionale. Le strade di La Orotava sono coperte da intricati tappeti di fiori realizzati con il terreno vulcanico del Teide. L&#8217;11 giugno \u00e8 una festa pubblica locale. Uno degli eventi pi\u00f9 fotografati di Tenerife.<\/td><\/tr><tr><td><strong>12 Lug<\/strong><\/td><td>Romer\u00eda di San Benito Abad \u2014 La Laguna<\/td><td>Dichiarato Interessi Turistico Internazionale. Un&#8217;incredibile tradizionale pellegrinaggio attraverso il centro storico di La Laguna con carretti e costumi canari. Visivamente straordinario.<\/td><\/tr><tr><td><strong>13\u201316 Lug<\/strong><\/td><td>Feste della Virgen del Carmen \u2014 Puerto de la Cruz<\/td><td>La processione marittima il 16 luglio \u2014 la statua viene portata per le strade e in mare su una barca decorata. Gratuita, suggestiva, profondamente locale. Celebrazione anche a Los Cristianos ed El M\u00e9dano.<\/td><\/tr><tr><td><strong>15 Ago<\/strong><\/td><td>Feste della Vergine di Candelaria<\/td><td>Santo Patrono delle Isole Canarie. Centinaia di migliaia di pellegrini da tutto l&#8217;arcipelago, un&#8217;unica cerimonia guanche preispanica, processioni e fuochi d&#8217;artificio. Il 15 agosto \u00e8 una festa pubblica in tutte le Isole Canarie. Dichiarata Interesse Turistico Internazionale.<\/td><\/tr><tr><td><strong>14 Set<\/strong><\/td><td>Feste del Santissimo Cristo di La Laguna<\/td><td>La festivit\u00e0 religiosa pi\u00f9 importante di La Laguna (citt\u00e0 patrimonio dell&#8217;umanit\u00e0 UNESCO). Parata militare, processione solenne, fuochi d&#8217;artificio. Il 14 settembre \u00e8 una festa pubblica locale a La Laguna.<\/td><\/tr><\/tbody><\/table><\/figure>\n\n<p><em>Non elencato sopra: <a href=\"https:\/\/nestshostels.com\/it\/tenerife-carnival-2026-guide-events\/\" type=\"post\" id=\"21137\">Carnaval de Santa Cruz<\/a> (16 gen \u2013 22 feb) \u00e8 gi\u00e0 concluso per il 2026, ma segna sul tuo diario per il 2027 \u2014 \u00e8 uno dei grandi carnevali del mondo, con un tema, una gala per la regina e un Entierro de la Sardina finale l&#8217;ultima domenica. Per scoprire cosa succede sull&#8217;isola durante l&#8217;anno, dai un&#8217;occhiata al <a href=\"https:\/\/nestshostels.com\/it\/blog-nest-hostels-tenerife\/\">blog di Nests<\/a>.<\/em><\/p>\n\n<hr class=\"wp-block-separator has-alpha-channel-opacity\"\/>\n\n<section class=\"faq-section\">\n    <h2>Domande Frequenti \u2753<\/h2>\n    <div itemscope=\"\" itemtype=\"https:\/\/schema.org\/FAQPage\">\n\n        <div itemprop=\"mainEntity\" itemscope=\"\" itemtype=\"https:\/\/schema.org\/Question\">\n            <h3 itemprop=\"name\">Quali festival musicali sono confermati a Tenerife per il 2026?<\/h3>\n            <div itemprop=\"acceptedAnswer\" itemscope=\"\" itemtype=\"https:\/\/schema.org\/Answer\">\n                <div itemprop=\"text\">\n                    <p>Le date confermate per il 2026 a Tenerife sono: Festival Internacional de M\u00fasica de Canarias (8 gen &#8211; 7 feb), Lost Nomads (4 apr), Tenerife Music Festival (12-13 giu), Sting \u2013 STING 3.0 Tour (10 lug), Canarias Jazz &#038; M\u00e1s (luglio, Jacob Collier confermato il 22 lug), Sunblast Festival (8 ago), Phe Festival (4-5 set), Noct\u00e1mbula (12 set) e Tenerife Pe\u00f1\u00f3n Fest (23-24 ott). Gli eventi che aspettano ancora date esatte includono La Misa, MUECA, BRESH e Elrow XXL \u2014 tutti previsti basandosi su solide esperienze pluriennali.<\/p>\n                <\/div>\n            <\/div>\n        <\/div>\n\n        <div itemprop=\"mainEntity\" itemscope=\"\" itemtype=\"https:\/\/schema.org\/Question\">\n            <h3 itemprop=\"name\">Quali festival di musica elettronica ci sono a Tenerife nel 2026?<\/h3>\n            <div itemprop=\"acceptedAnswer\" itemscope=\"\" itemtype=\"https:\/\/schema.org\/Answer\">\n                <div itemprop=\"text\">\n                    <p>Tenerife ha uno dei calendari di festival elettronici pi\u00f9 forti in Spagna. Gli eventi elettronici confermati per il 2026 includono Lost Nomads (4 apr, evento premium giorno-notte al Golf Costa Adeje), Sunblast Festival (8 ago, il pi\u00f9 grande festival elettronico dell&#8217;isola \u2014 oltre 9 ore, 6\u20137 palchi) e Noct\u00e1mbula (12 set, festival d&#8217;esordio con la testa d&#8217;affiche della Symphony of Unity di Tomorrowland \u2014 unica data in Spagna del 2026). Gli eventi attesi con un forte curriculum includono La Misa (festival techno cult, codice di abbigliamento tutto nero, pedigree di Carl Cox \/ Marco Carola), BRESH (festa reggaeton e latina) ed Elrow XXL (produzione immersiva con capacit\u00e0 di oltre 20.000 persone al Golf Costa Adeje). La maggior parte di questi eventi \u00e8 organizzata da Farra World e si concentra nell&#8217;area di Costa Adeje, nel sud dell&#8217;isola.<\/p>\n                <\/div>\n            <\/div>\n        <\/div>\n\n        <div itemprop=\"mainEntity\" itemscope=\"\" itemtype=\"https:\/\/schema.org\/Question\">\n            <h3 itemprop=\"name\">Quali festival culturali e artistici ci sono a Tenerife?<\/h3>\n            <div itemprop=\"acceptedAnswer\" itemscope=\"\" itemtype=\"https:\/\/schema.org\/Answer\">\n                <div itemprop=\"text\">\n                    <p>Oltre alla musica, Tenerife ha un ricco calendario di festival culturali. Tenerife Noir (4-15 marzo) \u00e8 il principale festival di cultura noir e crime in Spagna, che copre letteratura, cinema e fumetti \u2014 l&#8217;edizione 2026 ospiter\u00e0 la vincitrice del Premio Nobel Olga Tokarczuk. MUECA (maggio, Puerto de la Cruz) \u00e8 un festival internazionale di arti di strada alla sua 22a edizione, gratuito, che porta teatro, circo e danza nelle strade del centro storico per quattro giorni. Il Carnaval Internacional de Los Cristianos (5-16 marzo) \u00e8 uno dei carnevali pi\u00f9 frequentati a livello internazionale a Tenerife, con un programma gratuito completo sulla passeggiata sul mare meridionale. I tappeti fioriti del Corpus Christi a La Orotava (11-15 giugno) sono dichiarati di Interesse Turistico Nazionale e attirano visitatori da tutta Europa.<\/p>\n                <\/div>\n            <\/div>\n        <\/div>\n\n        <div itemprop=\"mainEntity\" itemscope=\"\" itemtype=\"https:\/\/schema.org\/Question\">\n            <h3 itemprop=\"name\">Quali festival tradizionali e romer\u00edas ci sono a Tenerife?<\/h3>\n            <div itemprop=\"acceptedAnswer\" itemscope=\"\" itemtype=\"https:\/\/schema.org\/Answer\">\n                <div itemprop=\"text\">\n                    <p>Tenerife ha un ricco calendario di romer\u00edas (pellegrinaggi) tradizionali e festivit\u00e0 religiose durante tutto l&#8217;anno, tutte gratuite. Le pi\u00f9 significative sono: Fiestas de la Virgen de Candelaria (15 agosto) \u2014 dichiarata di Interesse Turistico Internazionale, centinaia di migliaia di pellegrini, e una cerimonia guanche unica pre-ispanica per la patrona delle Isole Canarie. Romer\u00eda de San Benito Abad a La Laguna (12 luglio) \u2014 dichiarata di Interesse Turistico Internazionale, con costumi tradizionali canari e carretti trainati da buoi attraverso la citt\u00e0 patrimonio dell&#8217;UNESCO. Processione marittima della Virgen del Carmen a Puerto de la Cruz (16 luglio) \u2014 la statua viene portata per le strade e in mare su una barca decorata. Fiestas del Santissimo Cristo de La Laguna (14 settembre) \u2014 la festivit\u00e0 religiosa pi\u00f9 importante a La Laguna, con il 14 settembre che \u00e8 una festa pubblica locale.<\/p>\n                <\/div>\n            <\/div>\n        <\/div>\n\n        <div itemprop=\"mainEntity\" itemscope=\"\" itemtype=\"https:\/\/schema.org\/Question\">\n            <h3 itemprop=\"name\">Quando si svolge la Noche de San Juan a Tenerife e cosa succede?<\/h3>\n            <div itemprop=\"acceptedAnswer\" itemscope=\"\" itemtype=\"https:\/\/schema.org\/Answer\">\n                <div itemprop=\"text\">\n                    <p>La Noche de San Juan si svolge ogni anno nella notte tra il 23 e il 24 giugno. \u00c8 uno dei pi\u00f9 suggestivi eventi gratuiti dell&#8217;estate canaria: le spiagge dell&#8217;isola si riempiono di persone a mezzanotte, fuochi vengono accesi sulla sabbia e la tradizione spagnola di saltare oltre le fiamme \u00e8 presa sul serio sia dai locali che dai visitatori. Niente biglietti, niente programma \u2014 basta presentarsi in qualsiasi spiaggia. I posti pi\u00f9 popolari includono Playa de las Teresitas a Santa Cruz e Playa de Los Cristianos a sud.<\/p>\n                <\/div>\n            <\/div>\n        <\/div>\n\n        <div itemprop=\"mainEntity\" itemscope=\"\" itemtype=\"https:\/\/schema.org\/Question\">\n            <h3 itemprop=\"name\">Quando si svolger\u00e0 il Sunblast Festival 2026 e dove?<\/h3>\n            <div itemprop=\"acceptedAnswer\" itemscope=\"\" itemtype=\"https:\/\/schema.org\/Answer\">\n                <div itemprop=\"text\">\n                    <p>Il Sunblast Festival 2026 si svolger\u00e0 l&#8217;8 agosto al Golf Costa Adeje nel sud di Tenerife. \u00c8 il festival di musica elettronica pi\u00f9 grande delle Isole Canarie \u2014 un evento di un giorno che dura oltre 9 ore su 6 o 7 palchi con un pubblico di oltre 20.000 persone. I precedenti headliner includono Boris Brejcha, Bad Gyal e Steve Aoki. La lineup del 2026 non \u00e8 stata ancora annunciata. I biglietti sono disponibili su farra.world\/sunblast. Gli alloggi a Costa Adeje si riempiono rapidamente per questo weekend \u2014 prenota con largo anticipo.<\/p>\n                <\/div>\n            <\/div>\n        <\/div>\n\n        <div itemprop=\"mainEntity\" itemscope=\"\" itemtype=\"https:\/\/schema.org\/Question\">\n            <h3 itemprop=\"name\">Che cos&#8217;\u00e8 Farra World e perch\u00e9 continua a comparire accanto agli eventi di Tenerife?<\/h3>\n            <div itemprop=\"acceptedAnswer\" itemscope=\"\" itemtype=\"https:\/\/schema.org\/Answer\">\n                <div itemprop=\"text\">\n                    <p>Farra World \u00e8 la compagnia di produzione dietro la maggior parte dei principali eventi elettronici nel sud di Tenerife. La loro stagione 2026 include Lost Nomads, La Misa, Sunblast, BRESH, Elrow XXL e le sessioni in corso del Las Rocas Beach Club. Poich\u00e9 la maggior parte degli eventi di Farra World utilizza gli stessi luoghi nel sud di Tenerife \u2014 principalmente Golf Costa Adeje e Las Rocas Beach Club a Costa Adeje \u2014 una base nel sud copre la maggior parte del calendario dei festival elettronici senza dover spostarsi tra un evento e l&#8217;altro.<\/p>\n                <\/div>\n            <\/div>\n        <\/div>\n\n        <div itemprop=\"mainEntity\" itemscope=\"\" itemtype=\"https:\/\/schema.org\/Question\">\n            <h3 itemprop=\"name\">Qual \u00e8 il periodo migliore dell&#8217;anno per visitare Tenerife per i festival musicali?<\/h3>\n            <div itemprop=\"acceptedAnswer\" itemscope=\"\" itemtype=\"https:\/\/schema.org\/Answer\">\n                <div itemprop=\"text\">\n                    <p>Il picco del calendario dei festival va da aprile a ottobre, con agosto che \u00e8 il mese pi\u00f9 intenso (Sunblast l&#8217;8 agosto). Per la musica elettronica in particolare, il periodo migliore \u00e8 da aprile a ottobre quando \u00e8 attiva la stagione di Farra World. Settembre \u00e8 un periodo sottovalutato: il Phe Festival (4-5 settembre) e Noct\u00e1mbula (12 settembre) si svolgono nella stessa settimana, le temperature sono ancora calde a 25-27\u00b0C, i volumi di turisti sono inferiori rispetto ad agosto e i prezzi degli alloggi scendono significativamente. Ottobre offre il Tenerife Pe\u00f1\u00f3n Fest (rock\/indie, 23-24 ottobre) e l&#8217;atteso Elrow XXL con un clima davvero confortevole e un valore molto migliore per voli e letti.<\/p>\n                <\/div>\n            <\/div>\n        <\/div>\n\n        <div itemprop=\"mainEntity\" itemscope=\"\" itemtype=\"https:\/\/schema.org\/Question\">\n            <h3 itemprop=\"name\">Ci sono eventi musicali o culturali gratuiti a Tenerife nel 2026?<\/h3>\n            <div itemprop=\"acceptedAnswer\" itemscope=\"\" itemtype=\"https:\/\/schema.org\/Answer\">\n                <div itemprop=\"text\">\n                    <p>S\u00ec \u2014 diversi dei migliori eventi a Tenerife non costano nulla. MUECA (maggio, Puerto de la Cruz) \u00e8 un festival internazionale delle arti di strada che dura quattro giorni ed \u00e8 completamente gratuito. Noche de San Juan (23\u201324 giu) \u00e8 una celebrazione gratuita di fal\u00f2 sulla spiaggia in tutta l&#8217;isola. Il festival Canarias Jazz &#038; M\u00e1s di solito include concerti all&#8217;aperto gratuiti insieme al suo programma in auditorium a pagamento. I tappeti di fiori del Corpus Christi a La Orotava (11\u201315 giu), tutte le romer\u00edas, la processione marittima della Virgen del Carmen (16 lug) e le Fiestas de la Virgen de Candelaria (15 ago) sono tutti gratuiti. Il Carnaval Internacional de Los Cristianos (5\u201316 mar) \u00e8 anch&#8217;esso completamente gratuito.<\/p>\n                <\/div>\n            <\/div>\n        <\/div>\n\n        <div itemprop=\"mainEntity\" itemscope=\"\" itemtype=\"https:\/\/schema.org\/Question\">\n            <h3 itemprop=\"name\">Dove dovrei soggiornare a Tenerife per i festival elettronici?<\/h3>\n            <div itemprop=\"acceptedAnswer\" itemscope=\"\" itemtype=\"https:\/\/schema.org\/Answer\">\n                <div itemprop=\"text\">\n                    <p>Costa Adeje nel sud di Tenerife \u00e8 la migliore base per i festival elettronici. Quasi ogni grande evento elettronico nel 2026 \u2014 Lost Nomads, La Misa, Sunblast, BRESH, Elrow XXL e le sessioni del Las Rocas Beach Club \u2014 si svolge al Golf Costa Adeje o in venue vicine. Soggiornare a Costa Adeje ti mette a 5-10 minuti in taxi dalle zone degli eventi, a pochi passi da alcune delle migliori spiagge dell&#8217;isola e in una posizione ideale per recuperare dopo il festival. Per eventi indie e alternativi come il Phe Festival e MUECA, Puerto de la Cruz a nord \u00e8 la base giusta.<\/p>\n                <\/div>\n            <\/div>\n        <\/div>\n\n    <\/div>\n<\/section>\n\n<hr class=\"wp-block-separator has-alpha-channel-opacity is-style-dots\"\/>\n\n<div class=\"text-center\"><blockquote class=\"m-auto instagram-media\" data-instgrm-captioned=\"\" data-instgrm-permalink=\"https:\/\/www.instagram.com\/reel\/DU6M7y1jWU8\/?utm_source=ig_embed&#038;utm_campaign=loading\" data-instgrm-version=\"14\" style=\" background:#FFF; border:0; border-radius:3px; box-shadow:0 0 1px 0 rgba(0,0,0,0.5),0 1px 10px 0 rgba(0,0,0,0.15); margin: 1px; max-width:540px; min-width:326px; padding:0; width:99.375%; width:-webkit-calc(100% - 2px); width:calc(100% - 2px);\"><div style=\"padding:16px;\"> <a href=\"https:\/\/www.instagram.com\/reel\/DU6M7y1jWU8\/?utm_source=ig_embed&#038;utm_campaign=loading\" style=\" background:#FFFFFF; line-height:0; padding:0 0; text-align:center; text-decoration:none; width:100%;\" target=\"_blank\"> <div style=\" display: flex; flex-direction: row; align-items: center;\"> <div style=\"background-color: #F4F4F4; border-radius: 50%; flex-grow: 0; height: 40px; margin-right: 14px; width: 40px;\"><\/div> <div style=\"display: flex; flex-direction: column; flex-grow: 1; justify-content: center;\"> <div style=\" background-color: #F4F4F4; border-radius: 4px; flex-grow: 0; height: 14px; margin-bottom: 6px; width: 100px;\"><\/div> <div style=\" background-color: #F4F4F4; border-radius: 4px; flex-grow: 0; height: 14px; width: 60px;\"><\/div><\/div><\/div><div style=\"padding: 19% 0;\"><\/div> <div style=\"display:block; height:50px; margin:0 auto 12px; width:50px;\"><svg width=\"50px\" height=\"50px\" viewbox=\"0 0 60 60\" version=\"1.1\" xmlns=\"https:\/\/www.w3.org\/2000\/svg\" xmlns:xlink=\"https:\/\/www.w3.org\/1999\/xlink\"><g stroke=\"none\" stroke-width=\"1\" fill=\"none\" fill-rule=\"evenodd\"><g transform=\"translate(-511.000000, -20.000000)\" fill=\"#000000\"><g><path d=\"M556.869,30.41 C554.814,30.41 553.148,32.076 553.148,34.131 C553.148,36.186 554.814,37.852 556.869,37.852 C558.924,37.852 560.59,36.186 560.59,34.131 C560.59,32.076 558.924,30.41 556.869,30.41 M541,60.657 C535.114,60.657 530.342,55.887 530.342,50 C530.342,44.114 535.114,39.342 541,39.342 C546.887,39.342 551.658,44.114 551.658,50 C551.658,55.887 546.887,60.657 541,60.657 M541,33.886 C532.1,33.886 524.886,41.1 524.886,50 C524.886,58.899 532.1,66.113 541,66.113 C549.9,66.113 557.115,58.899 557.115,50 C557.115,41.1 549.9,33.886 541,33.886 M565.378,62.101 C565.244,65.022 564.756,66.606 564.346,67.663 C563.803,69.06 563.154,70.057 562.106,71.106 C561.058,72.155 560.06,72.803 558.662,73.347 C557.607,73.757 556.021,74.244 553.102,74.378 C549.944,74.521 548.997,74.552 541,74.552 C533.003,74.552 532.056,74.521 528.898,74.378 C525.979,74.244 524.393,73.757 523.338,73.347 C521.94,72.803 520.942,72.155 519.894,71.106 C518.846,70.057 518.197,69.06 517.654,67.663 C517.244,66.606 516.755,65.022 516.623,62.101 C516.479,58.943 516.448,57.996 516.448,50 C516.448,42.003 516.479,41.056 516.623,37.899 C516.755,34.978 517.244,33.391 517.654,32.338 C518.197,30.938 518.846,29.942 519.894,28.894 C520.942,27.846 521.94,27.196 523.338,26.654 C524.393,26.244 525.979,25.756 528.898,25.623 C532.057,25.479 533.004,25.448 541,25.448 C548.997,25.448 549.943,25.479 553.102,25.623 C556.021,25.756 557.607,26.244 558.662,26.654 C560.06,27.196 561.058,27.846 562.106,28.894 C563.154,29.942 563.803,30.938 564.346,32.338 C564.756,33.391 565.244,34.978 565.378,37.899 C565.522,41.056 565.552,42.003 565.552,50 C565.552,57.996 565.522,58.943 565.378,62.101 M570.82,37.631 C570.674,34.438 570.167,32.258 569.425,30.349 C568.659,28.377 567.633,26.702 565.965,25.035 C564.297,23.368 562.623,22.342 560.652,21.575 C558.743,20.834 556.562,20.326 553.369,20.18 C550.169,20.033 549.148,20 541,20 C532.853,20 531.831,20.033 528.631,20.18 C525.438,20.326 523.257,20.834 521.349,21.575 C519.376,22.342 517.703,23.368 516.035,25.035 C514.368,26.702 513.342,28.377 512.574,30.349 C511.834,32.258 511.326,34.438 511.181,37.631 C511.035,40.831 511,41.851 511,50 C511,58.147 511.035,59.17 511.181,62.369 C511.326,65.562 511.834,67.743 512.574,69.651 C513.342,71.625 514.368,73.296 516.035,74.965 C517.703,76.634 519.376,77.658 521.349,78.425 C523.257,79.167 525.438,79.673 528.631,79.82 C531.831,79.965 532.853,80.001 541,80.001 C549.148,80.001 550.169,79.965 553.369,79.82 C556.562,79.673 558.743,79.167 560.652,78.425 C562.623,77.658 564.297,76.634 565.965,74.965 C567.633,73.296 568.659,71.625 569.425,69.651 C570.167,67.743 570.674,65.562 570.82,62.369 C570.966,59.17 571,58.147 571,50 C571,41.851 570.966,40.831 570.82,37.631\"><\/path><\/g><\/g><\/g><\/svg><\/div><div style=\"padding-top: 8px;\"> <div style=\" color:#3897f0; font-family:Arial,sans-serif; font-size:14px; font-style:normal; font-weight:550; line-height:18px;\">Visualizza questo post su Instagram<\/div><\/div><div style=\"padding: 12.5% 0;\"><\/div> <div style=\"display: flex; flex-direction: row; margin-bottom: 14px; align-items: center;\"><div> <div style=\"background-color: #F4F4F4; border-radius: 50%; height: 12.5px; width: 12.5px; transform: translateX(0px) translateY(7px);\"><\/div> <div style=\"background-color: #F4F4F4; height: 12.5px; transform: rotate(-45deg) translateX(3px) translateY(1px); width: 12.5px; flex-grow: 0; margin-right: 14px; margin-left: 2px;\"><\/div> <div style=\"background-color: #F4F4F4; border-radius: 50%; height: 12.5px; width: 12.5px; transform: translateX(9px) translateY(-18px);\"><\/div><\/div><div style=\"margin-left: 8px;\"> <div style=\" background-color: #F4F4F4; border-radius: 50%; flex-grow: 0; height: 20px; width: 20px;\"><\/div> <div style=\" width: 0; height: 0; border-top: 2px solid transparent; border-left: 6px solid #f4f4f4; border-bottom: 2px solid transparent; transform: translateX(16px) translateY(-4px) rotate(30deg)\"><\/div><\/div><div style=\"margin-left: auto;\"> <div style=\" width: 0px; border-top: 8px solid #F4F4F4; border-right: 8px solid transparent; transform: translateY(16px);\"><\/div> <div style=\" background-color: #F4F4F4; flex-grow: 0; height: 12px; width: 16px; transform: translateY(-4px);\"><\/div> <div style=\" width: 0; height: 0; border-top: 8px solid #F4F4F4; border-left: 8px solid transparent; transform: translateY(-4px) translateX(8px);\"><\/div><\/div><\/div> <div style=\"display: flex; flex-direction: column; flex-grow: 1; justify-content: center; margin-bottom: 24px;\"> <div style=\" background-color: #F4F4F4; border-radius: 4px; flex-grow: 0; height: 14px; margin-bottom: 6px; width: 224px;\"><\/div> <div style=\" background-color: #F4F4F4; border-radius: 4px; flex-grow: 0; height: 14px; width: 144px;\"><\/div><\/div><\/a><p style=\" color:#c9c8cd; font-family:Arial,sans-serif; font-size:14px; line-height:17px; margin-bottom:0; margin-top:8px; overflow:hidden; padding:8px 0 7px; text-align:center; text-overflow:ellipsis; white-space:nowrap;\"><a href=\"https:\/\/www.instagram.com\/reel\/DU6M7y1jWU8\/?utm_source=ig_embed&#038;utm_campaign=loading\" style=\" color:#c9c8cd; font-family:Arial,sans-serif; font-size:14px; font-style:normal; font-weight:normal; line-height:17px; text-decoration:none;\" target=\"_blank\">Un post condiviso da FARRA UNDERWORLD &#8211; FESTIVAL M\u00daSICA UNDERGROUND (@farraunderworld)<\/a><\/p><\/div><\/blockquote><\/div>\n<script async=\"\" src=\"\/\/www.instagram.com\/embed.js\"><\/script>\n","protected":false},"excerpt":{"rendered":"<p>Ogni festival musicale e grande evento a Tenerife per il 2026, tutto in una guida. Date confermate, lineup complete, prezzi dei biglietti e dove sistemarti \u2014 da Sunblast ad agosto a Phe Festival a settembre, Lost Nomads ad aprile fino a Elrow XXL in ottobre. E non dimenticare la tabella di riferimento veloce per tutti gli eventi culturali che si svolgono sull&#8217;isola durante l&#8217;anno.<\/p>\n","protected":false},"author":3,"featured_media":22365,"comment_status":"open","ping_status":"open","sticky":false,"template":"","format":"standard","meta":{"footnotes":""},"categories":[121],"tags":[],"class_list":["post-22401","post","type-post","status-publish","format-standard","has-post-thumbnail","hentry","category-cultura-it"],"acf":[],"yoast_head":"<!-- This site is optimized with the Yoast SEO plugin v27.1.1 - https:\/\/yoast.com\/product\/yoast-seo-wordpress\/ -->\n<title>Festival Musicali Tenerife 2026: Calendario Completo | Nests Hostels<\/title>\n<meta name=\"description\" content=\"Ogni festival confermato a Tenerife per il 2026 \u2014 Sunblast, Lost Nomads, Phe, Elrow XXL e molti altri. Date, lineup, biglietti e dove soggiornare. Pianifica il tuo viaggio ora.\" \/>\n<meta name=\"robots\" content=\"index, follow, max-snippet:-1, max-image-preview:large, max-video-preview:-1\" \/>\n<link rel=\"canonical\" href=\"https:\/\/nestshostels.com\/it\/music-festivals-tenerife-2026\/\" \/>\n<meta property=\"og:locale\" content=\"it_IT\" \/>\n<meta property=\"og:type\" content=\"article\" \/>\n<meta property=\"og:title\" content=\"I Migliori Festival Musicali a Tenerife 2026 \ud83c\udfb6 Calendario Completo e Guida\" \/>\n<meta property=\"og:description\" content=\"Sunblast, Lost Nomads, Phe, Noct\u00e1mbula, Elrow XXL e 12 altri eventi. Date complete, lineup, biglietti e dove alloggiare \u2014 la guida ai festival di Tenerife per il 2026 che ti serve.\" \/>\n<meta property=\"og:url\" content=\"https:\/\/nestshostels.com\/it\/music-festivals-tenerife-2026\/\" \/>\n<meta property=\"og:site_name\" content=\"Nests Hostels\" \/>\n<meta property=\"article:publisher\" content=\"https:\/\/www.facebook.com\/nesthosteltenerife\/\" \/>\n<meta property=\"article:published_time\" content=\"2026-03-13T15:48:04+00:00\" \/>\n<meta property=\"article:modified_time\" content=\"2026-04-17T06:39:18+00:00\" \/>\n<meta property=\"og:image\" content=\"https:\/\/nestshostels.com\/wp-content\/uploads\/2026\/03\/ChatGPT-Image-5-mar-2026-12_26_44-1024x683.png\" \/>\n<meta name=\"author\" content=\"Artur\" \/>\n<meta name=\"twitter:card\" content=\"summary_large_image\" \/>\n<meta name=\"twitter:title\" content=\"I Migliori Festival Musicali a Tenerife 2026 \ud83c\udfb6 Calendario Completo e Guida\" \/>\n<meta name=\"twitter:description\" content=\"Sunblast, Lost Nomads, Phe, Noct\u00e1mbula, Elrow XXL e 12 altri eventi. Date complete, lineup, biglietti e dove alloggiare \u2014 la guida ai festival di Tenerife per il 2026 che ti serve.\" \/>\n<meta name=\"twitter:image\" content=\"https:\/\/nestshostels.com\/wp-content\/uploads\/2026\/03\/ChatGPT-Image-5-mar-2026-12_26_44-1024x683.png\" \/>\n<meta name=\"twitter:label1\" content=\"Scritto da\" \/>\n\t<meta name=\"twitter:data1\" content=\"Artur\" \/>\n\t<meta name=\"twitter:label2\" content=\"Tempo di lettura stimato\" \/>\n\t<meta name=\"twitter:data2\" content=\"30 minuti\" \/>\n<script type=\"application\/ld+json\" class=\"yoast-schema-graph\">{\"@context\":\"https:\/\/schema.org\",\"@graph\":[{\"@type\":\"Article\",\"@id\":\"https:\/\/nestshostels.com\/it\/music-festivals-tenerife-2026\/#article\",\"isPartOf\":{\"@id\":\"https:\/\/nestshostels.com\/it\/music-festivals-tenerife-2026\/\"},\"author\":{\"name\":\"Artur\",\"@id\":\"https:\/\/nestshostels.com\/it\/#\/schema\/person\/0e74957900b656bf8bc4abe11337fe43\"},\"headline\":\"I Migliori Festival Musicali a Tenerife 2026 \u2014 Calendario Completo, Date e Tutto Quello che Devi Sapere\",\"datePublished\":\"2026-03-13T15:48:04+00:00\",\"dateModified\":\"2026-04-17T06:39:18+00:00\",\"mainEntityOfPage\":{\"@id\":\"https:\/\/nestshostels.com\/it\/music-festivals-tenerife-2026\/\"},\"wordCount\":6217,\"commentCount\":0,\"publisher\":{\"@id\":\"https:\/\/nestshostels.com\/it\/#organization\"},\"image\":{\"@id\":\"https:\/\/nestshostels.com\/it\/music-festivals-tenerife-2026\/#primaryimage\"},\"thumbnailUrl\":\"https:\/\/nestshostels.com\/wp-content\/uploads\/2026\/03\/ChatGPT-Image-5-mar-2026-12_26_44.png\",\"articleSection\":[\"Cultura\"],\"inLanguage\":\"it-IT\",\"potentialAction\":[{\"@type\":\"CommentAction\",\"name\":\"Comment\",\"target\":[\"https:\/\/nestshostels.com\/it\/music-festivals-tenerife-2026\/#respond\"]}]},{\"@type\":\"WebPage\",\"@id\":\"https:\/\/nestshostels.com\/it\/music-festivals-tenerife-2026\/\",\"url\":\"https:\/\/nestshostels.com\/it\/music-festivals-tenerife-2026\/\",\"name\":\"Festival Musicali Tenerife 2026: Calendario Completo | Nests Hostels\",\"isPartOf\":{\"@id\":\"https:\/\/nestshostels.com\/it\/#website\"},\"primaryImageOfPage\":{\"@id\":\"https:\/\/nestshostels.com\/it\/music-festivals-tenerife-2026\/#primaryimage\"},\"image\":{\"@id\":\"https:\/\/nestshostels.com\/it\/music-festivals-tenerife-2026\/#primaryimage\"},\"thumbnailUrl\":\"https:\/\/nestshostels.com\/wp-content\/uploads\/2026\/03\/ChatGPT-Image-5-mar-2026-12_26_44.png\",\"datePublished\":\"2026-03-13T15:48:04+00:00\",\"dateModified\":\"2026-04-17T06:39:18+00:00\",\"description\":\"Ogni festival confermato a Tenerife per il 2026 \u2014 Sunblast, Lost Nomads, Phe, Elrow XXL e molti altri. Date, lineup, biglietti e dove soggiornare. Pianifica il tuo viaggio ora.\",\"breadcrumb\":{\"@id\":\"https:\/\/nestshostels.com\/it\/music-festivals-tenerife-2026\/#breadcrumb\"},\"inLanguage\":\"it-IT\",\"potentialAction\":[{\"@type\":\"ReadAction\",\"target\":[\"https:\/\/nestshostels.com\/it\/music-festivals-tenerife-2026\/\"]}]},{\"@type\":\"ImageObject\",\"inLanguage\":\"it-IT\",\"@id\":\"https:\/\/nestshostels.com\/it\/music-festivals-tenerife-2026\/#primaryimage\",\"url\":\"https:\/\/nestshostels.com\/wp-content\/uploads\/2026\/03\/ChatGPT-Image-5-mar-2026-12_26_44.png\",\"contentUrl\":\"https:\/\/nestshostels.com\/wp-content\/uploads\/2026\/03\/ChatGPT-Image-5-mar-2026-12_26_44.png\",\"width\":1536,\"height\":1024,\"caption\":\"Tenerfie Summer Festivals 2026 full guide\"},{\"@type\":\"BreadcrumbList\",\"@id\":\"https:\/\/nestshostels.com\/it\/music-festivals-tenerife-2026\/#breadcrumb\",\"itemListElement\":[{\"@type\":\"ListItem\",\"position\":1,\"name\":\"Portada\",\"item\":\"https:\/\/nestshostels.com\/it\/\"},{\"@type\":\"ListItem\",\"position\":2,\"name\":\"I Migliori Festival Musicali a Tenerife 2026 \u2014 Calendario Completo, Date e Tutto Quello che Devi Sapere\"}]},{\"@type\":\"WebSite\",\"@id\":\"https:\/\/nestshostels.com\/it\/#website\",\"url\":\"https:\/\/nestshostels.com\/it\/\",\"name\":\"Nests Hostels\",\"description\":\"Tenerife Hostels for Travellers &amp; Digital Nomads\",\"publisher\":{\"@id\":\"https:\/\/nestshostels.com\/it\/#organization\"},\"alternateName\":\"Nest\",\"potentialAction\":[{\"@type\":\"SearchAction\",\"target\":{\"@type\":\"EntryPoint\",\"urlTemplate\":\"https:\/\/nestshostels.com\/it\/?s={search_term_string}\"},\"query-input\":{\"@type\":\"PropertyValueSpecification\",\"valueRequired\":true,\"valueName\":\"search_term_string\"}}],\"inLanguage\":\"it-IT\"},{\"@type\":\"Organization\",\"@id\":\"https:\/\/nestshostels.com\/it\/#organization\",\"name\":\"Nests Hostels\",\"alternateName\":\"Nest\",\"url\":\"https:\/\/nestshostels.com\/it\/\",\"logo\":{\"@type\":\"ImageObject\",\"inLanguage\":\"it-IT\",\"@id\":\"https:\/\/nestshostels.com\/it\/#\/schema\/logo\/image\/\",\"url\":\"https:\/\/nestshostels.com\/wp-content\/uploads\/logo-nests-hostel.webp\",\"contentUrl\":\"https:\/\/nestshostels.com\/wp-content\/uploads\/logo-nests-hostel.webp\",\"width\":200,\"height\":217,\"caption\":\"Nests Hostels\"},\"image\":{\"@id\":\"https:\/\/nestshostels.com\/it\/#\/schema\/logo\/image\/\"},\"sameAs\":[\"https:\/\/www.facebook.com\/nesthosteltenerife\/\",\"https:\/\/www.instagram.com\/nestshostels\/\",\"https:\/\/www.tiktok.com\/@nestshostels\",\"https:\/\/www.threads.com\/@nestshostels\/\",\"https:\/\/www.youtube.com\/@nestshostels\/\"]},{\"@type\":\"Person\",\"@id\":\"https:\/\/nestshostels.com\/it\/#\/schema\/person\/0e74957900b656bf8bc4abe11337fe43\",\"name\":\"Artur\",\"image\":{\"@type\":\"ImageObject\",\"inLanguage\":\"it-IT\",\"@id\":\"https:\/\/nestshostels.com\/it\/#\/schema\/person\/image\/\",\"url\":\"https:\/\/secure.gravatar.com\/avatar\/d6413025fb6a3a11bf24c7b7d4d8c0b223859f4f0de2c17883591c96f4003222?s=96&r=g\",\"contentUrl\":\"https:\/\/secure.gravatar.com\/avatar\/d6413025fb6a3a11bf24c7b7d4d8c0b223859f4f0de2c17883591c96f4003222?s=96&r=g\",\"caption\":\"Artur\"}}]}<\/script>\n<!-- \/ Yoast SEO plugin. -->","yoast_head_json":{"title":"Festival Musicali Tenerife 2026: Calendario Completo | Nests Hostels","description":"Ogni festival confermato a Tenerife per il 2026 \u2014 Sunblast, Lost Nomads, Phe, Elrow XXL e molti altri. Date, lineup, biglietti e dove soggiornare. Pianifica il tuo viaggio ora.","robots":{"index":"index","follow":"follow","max-snippet":"max-snippet:-1","max-image-preview":"max-image-preview:large","max-video-preview":"max-video-preview:-1"},"canonical":"https:\/\/nestshostels.com\/it\/music-festivals-tenerife-2026\/","og_locale":"it_IT","og_type":"article","og_title":"I Migliori Festival Musicali a Tenerife 2026 \ud83c\udfb6 Calendario Completo e Guida","og_description":"Sunblast, Lost Nomads, Phe, Noct\u00e1mbula, Elrow XXL e 12 altri eventi. Date complete, lineup, biglietti e dove alloggiare \u2014 la guida ai festival di Tenerife per il 2026 che ti serve.","og_url":"https:\/\/nestshostels.com\/it\/music-festivals-tenerife-2026\/","og_site_name":"Nests Hostels","article_publisher":"https:\/\/www.facebook.com\/nesthosteltenerife\/","article_published_time":"2026-03-13T15:48:04+00:00","article_modified_time":"2026-04-17T06:39:18+00:00","og_image":[{"url":"https:\/\/nestshostels.com\/wp-content\/uploads\/2026\/03\/ChatGPT-Image-5-mar-2026-12_26_44-1024x683.png","type":"","width":"","height":""}],"author":"Artur","twitter_card":"summary_large_image","twitter_title":"I Migliori Festival Musicali a Tenerife 2026 \ud83c\udfb6 Calendario Completo e Guida","twitter_description":"Sunblast, Lost Nomads, Phe, Noct\u00e1mbula, Elrow XXL e 12 altri eventi. Date complete, lineup, biglietti e dove alloggiare \u2014 la guida ai festival di Tenerife per il 2026 che ti serve.","twitter_image":"https:\/\/nestshostels.com\/wp-content\/uploads\/2026\/03\/ChatGPT-Image-5-mar-2026-12_26_44-1024x683.png","twitter_misc":{"Scritto da":"Artur","Tempo di lettura stimato":"30 minuti"},"schema":{"@context":"https:\/\/schema.org","@graph":[{"@type":"Article","@id":"https:\/\/nestshostels.com\/it\/music-festivals-tenerife-2026\/#article","isPartOf":{"@id":"https:\/\/nestshostels.com\/it\/music-festivals-tenerife-2026\/"},"author":{"name":"Artur","@id":"https:\/\/nestshostels.com\/it\/#\/schema\/person\/0e74957900b656bf8bc4abe11337fe43"},"headline":"I Migliori Festival Musicali a Tenerife 2026 \u2014 Calendario Completo, Date e Tutto Quello che Devi Sapere","datePublished":"2026-03-13T15:48:04+00:00","dateModified":"2026-04-17T06:39:18+00:00","mainEntityOfPage":{"@id":"https:\/\/nestshostels.com\/it\/music-festivals-tenerife-2026\/"},"wordCount":6217,"commentCount":0,"publisher":{"@id":"https:\/\/nestshostels.com\/it\/#organization"},"image":{"@id":"https:\/\/nestshostels.com\/it\/music-festivals-tenerife-2026\/#primaryimage"},"thumbnailUrl":"https:\/\/nestshostels.com\/wp-content\/uploads\/2026\/03\/ChatGPT-Image-5-mar-2026-12_26_44.png","articleSection":["Cultura"],"inLanguage":"it-IT","potentialAction":[{"@type":"CommentAction","name":"Comment","target":["https:\/\/nestshostels.com\/it\/music-festivals-tenerife-2026\/#respond"]}]},{"@type":"WebPage","@id":"https:\/\/nestshostels.com\/it\/music-festivals-tenerife-2026\/","url":"https:\/\/nestshostels.com\/it\/music-festivals-tenerife-2026\/","name":"Festival Musicali Tenerife 2026: Calendario Completo | Nests Hostels","isPartOf":{"@id":"https:\/\/nestshostels.com\/it\/#website"},"primaryImageOfPage":{"@id":"https:\/\/nestshostels.com\/it\/music-festivals-tenerife-2026\/#primaryimage"},"image":{"@id":"https:\/\/nestshostels.com\/it\/music-festivals-tenerife-2026\/#primaryimage"},"thumbnailUrl":"https:\/\/nestshostels.com\/wp-content\/uploads\/2026\/03\/ChatGPT-Image-5-mar-2026-12_26_44.png","datePublished":"2026-03-13T15:48:04+00:00","dateModified":"2026-04-17T06:39:18+00:00","description":"Ogni festival confermato a Tenerife per il 2026 \u2014 Sunblast, Lost Nomads, Phe, Elrow XXL e molti altri. Date, lineup, biglietti e dove soggiornare. Pianifica il tuo viaggio ora.","breadcrumb":{"@id":"https:\/\/nestshostels.com\/it\/music-festivals-tenerife-2026\/#breadcrumb"},"inLanguage":"it-IT","potentialAction":[{"@type":"ReadAction","target":["https:\/\/nestshostels.com\/it\/music-festivals-tenerife-2026\/"]}]},{"@type":"ImageObject","inLanguage":"it-IT","@id":"https:\/\/nestshostels.com\/it\/music-festivals-tenerife-2026\/#primaryimage","url":"https:\/\/nestshostels.com\/wp-content\/uploads\/2026\/03\/ChatGPT-Image-5-mar-2026-12_26_44.png","contentUrl":"https:\/\/nestshostels.com\/wp-content\/uploads\/2026\/03\/ChatGPT-Image-5-mar-2026-12_26_44.png","width":1536,"height":1024,"caption":"Tenerfie Summer Festivals 2026 full guide"},{"@type":"BreadcrumbList","@id":"https:\/\/nestshostels.com\/it\/music-festivals-tenerife-2026\/#breadcrumb","itemListElement":[{"@type":"ListItem","position":1,"name":"Portada","item":"https:\/\/nestshostels.com\/it\/"},{"@type":"ListItem","position":2,"name":"I Migliori Festival Musicali a Tenerife 2026 \u2014 Calendario Completo, Date e Tutto Quello che Devi Sapere"}]},{"@type":"WebSite","@id":"https:\/\/nestshostels.com\/it\/#website","url":"https:\/\/nestshostels.com\/it\/","name":"Nests Hostels","description":"Tenerife Hostels for Travellers &amp; Digital Nomads","publisher":{"@id":"https:\/\/nestshostels.com\/it\/#organization"},"alternateName":"Nest","potentialAction":[{"@type":"SearchAction","target":{"@type":"EntryPoint","urlTemplate":"https:\/\/nestshostels.com\/it\/?s={search_term_string}"},"query-input":{"@type":"PropertyValueSpecification","valueRequired":true,"valueName":"search_term_string"}}],"inLanguage":"it-IT"},{"@type":"Organization","@id":"https:\/\/nestshostels.com\/it\/#organization","name":"Nests Hostels","alternateName":"Nest","url":"https:\/\/nestshostels.com\/it\/","logo":{"@type":"ImageObject","inLanguage":"it-IT","@id":"https:\/\/nestshostels.com\/it\/#\/schema\/logo\/image\/","url":"https:\/\/nestshostels.com\/wp-content\/uploads\/logo-nests-hostel.webp","contentUrl":"https:\/\/nestshostels.com\/wp-content\/uploads\/logo-nests-hostel.webp","width":200,"height":217,"caption":"Nests Hostels"},"image":{"@id":"https:\/\/nestshostels.com\/it\/#\/schema\/logo\/image\/"},"sameAs":["https:\/\/www.facebook.com\/nesthosteltenerife\/","https:\/\/www.instagram.com\/nestshostels\/","https:\/\/www.tiktok.com\/@nestshostels","https:\/\/www.threads.com\/@nestshostels\/","https:\/\/www.youtube.com\/@nestshostels\/"]},{"@type":"Person","@id":"https:\/\/nestshostels.com\/it\/#\/schema\/person\/0e74957900b656bf8bc4abe11337fe43","name":"Artur","image":{"@type":"ImageObject","inLanguage":"it-IT","@id":"https:\/\/nestshostels.com\/it\/#\/schema\/person\/image\/","url":"https:\/\/secure.gravatar.com\/avatar\/d6413025fb6a3a11bf24c7b7d4d8c0b223859f4f0de2c17883591c96f4003222?s=96&r=g","contentUrl":"https:\/\/secure.gravatar.com\/avatar\/d6413025fb6a3a11bf24c7b7d4d8c0b223859f4f0de2c17883591c96f4003222?s=96&r=g","caption":"Artur"}}]}},"_links":{"self":[{"href":"https:\/\/nestshostels.com\/it\/wp-json\/wp\/v2\/posts\/22401","targetHints":{"allow":["GET"]}}],"collection":[{"href":"https:\/\/nestshostels.com\/it\/wp-json\/wp\/v2\/posts"}],"about":[{"href":"https:\/\/nestshostels.com\/it\/wp-json\/wp\/v2\/types\/post"}],"author":[{"embeddable":true,"href":"https:\/\/nestshostels.com\/it\/wp-json\/wp\/v2\/users\/3"}],"replies":[{"embeddable":true,"href":"https:\/\/nestshostels.com\/it\/wp-json\/wp\/v2\/comments?post=22401"}],"version-history":[{"count":5,"href":"https:\/\/nestshostels.com\/it\/wp-json\/wp\/v2\/posts\/22401\/revisions"}],"predecessor-version":[{"id":24147,"href":"https:\/\/nestshostels.com\/it\/wp-json\/wp\/v2\/posts\/22401\/revisions\/24147"}],"wp:featuredmedia":[{"embeddable":true,"href":"https:\/\/nestshostels.com\/it\/wp-json\/wp\/v2\/media\/22365"}],"wp:attachment":[{"href":"https:\/\/nestshostels.com\/it\/wp-json\/wp\/v2\/media?parent=22401"}],"wp:term":[{"taxonomy":"category","embeddable":true,"href":"https:\/\/nestshostels.com\/it\/wp-json\/wp\/v2\/categories?post=22401"},{"taxonomy":"post_tag","embeddable":true,"href":"https:\/\/nestshostels.com\/it\/wp-json\/wp\/v2\/tags?post=22401"}],"curies":[{"name":"wp","href":"https:\/\/api.w.org\/{rel}","templated":true}]}}