{"id":19418,"date":"2024-07-07T12:16:50","date_gmt":"2024-07-07T12:16:50","guid":{"rendered":"https:\/\/nestshostels.com\/sunblast-2024-tenerife-sur\/"},"modified":"2025-10-01T13:29:26","modified_gmt":"2025-10-01T13:29:26","slug":"sunblast-2024-tenerife-sur","status":"publish","type":"post","link":"https:\/\/nestshostels.com\/it\/sunblast-2024-tenerife-sur\/","title":{"rendered":"SUNBLAST 2024 &#8211; TENERIFE SUD"},"content":{"rendered":"\n<p><strong> Sunblast Festival 2024<\/strong><\/p>\n\n<div class=\"wp-block-media-text is-stacked-on-mobile is-style-rounded\"><figure class=\"wp-block-media-text__media\"><img loading=\"lazy\" decoding=\"async\" width=\"1024\" height=\"389\" src=\"https:\/\/nestshostels.com\/wp-content\/uploads\/sunblast-1024x389.jpg\" alt=\"\" class=\"wp-image-9776 size-full\" srcset=\"https:\/\/nestshostels.com\/wp-content\/uploads\/sunblast-1024x389.jpg 1024w, https:\/\/nestshostels.com\/wp-content\/uploads\/sunblast-300x114.jpg 300w, https:\/\/nestshostels.com\/wp-content\/uploads\/sunblast-768x292.jpg 768w, https:\/\/nestshostels.com\/wp-content\/uploads\/sunblast.jpg 1420w\" sizes=\"auto, (max-width: 1024px) 100vw, 1024px\" \/><\/figure><div class=\"wp-block-media-text__content\">\n<p><\/p>\n<\/div><\/div>\n\n<h2 class=\"wp-block-heading\">Ti stai chiedendo cosa fare a Tenerife nel mese di agosto?<\/h2>\n\n<h4 class=\"wp-block-heading\">Il festival Sunblast arriva a Tenerife con oltre 40 artisti ospiti!<br\/><\/h4>\n\n<p>Sunblast 2024 si terr\u00e0 il prossimo 10 agosto 2024, al Golf Costa Adeje.<\/p>\n\n<p>\u00a1\u00a1 Assisterai a un concerto indimenticabile pieno di divertimento ed emozione! <br\/><br\/>Potrai entrare nell&#8217;esclusivo Backstage 360\u00ba e scattare il selfie perfetto con il tuo Dj preferito.<\/p>\n\n<p>Scopri la magia della musica attraversando i 6 scenari!<\/p>\n\n<p>Non puoi perderti la data che riunir\u00e0 i pi\u00f9 grandi amanti della musica elettronica e artisti TOP mondiali, scelti apposta per l&#8217;occasione!<\/p>\n\n<p>Stai per lasciarti sfuggire l&#8217;opportunit\u00e0 di vivere l&#8217;evento pi\u00f9 atteso dell&#8217;anno e di goderti i migliori artisti del mondo?<\/p>\n\n<p><\/p>\n\n<p><strong>Ulteriori informazioni su :<\/strong><br\/><a href=\"http:\/\/www.sunblast.es\" target=\"_blank\" rel=\"noreferrer noopener\">http:\/\/www.sunblast.es<\/a><br\/><br\/><a href=\"https:\/\/www.facebook.com\/SunblastFestival\/?locale=es_ES\" target=\"_blank\" rel=\"noreferrer noopener\">https:\/\/www.facebook.com\/SunblastFestival\/?locale=es_ES<\/a><br\/><br\/><a href=\"https:\/\/www.instagram.com\/sunblast_festival\/?hl=es\" target=\"_blank\" rel=\"noreferrer noopener\">https:\/\/www.instagram.com\/sunblast_festival\/?hl=es<\/a><\/p>\n\n<p><\/p>\n\n<p><\/p>\n\n<p><\/p>\n\n<p><\/p>\n\n<figure class=\"wp-block-embed is-type-video is-provider-youtube wp-block-embed-youtube wp-embed-aspect-16-9 wp-has-aspect-ratio\"><div class=\"wp-block-embed__wrapper\">\n<iframe loading=\"lazy\" title=\"SUNBLAST 2024 - TENERIFE SUR\" width=\"500\" height=\"281\" src=\"https:\/\/www.youtube.com\/embed\/4Sog-06tYFY?feature=oembed\" frameborder=\"0\" allow=\"accelerometer; autoplay; clipboard-write; encrypted-media; gyroscope; picture-in-picture; web-share\" referrerpolicy=\"strict-origin-when-cross-origin\" allowfullscreen><\/iframe>\n<\/div><figcaption class=\"wp-element-caption\">Fonte : <a href=\"https:\/\/www.youtube.com\/watch?v=4Sog-06tYFY\" target=\"_blank\" rel=\"noreferrer noopener\">F<\/a><\/figcaption><\/figure>\n","protected":false},"excerpt":{"rendered":"<p>\ud83d\udd25 SUNBLAST TENERIFE 2024 \ud83d\udd25<\/p>\n<p>\u00a1Il giorno migliore dell&#8217;anno si avvicina sempre di pi\u00f9!!<\/p>\n<p>Oltre 40 artisti diversi su 6 palchi.<br \/>\n\ud83e\udd29Sabato 10 agosto. Golf Costa Adeje.<\/p>\n","protected":false},"author":1,"featured_media":16481,"comment_status":"closed","ping_status":"closed","sticky":false,"template":"","format":"standard","meta":{"footnotes":""},"categories":[79],"tags":[115,130,99,131,81],"class_list":["post-19418","post","type-post","status-publish","format-standard","has-post-thumbnail","hentry","category-escursioni","tag-aguere-nest-it","tag-arena-nest-it","tag-duque-nest-it","tag-las-eras-nest-it","tag-puerto-nest-it"],"acf":[],"yoast_head":"<!-- This site is optimized with the Yoast SEO plugin v27.1.1 - https:\/\/yoast.com\/product\/yoast-seo-wordpress\/ -->\n<title>SUNBLAST 2024 - TENERIFE SUD | Nests Hostels<\/title>\n<meta name=\"description\" content=\"Il Festival Internazionale del Cinema Ambientale delle Canarie (Ficmec) si svolge da marted\u00ec 28 maggio a domenica 2 giugno nel comune di Garachico.\" \/>\n<meta name=\"robots\" content=\"index, follow, max-snippet:-1, max-image-preview:large, max-video-preview:-1\" \/>\n<link rel=\"canonical\" href=\"https:\/\/nestshostels.com\/it\/sunblast-2024-tenerife-sur\/\" \/>\n<meta property=\"og:locale\" content=\"it_IT\" \/>\n<meta property=\"og:type\" content=\"article\" \/>\n<meta property=\"og:title\" content=\"La Cueva del Viento: Una Gemma della Natura - Tenerife!\" \/>\n<meta property=\"og:description\" content=\"La Cueva del Viento \u00e8 una cavit\u00e0 vulcanica situata a Icod de los Vinos. Si \u00e8 formata 27.000 anni fa dalle lave basaltiche della prima fase eruttiva del vulcano Pico Viejo, che si trova vicino al Teide (Tenerife, Isole Canarie).\" \/>\n<meta property=\"og:url\" content=\"https:\/\/nestshostels.com\/it\/sunblast-2024-tenerife-sur\/\" \/>\n<meta property=\"og:site_name\" content=\"Nests Hostels\" \/>\n<meta property=\"article:publisher\" content=\"https:\/\/www.facebook.com\/nesthosteltenerife\/\" \/>\n<meta property=\"article:published_time\" content=\"2024-07-07T12:16:50+00:00\" \/>\n<meta property=\"article:modified_time\" content=\"2025-10-01T13:29:26+00:00\" \/>\n<meta property=\"og:image\" content=\"https:\/\/nestshostels.com\/wp-content\/uploads\/cueva-del-viento.jpg\" \/>\n<meta name=\"author\" content=\"admin\" \/>\n<meta name=\"twitter:card\" content=\"summary_large_image\" \/>\n<meta name=\"twitter:title\" content=\"La Cueva del Viento: Una Gemma della Natura - Tenerife!\" \/>\n<meta name=\"twitter:description\" content=\"La Cueva del Viento \u00e8 una cavit\u00e0 vulcanica situata a Icod de los Vinos. Si \u00e8 formata 27.000 anni fa grazie a lave basaltiche provenienti dalla prima fase eruttiva del vulcano Pico Viejo, accanto al Teide (Tenerife, Isole Canarie).\" \/>\n<meta name=\"twitter:image\" content=\"https:\/\/nestshostels.com\/wp-content\/uploads\/cueva-del-viento.jpg\" \/>\n<meta name=\"twitter:label1\" content=\"Scritto da\" \/>\n\t<meta name=\"twitter:data1\" content=\"admin\" \/>\n\t<meta name=\"twitter:label2\" content=\"Tempo di lettura stimato\" \/>\n\t<meta name=\"twitter:data2\" content=\"1 minuto\" \/>\n<script type=\"application\/ld+json\" class=\"yoast-schema-graph\">{\"@context\":\"https:\/\/schema.org\",\"@graph\":[{\"@type\":\"Article\",\"@id\":\"https:\/\/nestshostels.com\/it\/sunblast-2024-tenerife-sur\/#article\",\"isPartOf\":{\"@id\":\"https:\/\/nestshostels.com\/it\/sunblast-2024-tenerife-sur\/\"},\"author\":{\"name\":\"admin\",\"@id\":\"https:\/\/nestshostels.com\/it\/#\/schema\/person\/a7b8427d0829c2282d0243b0845ba1be\"},\"headline\":\"SUNBLAST 2024 &#8211; TENERIFE SUD\",\"datePublished\":\"2024-07-07T12:16:50+00:00\",\"dateModified\":\"2025-10-01T13:29:26+00:00\",\"mainEntityOfPage\":{\"@id\":\"https:\/\/nestshostels.com\/it\/sunblast-2024-tenerife-sur\/\"},\"wordCount\":148,\"publisher\":{\"@id\":\"https:\/\/nestshostels.com\/it\/#organization\"},\"image\":{\"@id\":\"https:\/\/nestshostels.com\/it\/sunblast-2024-tenerife-sur\/#primaryimage\"},\"thumbnailUrl\":\"https:\/\/nestshostels.com\/wp-content\/uploads\/sunblast.jpg\",\"keywords\":[\"Aguere Nest\",\"Arena Nest\",\"Duque Nest\",\"Las Eras Nest\",\"Puerto Nest\"],\"articleSection\":[\"Escursioni\"],\"inLanguage\":\"it-IT\"},{\"@type\":\"WebPage\",\"@id\":\"https:\/\/nestshostels.com\/it\/sunblast-2024-tenerife-sur\/\",\"url\":\"https:\/\/nestshostels.com\/it\/sunblast-2024-tenerife-sur\/\",\"name\":\"SUNBLAST 2024 - TENERIFE SUD | Nests Hostels\",\"isPartOf\":{\"@id\":\"https:\/\/nestshostels.com\/it\/#website\"},\"primaryImageOfPage\":{\"@id\":\"https:\/\/nestshostels.com\/it\/sunblast-2024-tenerife-sur\/#primaryimage\"},\"image\":{\"@id\":\"https:\/\/nestshostels.com\/it\/sunblast-2024-tenerife-sur\/#primaryimage\"},\"thumbnailUrl\":\"https:\/\/nestshostels.com\/wp-content\/uploads\/sunblast.jpg\",\"datePublished\":\"2024-07-07T12:16:50+00:00\",\"dateModified\":\"2025-10-01T13:29:26+00:00\",\"description\":\"Il Festival Internazionale del Cinema Ambientale delle Canarie (Ficmec) si svolge da marted\u00ec 28 maggio a domenica 2 giugno nel comune di Garachico.\",\"breadcrumb\":{\"@id\":\"https:\/\/nestshostels.com\/it\/sunblast-2024-tenerife-sur\/#breadcrumb\"},\"inLanguage\":\"it-IT\",\"potentialAction\":[{\"@type\":\"ReadAction\",\"target\":[\"https:\/\/nestshostels.com\/it\/sunblast-2024-tenerife-sur\/\"]}]},{\"@type\":\"ImageObject\",\"inLanguage\":\"it-IT\",\"@id\":\"https:\/\/nestshostels.com\/it\/sunblast-2024-tenerife-sur\/#primaryimage\",\"url\":\"https:\/\/nestshostels.com\/wp-content\/uploads\/sunblast.jpg\",\"contentUrl\":\"https:\/\/nestshostels.com\/wp-content\/uploads\/sunblast.jpg\",\"width\":1420,\"height\":540},{\"@type\":\"BreadcrumbList\",\"@id\":\"https:\/\/nestshostels.com\/it\/sunblast-2024-tenerife-sur\/#breadcrumb\",\"itemListElement\":[{\"@type\":\"ListItem\",\"position\":1,\"name\":\"Portada\",\"item\":\"https:\/\/nestshostels.com\/it\/\"},{\"@type\":\"ListItem\",\"position\":2,\"name\":\"SUNBLAST 2024 &#8211; TENERIFE SUD\"}]},{\"@type\":\"WebSite\",\"@id\":\"https:\/\/nestshostels.com\/it\/#website\",\"url\":\"https:\/\/nestshostels.com\/it\/\",\"name\":\"Nests Hostels\",\"description\":\"Tenerife Hostels for Travellers &amp; Digital Nomads\",\"publisher\":{\"@id\":\"https:\/\/nestshostels.com\/it\/#organization\"},\"alternateName\":\"Nest\",\"potentialAction\":[{\"@type\":\"SearchAction\",\"target\":{\"@type\":\"EntryPoint\",\"urlTemplate\":\"https:\/\/nestshostels.com\/it\/?s={search_term_string}\"},\"query-input\":{\"@type\":\"PropertyValueSpecification\",\"valueRequired\":true,\"valueName\":\"search_term_string\"}}],\"inLanguage\":\"it-IT\"},{\"@type\":\"Organization\",\"@id\":\"https:\/\/nestshostels.com\/it\/#organization\",\"name\":\"Nests Hostels\",\"alternateName\":\"Nest\",\"url\":\"https:\/\/nestshostels.com\/it\/\",\"logo\":{\"@type\":\"ImageObject\",\"inLanguage\":\"it-IT\",\"@id\":\"https:\/\/nestshostels.com\/it\/#\/schema\/logo\/image\/\",\"url\":\"https:\/\/nestshostels.com\/wp-content\/uploads\/logo-nests-hostel.webp\",\"contentUrl\":\"https:\/\/nestshostels.com\/wp-content\/uploads\/logo-nests-hostel.webp\",\"width\":200,\"height\":217,\"caption\":\"Nests Hostels\"},\"image\":{\"@id\":\"https:\/\/nestshostels.com\/it\/#\/schema\/logo\/image\/\"},\"sameAs\":[\"https:\/\/www.facebook.com\/nesthosteltenerife\/\",\"https:\/\/www.instagram.com\/nestshostels\/\",\"https:\/\/www.tiktok.com\/@nestshostels\",\"https:\/\/www.threads.com\/@nestshostels\/\",\"https:\/\/www.youtube.com\/@nestshostels\/\"]},{\"@type\":\"Person\",\"@id\":\"https:\/\/nestshostels.com\/it\/#\/schema\/person\/a7b8427d0829c2282d0243b0845ba1be\",\"name\":\"admin\",\"image\":{\"@type\":\"ImageObject\",\"inLanguage\":\"it-IT\",\"@id\":\"https:\/\/nestshostels.com\/it\/#\/schema\/person\/image\/\",\"url\":\"https:\/\/secure.gravatar.com\/avatar\/0b7f676e2697479b2ae673ab0d2bef598d13c78cc6bdb95666f38b4400b3ee4a?s=96&r=g\",\"contentUrl\":\"https:\/\/secure.gravatar.com\/avatar\/0b7f676e2697479b2ae673ab0d2bef598d13c78cc6bdb95666f38b4400b3ee4a?s=96&r=g\",\"caption\":\"admin\"},\"sameAs\":[\"https:\/\/wpml.nestshostels.com\"]}]}<\/script>\n<!-- \/ Yoast SEO plugin. -->","yoast_head_json":{"title":"SUNBLAST 2024 - TENERIFE SUD | Nests Hostels","description":"Il Festival Internazionale del Cinema Ambientale delle Canarie (Ficmec) si svolge da marted\u00ec 28 maggio a domenica 2 giugno nel comune di Garachico.","robots":{"index":"index","follow":"follow","max-snippet":"max-snippet:-1","max-image-preview":"max-image-preview:large","max-video-preview":"max-video-preview:-1"},"canonical":"https:\/\/nestshostels.com\/it\/sunblast-2024-tenerife-sur\/","og_locale":"it_IT","og_type":"article","og_title":"La Cueva del Viento: Una Gemma della Natura - Tenerife!","og_description":"La Cueva del Viento \u00e8 una cavit\u00e0 vulcanica situata a Icod de los Vinos. Si \u00e8 formata 27.000 anni fa dalle lave basaltiche della prima fase eruttiva del vulcano Pico Viejo, che si trova vicino al Teide (Tenerife, Isole Canarie).","og_url":"https:\/\/nestshostels.com\/it\/sunblast-2024-tenerife-sur\/","og_site_name":"Nests Hostels","article_publisher":"https:\/\/www.facebook.com\/nesthosteltenerife\/","article_published_time":"2024-07-07T12:16:50+00:00","article_modified_time":"2025-10-01T13:29:26+00:00","og_image":[{"url":"https:\/\/nestshostels.com\/wp-content\/uploads\/cueva-del-viento.jpg","type":"","width":"","height":""}],"author":"admin","twitter_card":"summary_large_image","twitter_title":"La Cueva del Viento: Una Gemma della Natura - Tenerife!","twitter_description":"La Cueva del Viento \u00e8 una cavit\u00e0 vulcanica situata a Icod de los Vinos. Si \u00e8 formata 27.000 anni fa grazie a lave basaltiche provenienti dalla prima fase eruttiva del vulcano Pico Viejo, accanto al Teide (Tenerife, Isole Canarie).","twitter_image":"https:\/\/nestshostels.com\/wp-content\/uploads\/cueva-del-viento.jpg","twitter_misc":{"Scritto da":"admin","Tempo di lettura stimato":"1 minuto"},"schema":{"@context":"https:\/\/schema.org","@graph":[{"@type":"Article","@id":"https:\/\/nestshostels.com\/it\/sunblast-2024-tenerife-sur\/#article","isPartOf":{"@id":"https:\/\/nestshostels.com\/it\/sunblast-2024-tenerife-sur\/"},"author":{"name":"admin","@id":"https:\/\/nestshostels.com\/it\/#\/schema\/person\/a7b8427d0829c2282d0243b0845ba1be"},"headline":"SUNBLAST 2024 &#8211; TENERIFE SUD","datePublished":"2024-07-07T12:16:50+00:00","dateModified":"2025-10-01T13:29:26+00:00","mainEntityOfPage":{"@id":"https:\/\/nestshostels.com\/it\/sunblast-2024-tenerife-sur\/"},"wordCount":148,"publisher":{"@id":"https:\/\/nestshostels.com\/it\/#organization"},"image":{"@id":"https:\/\/nestshostels.com\/it\/sunblast-2024-tenerife-sur\/#primaryimage"},"thumbnailUrl":"https:\/\/nestshostels.com\/wp-content\/uploads\/sunblast.jpg","keywords":["Aguere Nest","Arena Nest","Duque Nest","Las Eras Nest","Puerto Nest"],"articleSection":["Escursioni"],"inLanguage":"it-IT"},{"@type":"WebPage","@id":"https:\/\/nestshostels.com\/it\/sunblast-2024-tenerife-sur\/","url":"https:\/\/nestshostels.com\/it\/sunblast-2024-tenerife-sur\/","name":"SUNBLAST 2024 - TENERIFE SUD | Nests Hostels","isPartOf":{"@id":"https:\/\/nestshostels.com\/it\/#website"},"primaryImageOfPage":{"@id":"https:\/\/nestshostels.com\/it\/sunblast-2024-tenerife-sur\/#primaryimage"},"image":{"@id":"https:\/\/nestshostels.com\/it\/sunblast-2024-tenerife-sur\/#primaryimage"},"thumbnailUrl":"https:\/\/nestshostels.com\/wp-content\/uploads\/sunblast.jpg","datePublished":"2024-07-07T12:16:50+00:00","dateModified":"2025-10-01T13:29:26+00:00","description":"Il Festival Internazionale del Cinema Ambientale delle Canarie (Ficmec) si svolge da marted\u00ec 28 maggio a domenica 2 giugno nel comune di Garachico.","breadcrumb":{"@id":"https:\/\/nestshostels.com\/it\/sunblast-2024-tenerife-sur\/#breadcrumb"},"inLanguage":"it-IT","potentialAction":[{"@type":"ReadAction","target":["https:\/\/nestshostels.com\/it\/sunblast-2024-tenerife-sur\/"]}]},{"@type":"ImageObject","inLanguage":"it-IT","@id":"https:\/\/nestshostels.com\/it\/sunblast-2024-tenerife-sur\/#primaryimage","url":"https:\/\/nestshostels.com\/wp-content\/uploads\/sunblast.jpg","contentUrl":"https:\/\/nestshostels.com\/wp-content\/uploads\/sunblast.jpg","width":1420,"height":540},{"@type":"BreadcrumbList","@id":"https:\/\/nestshostels.com\/it\/sunblast-2024-tenerife-sur\/#breadcrumb","itemListElement":[{"@type":"ListItem","position":1,"name":"Portada","item":"https:\/\/nestshostels.com\/it\/"},{"@type":"ListItem","position":2,"name":"SUNBLAST 2024 &#8211; TENERIFE SUD"}]},{"@type":"WebSite","@id":"https:\/\/nestshostels.com\/it\/#website","url":"https:\/\/nestshostels.com\/it\/","name":"Nests Hostels","description":"Tenerife Hostels for Travellers &amp; Digital Nomads","publisher":{"@id":"https:\/\/nestshostels.com\/it\/#organization"},"alternateName":"Nest","potentialAction":[{"@type":"SearchAction","target":{"@type":"EntryPoint","urlTemplate":"https:\/\/nestshostels.com\/it\/?s={search_term_string}"},"query-input":{"@type":"PropertyValueSpecification","valueRequired":true,"valueName":"search_term_string"}}],"inLanguage":"it-IT"},{"@type":"Organization","@id":"https:\/\/nestshostels.com\/it\/#organization","name":"Nests Hostels","alternateName":"Nest","url":"https:\/\/nestshostels.com\/it\/","logo":{"@type":"ImageObject","inLanguage":"it-IT","@id":"https:\/\/nestshostels.com\/it\/#\/schema\/logo\/image\/","url":"https:\/\/nestshostels.com\/wp-content\/uploads\/logo-nests-hostel.webp","contentUrl":"https:\/\/nestshostels.com\/wp-content\/uploads\/logo-nests-hostel.webp","width":200,"height":217,"caption":"Nests Hostels"},"image":{"@id":"https:\/\/nestshostels.com\/it\/#\/schema\/logo\/image\/"},"sameAs":["https:\/\/www.facebook.com\/nesthosteltenerife\/","https:\/\/www.instagram.com\/nestshostels\/","https:\/\/www.tiktok.com\/@nestshostels","https:\/\/www.threads.com\/@nestshostels\/","https:\/\/www.youtube.com\/@nestshostels\/"]},{"@type":"Person","@id":"https:\/\/nestshostels.com\/it\/#\/schema\/person\/a7b8427d0829c2282d0243b0845ba1be","name":"admin","image":{"@type":"ImageObject","inLanguage":"it-IT","@id":"https:\/\/nestshostels.com\/it\/#\/schema\/person\/image\/","url":"https:\/\/secure.gravatar.com\/avatar\/0b7f676e2697479b2ae673ab0d2bef598d13c78cc6bdb95666f38b4400b3ee4a?s=96&r=g","contentUrl":"https:\/\/secure.gravatar.com\/avatar\/0b7f676e2697479b2ae673ab0d2bef598d13c78cc6bdb95666f38b4400b3ee4a?s=96&r=g","caption":"admin"},"sameAs":["https:\/\/wpml.nestshostels.com"]}]}},"_links":{"self":[{"href":"https:\/\/nestshostels.com\/it\/wp-json\/wp\/v2\/posts\/19418","targetHints":{"allow":["GET"]}}],"collection":[{"href":"https:\/\/nestshostels.com\/it\/wp-json\/wp\/v2\/posts"}],"about":[{"href":"https:\/\/nestshostels.com\/it\/wp-json\/wp\/v2\/types\/post"}],"author":[{"embeddable":true,"href":"https:\/\/nestshostels.com\/it\/wp-json\/wp\/v2\/users\/1"}],"replies":[{"embeddable":true,"href":"https:\/\/nestshostels.com\/it\/wp-json\/wp\/v2\/comments?post=19418"}],"version-history":[{"count":1,"href":"https:\/\/nestshostels.com\/it\/wp-json\/wp\/v2\/posts\/19418\/revisions"}],"predecessor-version":[{"id":19419,"href":"https:\/\/nestshostels.com\/it\/wp-json\/wp\/v2\/posts\/19418\/revisions\/19419"}],"wp:featuredmedia":[{"embeddable":true,"href":"https:\/\/nestshostels.com\/it\/wp-json\/wp\/v2\/media\/16481"}],"wp:attachment":[{"href":"https:\/\/nestshostels.com\/it\/wp-json\/wp\/v2\/media?parent=19418"}],"wp:term":[{"taxonomy":"category","embeddable":true,"href":"https:\/\/nestshostels.com\/it\/wp-json\/wp\/v2\/categories?post=19418"},{"taxonomy":"post_tag","embeddable":true,"href":"https:\/\/nestshostels.com\/it\/wp-json\/wp\/v2\/tags?post=19418"}],"curies":[{"name":"wp","href":"https:\/\/api.w.org\/{rel}","templated":true}]}}