{"id":22397,"date":"2026-03-13T15:48:04","date_gmt":"2026-03-13T15:48:04","guid":{"rendered":"https:\/\/nestshostels.com\/music-festivals-tenerife-2026\/"},"modified":"2026-04-17T07:39:16","modified_gmt":"2026-04-17T06:39:16","slug":"music-festivals-tenerife-2026","status":"publish","type":"post","link":"https:\/\/nestshostels.com\/fr\/music-festivals-tenerife-2026\/","title":{"rendered":"Les Meilleurs Festivals de Musique \u00e0 Tenerife 2026 \u2014 Calendrier Complet, Dates et Tout Ce Que Tu Dois Savoir"},"content":{"rendered":"\n<p>Tenerife n&rsquo;a pas une saison de festivals. Elle a une ann\u00e9e de festivals. D&rsquo;un programme de musique classique de classe mondiale en janvier \u00e0 un \u00e9v\u00e9nement \u00e9lectronique incontournable en ao\u00fbt, en passant par un week-end rock-indie fin octobre, l&rsquo;\u00eele propose un calendrier vraiment charg\u00e9 sur 12 mois que la plupart de l&rsquo;Europe ignore encore. \ud83c\udf0a\ud83c\udfb6<\/p>\n\n<figure class=\"wp-block-image size-full\"><img loading=\"lazy\" decoding=\"async\" width=\"1280\" height=\"720\" src=\"https:\/\/nestshostels.com\/wp-content\/uploads\/2026\/03\/farra-world-SANBLAST-tenerfie.jpg\" alt=\"Farra monde sunblast Tenerife 2026\" class=\"wp-image-22356\" srcset=\"https:\/\/nestshostels.com\/wp-content\/uploads\/2026\/03\/farra-world-SANBLAST-tenerfie.jpg 1280w, https:\/\/nestshostels.com\/wp-content\/uploads\/2026\/03\/farra-world-SANBLAST-tenerfie-300x169.jpg 300w, https:\/\/nestshostels.com\/wp-content\/uploads\/2026\/03\/farra-world-SANBLAST-tenerfie-1024x576.jpg 1024w, https:\/\/nestshostels.com\/wp-content\/uploads\/2026\/03\/farra-world-SANBLAST-tenerfie-768x432.jpg 768w\" sizes=\"auto, (max-width: 1280px) 100vw, 1280px\" \/><figcaption class=\"wp-element-caption\">Ce guide se concentre sur le calendrier des festivals de musique et \u00e9lectroniques de Tenerife pour 2026 \u2014 mais on a aussi inclus les concerts majeurs et les \u00e9v\u00e9nements culturels qui se passent sur l&rsquo;\u00eele pour que tu puisses planifier ton voyage au complet.<\/figcaption><\/figure>\n\n<p>Ce guide couvre toutes les dates de festivals et de concerts confirm\u00e9es pour 2026, ainsi que les \u00e9v\u00e9nements pr\u00e9vus avec un bon historique sur plusieurs ann\u00e9es. Tu trouveras les dates, les lieux, les prix des billets, les line-ups connus, et un aper\u00e7u pratique des endroits o\u00f9 dormir \u2014 que tu pr\u00e9pares un grand week-end ou tout l&rsquo;\u00e9t\u00e9. \ud83c\udfd6\ufe0f<\/p>\n\n<h2 class=\"wp-block-heading\" id=\"events-table\">Calendrier complet des festivals 2026 en un coup d&rsquo;\u0153il<\/h2>\n\n<figure class=\"wp-block-table is-style-stripes\"><table><thead><tr><th><strong>Date<\/strong><\/th><th><strong>\u00c9v\u00e9nement<\/strong><\/th><th><strong>Pourquoi \u00e7a en vaut la peine<\/strong><\/th><\/tr><\/thead><tbody><tr><td><a href=\"#fimc\"><strong>\ud83d\udd17 8 janv. \u2013 7 f\u00e9v.<\/strong><\/a><\/td><td>\ud83c\udfbb Festival International de Musique des Canaries<\/td><td>42\u00e8me \u00e9dition. Des orchestres et des solistes de classe mondiale au Auditorio Ad\u00e1n Mart\u00edn \u2014 pense \u00e0 Gustavo Dudamel, Yuja Wang, Jacob Collier.<\/td><\/tr><tr><td><a href=\"#fito\"><strong>\ud83d\udd17 14 mars<\/strong><\/a><\/td><td>\ud83c\udfb8 Fito y Fitipaldis \u2014 Aullidos Tour<\/td><td>L&rsquo;un des groupes de rock les plus appr\u00e9ci\u00e9s d&rsquo;Espagne. Une \u00e9nergie blues-rock brute au Recinto Ferial.<\/td><\/tr><tr><td><a href=\"#laura-pausini\"><strong>\ud83d\udd17 29 mars<\/strong><\/a><\/td><td>\ud83c\udfa4 Laura Pausini \u2014 Yo Canto World Tour<\/td><td>Superstar de la pop italienne, Los Cristianos. Grande foule, grandes \u00e9motions, une nuit incroyable !<\/td><\/tr><tr><td><a href=\"#lost-nomads\"><strong>\ud83d\udd17 4 avr<\/strong><\/a><\/td><td>\ud83d\udd25 Nomades Perdus Tenerife<\/td><td>Premi\u00e8re \u00e9dition \u00e0 Tenerife. \u00c9v\u00e9nement \u00e9lectronique premium de jour \u00e0 nuit avec des racines \u00e0 Ibiza\/Duba\u00ef.<\/td><\/tr><tr><td><a href=\"#las-rocas\"><strong>\ud83d\udd17 En cours<\/strong><\/a><\/td><td>\ud83c\udf0a Les Sessions du Las Rocas Beach Club<\/td><td>Des sessions \u00e9lectroniques toute l&rsquo;ann\u00e9e au beach club. Les nuits TUMBAO et AGUASANTA \u2014 avec vue sur l&rsquo;Atlantique incluse.<\/td><\/tr><tr><td><a href=\"#la-misa\"><strong>\ud83d\udd17 Printemps (\u00c0 confirmer)<\/strong><\/a><\/td><td>\ud83d\udda4 La Misa<\/td><td>Festival techno culte. Dress code tout en noir, esth\u00e9tique quasi-religieuse, pedigree Carl Cox \/ Marco Carola.<\/td><\/tr><tr><td><a href=\"#mueca\"><strong>\ud83d\udd17 Mai (\u00e0 confirmer)<\/strong><\/a><\/td><td>\ud83c\udfaa Festival des Arts de la Rue MUECA<\/td><td>22\u00e8me \u00e9dition. Quatre jours de th\u00e9\u00e2tre, cirque et musique internationaux gratuits \u00e0 Puerto de la Cruz.<\/td><\/tr><tr><td><a href=\"#tenerife-music-festival\"><strong>\ud83d\udd17 12\u201313 juin<\/strong><\/a><\/td><td>\ud83c\udfb5 Festival de Musique de Tenerife<\/td><td>Festival pop\/urbain de deux jours au port de Santa Cruz. Rels B, Nathy Peluso, Camilo, Pablo Albor\u00e1n au programme.<\/td><\/tr><tr><td><a href=\"#san-juan\"><strong>\ud83d\udd17 23\u201324 juin<\/strong><\/a><\/td><td>\ud83d\udd25 Nuit de San Juan<\/td><td>Des feux de camp sur la plage dans toute l&rsquo;\u00eele. Gratuits, authentiques, c&rsquo;est l&rsquo;une des meilleures nuits de l&rsquo;\u00e9t\u00e9 canarien.<\/td><\/tr><tr><td><a href=\"#sting\"><strong>\ud83d\udd17 10 juil.<\/strong><\/a><\/td><td>\ud83c\udfb8 Sting \u2014 Tourn\u00e9e STING 3.0<\/td><td>Une ic\u00f4ne qui fait un show intime en plein air au Anexo Palmetum. Celui-ci va \u00eatre complet !<\/td><\/tr><tr><td><a href=\"#canarias-jazz\"><strong>\ud83d\udd17 Juillet (\u00e0 confirmer)<\/strong><\/a><\/td><td>\ud83c\udfb7 Festival Canarias Jazz &amp; M\u00e1s \u2014 35\u00e8me \u00e9dition<\/td><td>Jacob Collier en t\u00eate d&rsquo;affiche. Une cr\u00e9dibilit\u00e9 jazz s\u00e9rieuse \u00e0 l&rsquo;Auditorio Ad\u00e1n Mart\u00edn.<\/td><\/tr><tr><td><a href=\"#bresh\"><strong>\ud83d\udd17 \u00c9t\u00e9 (\u00e0 confirmer)<\/strong><\/a><\/td><td>\ud83d\udc96 BRESH Tenerife<\/td><td>\u00ab\u00a0La fiesta la plus sympa du monde\u00a0\u00bb \u2014 reggaeton, confettis, pure folie. Les groupes adorent \u00e7a !<\/td><\/tr><tr><td><a href=\"#sunblast\"><strong>\ud83d\udd17 8 ao\u00fbt<\/strong><\/a><\/td><td>\ud83d\ude80 Festival Sunblast<\/td><td>Le plus grand festival \u00e9lectronique de l&rsquo;\u00eele. Plus de 9 heures, 6 \u00e0 7 sc\u00e8nes, plus de 20 000 personnes. C&rsquo;est l&rsquo;\u00e9v\u00e9nement phare !<\/td><\/tr><tr><td><a href=\"#phe-festival\"><strong>\ud83d\udd17 4-5 sept.<\/strong><\/a><\/td><td>\ud83c\udfb8 Phe Festival<\/td><td>11\u00e8me \u00e9dition, indie\/alternative sur le front de mer de Puerto de la Cruz. L&rsquo;\u00e9v\u00e9nement indie le plus aim\u00e9 de Tenerife !<\/td><\/tr><tr><td><a href=\"#noctambula\"><strong>\ud83d\udd17 12 sept.<\/strong><\/a><\/td><td>\u26a1 Noct\u00e1mbula<\/td><td>Premi\u00e8re \u00e9dition. La Symphony of Unity de Tomorrowland \u2014 la SEULE date en Espagne en 2026. C&rsquo;est \u00e9norme !<\/td><\/tr><tr><td><a href=\"#penon-fest\"><strong>\ud83d\udd17 23\u201324 oct<\/strong><\/a><\/td><td>\ud83e\udd18 Festival Pe\u00f1\u00f3n de Tenerife<\/td><td>Festival rock\/indie sur deux jours, nouveau lieu \u00e0 Santa Cruz. Pignoise, Maika Makovski, Carlos Sadness au programme.<\/td><\/tr><tr><td><a href=\"#elrow-xxl\"><strong>\ud83d\udd17 Octobre (\u00e0 confirmer)<\/strong><\/a><\/td><td>\ud83c\udfad Elrow XXL<\/td><td>Production immersive de plus de 20 000 personnes au Golf Costa Adeje. Un des \u00e9v\u00e9nements \u00e9lectroniques les plus fous d&rsquo;Espagne !<\/td><\/tr><\/tbody><\/table><\/figure>\n\n<hr class=\"wp-block-separator has-alpha-channel-opacity\"\/>\n\n<figure class=\"wp-block-image size-full\"><img decoding=\"async\" src=\"https:\/\/nestshostels.com\/wp-content\/uploads\/2026\/03\/image-6.jpeg\" alt=\"&#xC9;v&#xE9;nement de musique &#xE9;lectronique au coucher de soleil au Golf Costa Adeje, Tenerife, Sud de Tenerife\"\/><\/figure>\n\n<h2 class=\"wp-block-heading\" id=\"farra-world\">Farra World Tenerife 2026 : tout sur le parapluie de la saison !<\/h2>\n\n<p>Si tu vois \u00ab\u00a0Farra World\u00a0\u00bb \u00e0 chaque grand \u00e9v\u00e9nement \u00e9lectronique dans le sud de Tenerife, voil\u00e0 ce que \u00e7a veut dire. <strong>Farra World<\/strong> est la bo\u00eete de production derri\u00e8re la plupart des grosses dates \u00e9lectroniques de l&rsquo;\u00eele \u2014 Lost Nomads, La Misa, Sunblast, Elrow XXL, et les sessions du Las Rocas Beach Club font tous partie de ce groupe. Ils partagent un m\u00eame standard de production, une g\u00e9ographie similaire dans le sud de Tenerife, et une foule similaire.<\/p>\n\n<p>Pour les voyageurs, c&rsquo;est vraiment utile \u00e0 savoir : une base sympa \u00e0 Costa Adeje te met \u00e0 port\u00e9e de main de la plupart des \u00e9v\u00e9nements \u00e9lectroniques de la saison sans avoir besoin de te d\u00e9placer. Tu ne construis pas un voyage s\u00e9par\u00e9 pour chaque \u00e9v\u00e9nement \u2014 tu cr\u00e9es une base \u00e0 Sud Tenerife et tu ajoutes les dates au fur et \u00e0 mesure qu&rsquo;elles sont confirm\u00e9es.<\/p>\n\n<hr class=\"wp-block-separator has-alpha-channel-opacity\"\/>\n\n<h2 class=\"wp-block-heading\" id=\"fimc\">Festival International de Musique des Canaries 2026 \ud83c\udfbb<\/h2>\n\n<p>Celui qui lance l&rsquo;ann\u00e9e \u00e0 Tenerife avec un vrai prestige. Maintenant dans sa <strong>42\u00e8me \u00e9dition<\/strong>, le Festival de M\u00fasica de Canarias propose plus de 60 concerts dans toutes les \u00eeles Canaries tout au long de janvier et f\u00e9vrier \u2014 et l&rsquo;\u00e9tape de Tenerife, ancr\u00e9e \u00e0 l&rsquo;extraordinaire <strong>Auditorio Ad\u00e1n Mart\u00edn<\/strong>, est vraiment de classe mondiale. C&rsquo;est une salle de concert con\u00e7ue par Santiago Calatrava, situ\u00e9e juste sur le front de mer de Santa Cruz, et le programme 2026 la remplit de noms pour lesquels tu ferais la queue dans n&rsquo;importe quelle capitale.<\/p>\n\n<p>Gustavo Dudamel dirige l&rsquo;Orchestre symphonique de la radio bavaroise. Yuja Wang avec l&rsquo;Orchestre de chambre Mahler. Arcadi Volodos en solo. Estrella Morente. Vadim Repin. Ce n&rsquo;est pas un \u00e9v\u00e9nement local, c&rsquo;est un vrai programme classique international qui se d\u00e9roule dans un b\u00e2timent magnifiquement situ\u00e9 au bord de l&rsquo;Atlantique. Si tu es \u00e0 Tenerife en janvier ou f\u00e9vrier pour une raison quelconque, \u00e7a vaut vraiment le coup de pr\u00e9voir une soir\u00e9e autour de \u00e7a.<\/p>\n\n<div class=\"event-meta\">\n  <ul>\n    <li><strong>\ud83d\udcc5 Quand :<\/strong> 8 janvier \u2013 7 f\u00e9vrier 2026<\/li>\n    <li><strong>\ud83d\udccd O\u00f9 :<\/strong> Auditorio de Tenerife Ad\u00e1n Mart\u00edn, Santa Cruz de Tenerife<\/li>\n    <li><strong>\ud83c\udfb5 Type :<\/strong> Classique \/ Orchestre \/ Musique de chambre<\/li>\n    <li><strong>\ud83c\udfa4 Artistes confirm\u00e9s :<\/strong> Gustavo Dudamel + Orchestre symphonique de la radio bavaroise \u00b7 Yuja Wang + Orchestre de chambre Mahler \u00b7 Sol Gabetta + Orchestre symphonique de Bamberg \u00b7 Arcadi Volodos \u00b7 Vadim Repin + Sinf\u00f3nica de Tenerife \u00b7 Estrella Morente + Philharmonique de Gran Canaria<\/li>\n    <li><strong>\ud83c\udf9f\ufe0f Billets :<\/strong> 10 \u20ac\u201380 \u20ac \u2014 <a href=\"https:\/\/icdcultural.org\" target=\"_blank\" rel=\"noopener\">icdcultural.org<\/a><\/li>\n    <li><strong>\ud83c\udf10 Site web :<\/strong> <a href=\"https:\/\/icdcultural.org\" target=\"_blank\" rel=\"noopener\">icdcultural.org<\/a><\/li>\n    <li><strong>\ud83d\udcf8 Instagram :<\/strong> <a href=\"https:\/\/instagram.com\/icdcultural\" target=\"_blank\" rel=\"noopener\">@icdcultural<\/a><\/li>\n    <li><strong>\u2705 Statut :<\/strong> Confirm\u00e9 \u2014 42e \u00e9dition, programme complet publi\u00e9<\/li>\n    <li><strong>\ud83d\udca1 Extra :<\/strong> Les concerts principaux se vendent rapidement. L&rsquo;Auditorio est \u00e0 10 minutes \u00e0 pied du front de mer de Santa Cruz \u2014 combinez avec un d\u00eener en ville avant.<\/li>\n<\/ul>\n<\/div>\n\n<hr class=\"wp-block-separator has-alpha-channel-opacity\"\/>\n\n<h2 class=\"wp-block-heading\" id=\"fito\">Fito et Fitipaldis \u2014 Aullidos Tour \ud83c\udfb8<\/h2>\n\n<p>Avant que l&rsquo;\u00e9t\u00e9 ne d\u00e9marre vraiment, Tenerife s&rsquo;appr\u00eate \u00e0 accueillir une nuit rock en mars que les fans hispanophones vont adorer. <strong>Fito y Fitipaldis<\/strong> fait partie des groupes de rock les plus aim\u00e9s en Espagne \u2014 le genre de groupe o\u00f9 tout le monde dans la salle conna\u00eet chaque parole et l&rsquo;ambiance ressemble plus \u00e0 une finale de foot qu&rsquo;\u00e0 un concert. Leur rock influenc\u00e9 par le blues et leurs paroles percutantes ont cr\u00e9\u00e9 une fanbase qui voyage, et Tenerife est un arr\u00eat incontournable.<\/p>\n\n<div class=\"event-meta\">\n  <ul>\n    <li><strong>\ud83d\udcc5 Quand :<\/strong> 14 mars 2026<\/li>\n    <li><strong>\ud83d\udccd O\u00f9 :<\/strong> Recinto Ferial de Tenerife, Santa Cruz de Tenerife<\/li>\n    <li><strong>\ud83c\udfb5 Type :<\/strong> Rock \/ Blues Rock<\/li>\n    <li><strong>\ud83c\udfa4 Artiste :<\/strong> Fito y Fitipaldis<\/li>\n    <li><strong>\ud83c\udf9f\ufe0f Billets :<\/strong> 30 \u20ac\u201375 \u20ac \u2014 <a href=\"https:\/\/www.canariasviaja.com\" target=\"_blank\" rel=\"noopener\">canariasviaja.com<\/a><\/li>\n    <li><strong>\ud83d\udcf8 Instagram :<\/strong> <a href=\"https:\/\/instagram.com\/fitoyfitipaldis\" target=\"_blank\" rel=\"noopener\">@fitoyfitipaldis<\/a><\/li>\n    <li><strong>\u2705 Statut :<\/strong> Confirm\u00e9<\/li>\n    <li><strong>\ud83d\udca1 Extra :<\/strong> Faisant partie de leur Aullidos Tour 2025\/26. Les fans de rock espagnol ne devraient pas manquer \u00e7a.<\/li>\n<\/ul>\n<\/div>\n\n<hr class=\"wp-block-separator has-alpha-channel-opacity\"\/>\n\n<h2 class=\"wp-block-heading\" id=\"laura-pausini\">Laura Pausini \u2014 Yo Canto World Tour \ud83c\udfa4<\/h2>\n\n<p>L&rsquo;un des plus grands noms de la pop italienne fait escale au sud de Tenerife \u00e0 la fin mars. La fanbase de Laura Pausini aux Canaries est \u00e9norme \u2014 et son public italien, qui repr\u00e9sente l&rsquo;un des march\u00e9s internationaux les plus solides de l&rsquo;archipel, sera l\u00e0 en force. Si ta bande a des gens qui aiment \u00e0 la fois les festivals et les grandes soir\u00e9es pop, c&rsquo;est un \u00e9v\u00e9nement \u00e0 ne pas manquer !<\/p>\n\n<div class=\"event-meta\">\n  <ul>\n    <li><strong>\ud83d\udcc5 Quand :<\/strong> 29 mars 2026<\/li>\n    <li><strong>\ud83d\udccd O\u00f9 :<\/strong> Los Cristianos, T\u00e9n\u00e9rife (lieu exact \u00e0 confirmer)<\/li>\n    <li><strong>\ud83c\udfb5 Type :<\/strong> Concert de pop<\/li>\n    <li><strong>\ud83c\udfa4 Artiste :<\/strong> Laura Pausini<\/li>\n    <li><strong>\ud83c\udf9f\ufe0f Billets :<\/strong> 40\u20ac\u2013100\u20ac \u2014 <a href=\"https:\/\/www.canariasviaja.com\" target=\"_blank\" rel=\"noopener\">canariasviaja.com<\/a><\/li>\n    <li><strong>\ud83d\udcf8 Instagram :<\/strong> <a href=\"https:\/\/instagram.com\/laurapausini\" target=\"_blank\" rel=\"noopener\">@laurapausini<\/a><\/li>\n    <li><strong>\u2705 Statut :<\/strong> Confirm\u00e9 \u2014 lieu exact \u00e0 Los Cristianos \u00e0 confirmer<\/li>\n    <li><strong>\ud83d\udca1 Suppl\u00e9ment :<\/strong> Los Cristianos est dans le sud \u2014 si vous \u00eates d\u00e9j\u00e0 bas\u00e9 pr\u00e8s de Costa Adeje pour la saison de festivals, c&rsquo;est un ajout naturel.<\/li>\n<\/ul>\n<\/div>\n\n<hr class=\"wp-block-separator has-alpha-channel-opacity\"\/>\n\n<h2 class=\"wp-block-heading\" id=\"lost-nomads\">Lost Nomads Tenerife \u2014 4 avril 2026 \ud83d\udd25<\/h2>\n\n<p>L&rsquo;\u00e9v\u00e9nement qui lance vraiment la saison \u00e9lectronique du Sud de Tenerife. <strong>Lost Nomads<\/strong> s&rsquo;est forg\u00e9 une solide r\u00e9putation gr\u00e2ce \u00e0 ses \u00e9ditions \u00e0 Ibiza, Marrakech et Duba\u00ef \u2014 production haut de gamme, lineup international soigneusement s\u00e9lectionn\u00e9, et un public qui vient vraiment pour \u00e9couter autant que pour danser. Le 4 avril marque sa <strong>premi\u00e8re \u00e9dition \u00e0 Tenerife<\/strong>, et \u00e7a se pr\u00e9sente avec un format \u00e0 deux lieux qu&rsquo;il vaut mieux comprendre avant de r\u00e9server.<\/p>\n\n<p>La session de jour (<strong>Solar<\/strong>) se d\u00e9roule au Golf Costa Adeje \u2014 en plein air, sous le soleil de l&rsquo;apr\u00e8s-midi, avec l&rsquo;Atlantique en toile de fond. Puis, \u00e0 la tomb\u00e9e de la nuit, le public se dirige vers <strong>Magma Arte &amp; Congresos<\/strong> pour la session nocturne Lunaire : un vrai cadre de production int\u00e9rieure avec un \u00e9clairage et un son au top. C&rsquo;est une exp\u00e9rience jour-nuit bien pens\u00e9e, pas juste un assemblage \u00e0 l&rsquo;arrache. Si tu arrives \u00e0 Tenerife ce week-end et que tu restes quelques jours apr\u00e8s, tu fais \u00e7a comme il faut. \ud83c\udf05<\/p>\n\n<div class=\"event-meta\">\n  <ul>\n    <li><strong>\ud83d\udcc5 Quand :<\/strong> 4 avril 2026<\/li>\n    <li><strong>\ud83d\udccd O\u00f9 :<\/strong> Golf Costa Adeje (Solaire, jour) + Magma Arte &#038; Congr\u00e8s (Lunaire, nuit) \u2014 Costa Adeje<\/li>\n    <li><strong>\ud83c\udfb5 Type :<\/strong> \u00c9lectronique \/ \u00c9v\u00e9nement exp\u00e9rience premium<\/li>\n    <li><strong>\ud83c\udfa4 Lineup :<\/strong> TBC \u2014 \u00e9ditions pr\u00e9c\u00e9dentes (Ibiza) : des noms \u00e9lectroniques de classe mondiale \u00e0 travers tous les sous-genres<\/li>\n    <li><strong>\ud83c\udf9f\ufe0f Billets :<\/strong> TBC \u2014 <a href=\"https:\/\/farra.world\/lost-nomads-tenerife\" target=\"_blank\" rel=\"noopener\">farra.world\/lost-nomads-tenerife<\/a><\/li>\n    <li><strong>\ud83c\udf10 Site web :<\/strong> <a href=\"https:\/\/farra.world\/lost-nomads-tenerife\" target=\"_blank\" rel=\"noopener\">farra.world\/lost-nomads-tenerife<\/a><\/li>\n    <li><strong>\ud83d\udcf8 Instagram :<\/strong> <a href=\"https:\/\/instagram.com\/lostnomadsfest\" target=\"_blank\" rel=\"noopener\">@lostnomadsfest<\/a><\/li>\n    <li><strong>\u2705 Statut :<\/strong> Confirm\u00e9 \u2014 premi\u00e8re \u00e9dition \u00e0 Tenerife, organis\u00e9e par Farra World<\/li>\n    <li><strong>\ud83d\udca1 Info suppl\u00e9mentaire :<\/strong> Les \u00e9ditions pr\u00e9c\u00e9dentes \u00e0 Ibiza se sont vendues rapidement. Surveillez les canaux de Farra World pour les annonces de lineup et ne tardez pas trop \u00e0 acheter vos billets.<\/li>\n<\/ul>\n<\/div>\n\n<figure class=\"wp-block-embed is-type-video is-provider-youtube wp-block-embed-youtube wp-embed-aspect-16-9 wp-has-aspect-ratio\"><div class=\"wp-block-embed__wrapper\">\n<iframe loading=\"lazy\" title=\"Lost Nomads\" width=\"500\" height=\"281\" src=\"https:\/\/www.youtube.com\/embed\/ro7OkBkJ5XQ?feature=oembed\" frameborder=\"0\" allow=\"accelerometer; autoplay; clipboard-write; encrypted-media; gyroscope; picture-in-picture; web-share\" referrerpolicy=\"strict-origin-when-cross-origin\" allowfullscreen><\/iframe>\n<\/div><\/figure>\n\n<hr class=\"wp-block-separator has-alpha-channel-opacity\"\/>\n\n<h2 class=\"wp-block-heading\" id=\"las-rocas\">Sessions du Las Rocas Beach Club \u2014 en cours \ud83c\udf0a<\/h2>\n\n<p>Pas un \u00e9v\u00e9nement unique, mais une s\u00e9rie r\u00e9currente \u00e0 conna\u00eetre. <strong>Las Rocas Beach Club<\/strong> \u00e0 Costa Adeje (Calle Gran Breta\u00f1a 5) est le lieu de Farra World qui fonctionne toute la saison \u2014 des sessions comme <strong>TUMBAO<\/strong> et <strong>AGUASANTA<\/strong> am\u00e8nent des DJs internationaux dans un cadre de club de plage intime o\u00f9 l&rsquo;Atlantique fait presque partie du spectacle. Si tu es dans le sud et que tu veux une soir\u00e9e qui ne n\u00e9cessite pas de gros engagement de festival, c&rsquo;est celle \u00e0 ne pas manquer.<\/p>\n\n<div class=\"event-meta\">\n  <ul>\n    <li><strong>\ud83d\udcc5 Quand :<\/strong> Toute l&rsquo;ann\u00e9e 2026 \u2014 dates sp\u00e9cifiques annonc\u00e9es par session via les r\u00e9seaux sociaux<\/li>\n    <li><strong>\ud83d\udccd O\u00f9 :<\/strong> Las Rocas Beach Club, Calle Gran Breta\u00f1a 5, Costa Adeje<\/li>\n    <li><strong>\ud83c\udfb5 Type :<\/strong> \u00c9lectronique \/ House \u2014 s\u00e9rie de sessions de beach club<\/li>\n    <li><strong>\ud83c\udfa4 Programmation :<\/strong> DJ internationaux en rotation \u2014 nuits de marque TUMBAO et AGUASANTA<\/li>\n    <li><strong>\ud83c\udf9f\ufe0f Billets :<\/strong> 10 \u20ac\u201330 \u20ac \u2014 <a href=\"https:\/\/farra.world\/las-rocas-beach-club\" target=\"_blank\" rel=\"noopener\">farra.world\/las-rocas-beach-club<\/a><\/li>\n    <li><strong>\ud83c\udf10 Site web :<\/strong> <a href=\"https:\/\/lasrocasbeachclub.com\" target=\"_blank\" rel=\"noopener\">lasrocasbeachclub.com<\/a><\/li>\n    <li><strong>\ud83d\udcf8 Instagram :<\/strong> <a href=\"https:\/\/instagram.com\/lasrocasbeachclub\" target=\"_blank\" rel=\"noopener\">@lasrocasbeachclub<\/a><\/li>\n    <li><strong>\ud83d\udd04 Statut :<\/strong> S\u00e9rie en cours \u2014 suivez les r\u00e9seaux sociaux pour les dates des \u00e9v\u00e9nements individuels<\/li>\n    <li><strong>\ud83d\udca1 Extra :<\/strong> \u00c0 distance de marche de Duque Nest Hostel \u00e0 Costa Adeje. Parfait pour une sortie improvis\u00e9e \u00e0 mi-parcours sans planification pr\u00e9alable.<\/li>\n<\/ul>\n<\/div>\n\n<hr class=\"wp-block-separator has-alpha-channel-opacity\"\/>\n\n<h2 class=\"wp-block-heading\" id=\"la-misa\">La Misa \u2014 Printemps 2026 \ud83d\udda4<\/h2>\n\n<p>Il n&rsquo;y a rien d&rsquo;autre comme \u00e7a. <strong>La Misa<\/strong> est un \u00e9v\u00e9nement techno culte avec un <strong>dressing code enti\u00e8rement noir<\/strong> et une esth\u00e9tique d\u00e9lib\u00e9r\u00e9ment th\u00e9\u00e2trale \u2014 pense \u00e0 un \u00e9clairage immersif, des r\u00e9f\u00e9rences visuelles religieuses, et une foule qui prend \u00e7a au s\u00e9rieux. La production est sans compromis et les line-ups ont \u00e9t\u00e9 vraiment extraordinaires : Carl Cox, Marco Carola, Joseph Capriati, Mochakk. Si la techno underground est ton univers, c&rsquo;est l&rsquo;un des \u00e9v\u00e9nements autour desquels tu planifies.<\/p>\n\n<p>La date exacte de 2026 n&rsquo;est pas encore tomb\u00e9e \u2014 La Misa confirme g\u00e9n\u00e9ralement autour de P\u00e2ques et a historiquement eu lieu en avril ou en juin. Suis les canaux de Farra World et sois pr\u00eat \u00e0 agir vite quand \u00e7a arrive, parce que \u00e7a part vite !<\/p>\n\n<div class=\"event-meta\">\n  <ul>\n    <li><strong>\ud83d\udcc5 Quand :<\/strong> Printemps 2026 \u2014 date exacte \u00e0 confirmer (historiquement avril \/ d\u00e9but de l&rsquo;\u00e9t\u00e9)<\/li>\n    <li><strong>\ud83d\udccd O\u00f9 :<\/strong> Golf Costa Adeje, Costa Adeje<\/li>\n    <li><strong>\ud83c\udfb5 Type :<\/strong> Techno \/ Tech House \/ \u00c9lectronique underground<\/li>\n    <li><strong>\ud83c\udfa4 T\u00eates d&rsquo;affiche pr\u00e9c\u00e9dentes :<\/strong> Carl Cox \u00b7 Marco Carola \u00b7 Joseph Capriati \u00b7 Mochakk<\/li>\n    <li><strong>\ud83c\udf9f\ufe0f Billets :<\/strong> 30 \u20ac\u201380 \u20ac \u2014 <a href=\"https:\/\/farra.world\/la-misa\" target=\"_blank\" rel=\"noopener\">farra.world\/la-misa<\/a><\/li>\n    <li><strong>\ud83c\udf10 Site web :<\/strong> <a href=\"https:\/\/lamisafestival.com\" target=\"_blank\" rel=\"noopener\">lamisafestival.com<\/a><\/li>\n    <li><strong>\ud83d\udcf8 Instagram :<\/strong> <a href=\"https:\/\/instagram.com\/lamisafestival\" target=\"_blank\" rel=\"noopener\">@lamisafestival<\/a><\/li>\n    <li><strong>\u23f3 Statut :<\/strong> Attendu \u2014 aucune date pour 2026 confirm\u00e9e pour l&rsquo;instant. Solide exp\u00e9rience sur plusieurs ann\u00e9es.<\/li>\n    <li><strong>\ud83d\udca1 Suppl\u00e9ment :<\/strong> Le code vestimentaire est TOUT EN NOIR \u2014 strictement appliqu\u00e9. Non n\u00e9gociable, non optionnel.<\/li>\n<\/ul>\n<\/div>\n\n<figure class=\"wp-block-embed is-type-video is-provider-youtube wp-block-embed-youtube wp-embed-aspect-16-9 wp-has-aspect-ratio\"><div class=\"wp-block-embed__wrapper\">\n<iframe loading=\"lazy\" title=\"LA MISA FESTIVAL - FARRAWORLD - TENERIFE\" width=\"500\" height=\"281\" src=\"https:\/\/www.youtube.com\/embed\/Yob73SQEpe8?feature=oembed\" frameborder=\"0\" allow=\"accelerometer; autoplay; clipboard-write; encrypted-media; gyroscope; picture-in-picture; web-share\" referrerpolicy=\"strict-origin-when-cross-origin\" allowfullscreen><\/iframe>\n<\/div><\/figure>\n\n<hr class=\"wp-block-separator has-alpha-channel-opacity\"\/>\n\n<h2 class=\"wp-block-heading\" id=\"mueca\">Festival International des Arts de la Rue MUECA \u2014 Mai 2026 \ud83c\udfaa<\/h2>\n\n<p>Quelque chose de compl\u00e8tement diff\u00e9rent et vraiment sp\u00e9cial. Pour sa <strong>22\u00e8me \u00e9dition<\/strong>, MUECA transforme les rues et les espaces publics de Puerto de la Cruz en une sc\u00e8ne de spectacle en plein air pendant quatre jours \u2014 des compagnies internationales apportent th\u00e9\u00e2tre, cirque, clown, danse et musique live dans une ville qui g\u00e8re tout \u00e7a \u00e0 merveille. C&rsquo;est gratuit. Tout est gratuit. Il te suffit de venir et de fl\u00e2ner.<\/p>\n\n<p>Si tu es d\u00e9j\u00e0 dans le nord pour le Phe Festival en septembre, sache que c&rsquo;est l&rsquo;autre grand \u00e9v\u00e9nement culturel gratuit \u00e0 Puerto de la Cruz. Mais MUECA en mai a sa propre logique \u2014 la m\u00e9t\u00e9o se r\u00e9chauffe, la ville est encore relativement calme, et les spectacles prennent une autre dimension quand on regarde du cirque dans une plaza coloniale. \ud83c\udfad<\/p>\n\n<div class=\"event-meta\">\n  <ul>\n    <li><strong>\ud83d\udcc5 Quand :<\/strong> Mai 2026 \u2014 dates exactes \u00e0 confirmer (historically d\u00e9but mai)<\/li>\n    <li><strong>\ud83d\udccd O\u00f9 :<\/strong> Rues et espaces publics dans tout Puerto de la Cruz<\/li>\n    <li><strong>\ud83c\udfb5 Type :<\/strong> Arts de rue \/ Th\u00e9\u00e2tre \/ Cirque \/ Danse \/ Musique<\/li>\n    <li><strong>\ud83c\udfa4 Programmation :<\/strong> Compagnies internationales d&rsquo;arts de rue (\u00e0 confirmer par \u00e9dition)<\/li>\n    <li><strong>\ud83c\udf9f\ufe0f Billets :<\/strong> Entr\u00e9e gratuite \u2014 toutes les performances en plein air et ouvertes \u00e0 tous<\/li>\n    <li><strong>\ud83d\udcf8 Instagram :<\/strong> <a href=\"https:\/\/instagram.com\/muecafestival\" target=\"_blank\" rel=\"noopener\">@muecafestival<\/a><\/li>\n    <li><strong>\u23f3 Statut :<\/strong> Attendu \u2014 22\u00e8me \u00e9dition. Pas de dates sp\u00e9cifiques pour 2026 confirm\u00e9es pour l&rsquo;instant. Financ\u00e9 par le Cabildo de Tenerife.<\/li>\n    <li><strong>\ud83d\udca1 Extra :<\/strong> Le Nest Hostel Puerto est \u00e0 distance de marche de la zone du festival. Compl\u00e8tement gratuit et familial \u2014 parfait pour un d\u00e9tour culturel en cours de voyage.<\/li>\n<\/ul>\n<\/div>\n\n<figure class=\"wp-block-embed is-type-video is-provider-youtube wp-block-embed-youtube wp-embed-aspect-16-9 wp-has-aspect-ratio\"><div class=\"wp-block-embed__wrapper\">\n<iframe loading=\"lazy\" title=\"MUECA - Street Art Festival in Puerto de la Cruz, Tenerife\" width=\"500\" height=\"281\" src=\"https:\/\/www.youtube.com\/embed\/tqXmS5Mphb4?feature=oembed\" frameborder=\"0\" allow=\"accelerometer; autoplay; clipboard-write; encrypted-media; gyroscope; picture-in-picture; web-share\" referrerpolicy=\"strict-origin-when-cross-origin\" allowfullscreen><\/iframe>\n<\/div><\/figure>\n\n<hr class=\"wp-block-separator has-alpha-channel-opacity\"\/>\n\n<h2 class=\"wp-block-heading\" id=\"tenerife-music-festival\">Festival de Musique de Tenerife \u2014 12-13 juin 2026 \ud83c\udfb5<\/h2>\n\n<figure class=\"wp-block-image size-full\"><img decoding=\"async\" src=\"https:\/\/nestshostels.com\/wp-content\/uploads\/2026\/03\/image-7.jpeg\" alt=\"Session de musique &#xE9;lectronique au Las Rocas Beach Club, Costa Adeje, Tenerife\"\/><\/figure>\n\n<p>Deux nuits au <strong>port de Santa Cruz<\/strong>, en plein air, avec l&rsquo;une des plus fortes programmations pop et urbaine que tu trouveras sur l&rsquo;\u00eele en 2026. Le Farra World&rsquo;s Tenerife Music Festival divise sa programmation de mani\u00e8re marqu\u00e9e : Jour 1 (12 juin) se concentre sur l&rsquo;urbain et le latin \u2014 <strong>Rels B, Nathy Peluso, Club Grasa, El Arrebato<\/strong>. Jour 2 (13 juin) bascule vers la pop espagnole mainstream \u2014 <strong>Camilo, Pablo Albor\u00e1n, Ana Mena, Iv\u00e1n Ferreiro<\/strong>. Deux ambiances compl\u00e8tement diff\u00e9rentes, ce qui en fait un pass de deux jours remarquablement flexible pour les groupes aux go\u00fbts vari\u00e9s.<\/p>\n\n<p>Le cadre du port fait toute la magie \u2014 une douce nuit de juin, l&rsquo;air marin et une vue sur la skyline. C&rsquo;est le genre de spectacle qui est bien meilleur en vrai que sur une affiche. Les billets sont en vente d\u00e8s maintenant sur tickety.es.<\/p>\n\n<div class=\"event-meta\">\n  <ul>\n    <li><strong>\ud83d\udcc5 Quand :<\/strong> 12\u201313 juin 2026<\/li>\n    <li><strong>\ud83d\udccd O\u00f9 :<\/strong> Puerto de Santa Cruz de Tenerife (zone portuaire en plein air)<\/li>\n    <li><strong>\ud83c\udfb5 Type :<\/strong> Pop \/ Latin \/ Urban \u2014 festival de deux jours<\/li>\n    <li><strong>\ud83c\udfa4 Jour 1 (12 juin) :<\/strong> Rels B \u00b7 Nathy Peluso \u00b7 Club Grasa \u00b7 El Arrebato<\/li>\n    <li><strong>\ud83c\udfa4 Jour 2 (13 juin) :<\/strong> Camilo \u00b7 Pablo Albor\u00e1n \u00b7 Ana Mena \u00b7 Iv\u00e1n Ferreiro<\/li>\n    <li><strong>\ud83c\udf9f\ufe0f Billets :<\/strong> 30 \u20ac\u201375 \u20ac \u2014 <a href=\"https:\/\/tickety.es\" target=\"_blank\" rel=\"noopener\">tickety.es<\/a><\/li>\n    <li><strong>\ud83c\udf10 Site web :<\/strong> <a href=\"https:\/\/farra.world\" target=\"_blank\" rel=\"noopener\">farra.world<\/a><\/li>\n    <li><strong>\ud83d\udcf8 Instagram :<\/strong> <a href=\"https:\/\/www.instagram.com\/tenerifemusicfestival\/\" target=\"_blank\" rel=\"noopener\">https:\/\/www.instagram.com\/tenerifemusicfestival\/<\/a> &#8211; <a href=\"https:\/\/instagram.com\/farraworld\" target=\"_blank\" rel=\"noopener\">@farraworld<\/a><\/li>\n    <li><strong>\u2705 Statut :<\/strong> Confirm\u00e9 \u2014 programmation et dates publi\u00e9es, billets en vente<\/li>\n    <li><strong>\ud83d\udca1 Extra :<\/strong> Le jour 1 convient aux fans de musique urbaine\/latine ; le jour 2 est du pur pop espagnol grand public. Achetez les deux jours si votre groupe a des go\u00fbts vari\u00e9s \u2014 l&rsquo;exp\u00e9rience est compl\u00e8tement diff\u00e9rente chaque nuit.<\/li>\n<\/ul>\n<\/div>\n\n<figure class=\"wp-block-embed is-type-video is-provider-youtube wp-block-embed-youtube wp-embed-aspect-16-9 wp-has-aspect-ratio\"><div class=\"wp-block-embed__wrapper\">\n<iframe loading=\"lazy\" title=\"TENERIFE MUSIC FESTIVAL - 12 Y 13 DE JUNIO 2026\" width=\"500\" height=\"281\" src=\"https:\/\/www.youtube.com\/embed\/mQH6ae7KnJ4?feature=oembed\" frameborder=\"0\" allow=\"accelerometer; autoplay; clipboard-write; encrypted-media; gyroscope; picture-in-picture; web-share\" referrerpolicy=\"strict-origin-when-cross-origin\" allowfullscreen><\/iframe>\n<\/div><\/figure>\n\n<hr class=\"wp-block-separator has-alpha-channel-opacity\"\/>\n\n<h2 class=\"wp-block-heading\" id=\"san-juan\">Noche de San Juan \u2014 23-24 juin \ud83d\udd25<\/h2>\n\n<p>Pas un festival avec des billets. Mieux. La <strong>Noche de San Juan<\/strong> (Nuit de Midsummer) est l&rsquo;une de ces traditions espagnoles si ancr\u00e9es dans la culture qu&rsquo;elles n&rsquo;ont pas besoin de production \u2014 chaque plage de Tenerife se remplit de monde \u00e0 minuit, des feux de joie sont allum\u00e9s, et la tradition de sauter par-dessus les flammes est prise tr\u00e8s au s\u00e9rieux. C&rsquo;est gratuit, \u00e7a se passe sur toute l&rsquo;\u00eele, et c&rsquo;est l&rsquo;une des nuits les plus magiques que tu peux vivre \u00e0 Tenerife si tu es l\u00e0. \ud83c\udf19<\/p>\n\n<div class=\"event-meta\">\n  <ul>\n    <li><strong>\ud83d\udcc5 Quand :<\/strong> 23\u201324 juin 2026<\/li>\n    <li><strong>\ud83d\udccd O\u00f9 :<\/strong> Plages \u00e0 travers Tenerife \u2014 les spots populaires incluent Playa de las Teresitas (Santa Cruz) et Playa de Los Cristianos (sud)<\/li>\n    <li><strong>\ud83c\udfb5 Type :<\/strong> C\u00e9l\u00e9bration traditionnelle \/ Culturel<\/li>\n    <li><strong>\ud83c\udf9f\ufe0f Billets :<\/strong> Gratuit \u2014 aucun billet requis<\/li>\n    <li><strong>\u23f3 Statut :<\/strong> Tradition annuelle \u2014 date fixe chaque ann\u00e9e (23\u201324 juin)<\/li>\n    <li><strong>\ud83d\udca1 Extra :<\/strong> Sautez par-dessus un feu de joie \u00e0 minuit pour avoir de la chance. Vraiment. C&rsquo;est non n\u00e9gociable. \ud83d\udd25<\/li>\n<\/ul>\n<\/div>\n\n<figure class=\"wp-block-embed is-type-video is-provider-youtube wp-block-embed-youtube wp-embed-aspect-16-9 wp-has-aspect-ratio\"><div class=\"wp-block-embed__wrapper\">\n<iframe loading=\"lazy\" title=\"Noche de San Juan 2024: Una Noche M\u00e1gica en El M\u00e9dano, Tenerife | Tradiciones y Fuegos Artificiales\" width=\"500\" height=\"281\" src=\"https:\/\/www.youtube.com\/embed\/t1mUGhSEgyc?feature=oembed\" frameborder=\"0\" allow=\"accelerometer; autoplay; clipboard-write; encrypted-media; gyroscope; picture-in-picture; web-share\" referrerpolicy=\"strict-origin-when-cross-origin\" allowfullscreen><\/iframe>\n<\/div><\/figure>\n\n<hr class=\"wp-block-separator has-alpha-channel-opacity\"\/>\n\n<h2 class=\"wp-block-heading\" id=\"sting\">Sting \u2014 Tourn\u00e9e STING 3.0 \ud83c\udfb8<\/h2>\n\n<p>Entre le Jazz Festival et le sommet de l&rsquo;\u00e9t\u00e9, Tenerife re\u00e7oit l&rsquo;un des noms les plus embl\u00e9matiques de la musique. <strong>La tourn\u00e9e mondiale STING 3.0 de Sting<\/strong> arrive \u00e0 l&rsquo;<strong>Anexo Palmetum<\/strong> \u00e0 Santa Cruz le 10 juillet \u2014 le jour apr\u00e8s son concert \u00e0 Gran Canaria, ce qui signifie que c&rsquo;est une vraie course sur deux \u00eeles des Canaries pour ceux qui veulent le suivre. C&rsquo;est un lieu en plein air, c&rsquo;est juillet, et c&rsquo;est Sting. Les classiques sonneront exactement aussi bien que tu le souhaites. \ud83c\udf1f<\/p>\n\n<figure class=\"wp-block-image size-large\"><img loading=\"lazy\" decoding=\"async\" width=\"1024\" height=\"440\" src=\"https:\/\/nestshostels.com\/wp-content\/uploads\/2026\/03\/sting-1024x440.jpg\" alt=\"Sting &#x2014; Tourn&#xE9;e STING 3.0 &#x1F3B8;\" class=\"wp-image-22384\" srcset=\"https:\/\/nestshostels.com\/wp-content\/uploads\/2026\/03\/sting-1024x440.jpg 1024w, https:\/\/nestshostels.com\/wp-content\/uploads\/2026\/03\/sting-300x129.jpg 300w, https:\/\/nestshostels.com\/wp-content\/uploads\/2026\/03\/sting-768x330.jpg 768w, https:\/\/nestshostels.com\/wp-content\/uploads\/2026\/03\/sting.jpg 1408w\" sizes=\"auto, (max-width: 1024px) 100vw, 1024px\" \/><\/figure>\n\n<div class=\"event-meta\">\n  <ul>\n    <li><strong>\ud83d\udcc5 Quand :<\/strong> 10 juillet 2026<\/li>\n    <li><strong>\ud83d\udccd O\u00f9 :<\/strong> Anexo Palmetum, Santa Cruz de Tenerife<\/li>\n    <li><strong>\ud83c\udfb5 Type :<\/strong> Concert Pop \/ Rock<\/li>\n    <li><strong>\ud83c\udfa4 Artiste :<\/strong> Sting<\/li>\n    <li><strong>\ud83c\udf9f\ufe0f Billets :<\/strong> 50\u20ac\u2013120\u20ac \u2014 <a href=\"https:\/\/www.canariasviaja.com\" target=\"_blank\" rel=\"noopener\">canariasviaja.com<\/a><\/li>\n    <li><strong>\ud83d\udcf8 Instagram :<\/strong> <a href=\"https:\/\/instagram.com\/theofficialsting\" target=\"_blank\" rel=\"noopener\">@theofficialsting<\/a><\/li>\n    <li><strong>\u2705 Statut :<\/strong> Confirm\u00e9<\/li>\n    <li><strong>\ud83d\udca1 Infos suppl\u00e9mentaires :<\/strong> La date \u00e0 Gran Canaria est le 9 juillet. Si tu fais l&rsquo;\u00eele cette semaine-l\u00e0, tu peux attraper les deux.<\/li>\n<\/ul>\n<\/div>\n\n<hr class=\"wp-block-separator has-alpha-channel-opacity\"\/>\n\n<h2 class=\"wp-block-heading\" id=\"canarias-jazz\">Festival Internacional Canarias Jazz &amp; M\u00e1s \u2014 Juillet 2026 \ud83c\udfb7<\/h2>\n\n<figure class=\"wp-block-image size-large\"><img loading=\"lazy\" decoding=\"async\" width=\"1024\" height=\"505\" src=\"https:\/\/nestshostels.com\/wp-content\/uploads\/2026\/03\/jazz-1024x505.jpg\" alt=\"Festival Internacional Canarias Jazz &amp; M&#xE1;s &#x2014; Juillet 2026 &#x1F3B7;\" class=\"wp-image-22389\" srcset=\"https:\/\/nestshostels.com\/wp-content\/uploads\/2026\/03\/jazz-1024x505.jpg 1024w, https:\/\/nestshostels.com\/wp-content\/uploads\/2026\/03\/jazz-300x148.jpg 300w, https:\/\/nestshostels.com\/wp-content\/uploads\/2026\/03\/jazz-768x379.jpg 768w, https:\/\/nestshostels.com\/wp-content\/uploads\/2026\/03\/jazz.jpg 1053w\" sizes=\"auto, (max-width: 1024px) 100vw, 1024px\" \/><\/figure>\n\n<p>Trente-cinq \u00e9ditions d\u00e9j\u00e0 et ils continuent de produire des concerts qui feraient salle comble n&rsquo;importe o\u00f9 en Europe. Le festival <strong>Canarias Jazz &amp; M\u00e1s<\/strong> s&rsquo;\u00e9tale sur plusieurs \u00eeles, mais la \u00e9tape \u00e0 Tenerife \u2014 au <strong>Auditorio Ad\u00e1n Mart\u00edn<\/strong> \u2014 est celle o\u00f9 les gros noms atterrissent souvent. Cette ann\u00e9e, le t\u00eate d&rsquo;affiche est <strong>Jacob Collier<\/strong>, qui se produit avec l&rsquo;Orquesta Filarm\u00f3nica de Gran Canaria dans un concert qui promet d&rsquo;\u00eatre exactement le genre d&rsquo;\u00e9v\u00e9nement spectaculaire qu&rsquo;il sait offrir. Il joue \u00e0 Gran Canaria le 21 juillet et \u00e0 Tenerife le 22 juillet.<\/p>\n\n<p>Le reste du programme inclut Yellowjackets, Tigran Hamasyan et Luc\u00eda Rey. En plus des concerts payants dans l\u2019auditorium, des \u00e9v\u00e9nements gratuits en plein air sont g\u00e9n\u00e9ralement programm\u00e9s tout au long du festival \u2014 \u00e7a vaut le coup de jeter un \u0153il au programme pour d\u00e9couvrir les extras une fois qu&rsquo;il sera enti\u00e8rement publi\u00e9.<\/p>\n\n<div class=\"event-meta\">\n  <ul>\n    <li><strong>\ud83d\udcc5 Quand :<\/strong> Juillet 2026 \u2014 Jacob Collier a confirm\u00e9 le 22 juillet \u00e0 Tenerife<\/li>\n    <li><strong>\ud83d\udccd O\u00f9 :<\/strong> Auditorio de Tenerife Ad\u00e1n Mart\u00edn, Santa Cruz de Tenerife<\/li>\n    <li><strong>\ud83c\udfb5 Type :<\/strong> Jazz \/ Classique crossover \/ Musique du monde<\/li>\n    <li><strong>\ud83c\udfa4 Artistes confirm\u00e9s :<\/strong> Jacob Collier \u00b7 Yellowjackets \u00b7 Tigran Hamasyan \u00b7 Luc\u00eda Rey<\/li>\n    <li><strong>\ud83c\udf9f\ufe0f Billets :<\/strong> 15 \u20ac\u201360 \u20ac \u2014 <a href=\"https:\/\/canariasjazz.com\" target=\"_blank\" rel=\"noopener\">canariasjazz.com<\/a><\/li>\n    <li><strong>\ud83c\udf10 Site web :<\/strong> <a href=\"https:\/\/canariasjazz.com\" target=\"_blank\" rel=\"noopener\">canariasjazz.com<\/a><\/li>\n    <li><strong>\ud83d\udcf8 Instagram :<\/strong> <a href=\"https:\/\/instagram.com\/canariasjazz\" target=\"_blank\" rel=\"noopener\">@canariasjazz<\/a><\/li>\n    <li><strong>\u2705 Statut :<\/strong> 35\u00e8me \u00e9dition confirm\u00e9e \u2014 programme complet de Tenerife en attente de publication<\/li>\n    <li><strong>\ud83d\udca1 Extra :<\/strong> Des concerts gratuits en plein air sont g\u00e9n\u00e9ralement programm\u00e9s en parall\u00e8le des \u00e9v\u00e9nements payants de l&rsquo;auditorium. \u00c7a vaut le coup de suivre @canariasjazz pour le programme complet.<\/li>\n<\/ul>\n<\/div>\n\n<hr class=\"wp-block-separator has-alpha-channel-opacity\"\/>\n\n<h2 class=\"wp-block-heading\" id=\"bresh\">BRESH Tenerife 2026 \ud83d\udc96<\/h2>\n\n<p>Si tu cherches la nuit id\u00e9ale pour sortir en groupe avec des go\u00fbts musicaux vari\u00e9s, <strong>BRESH<\/strong> est probablement ce qu&rsquo;il te faut. La f\u00eate auto-proclam\u00e9e \u00ab\u00a0la fiesta m\u00e1s linda del mundo\u00a0\u00bb (la plus belle f\u00eate du monde) est une marque de f\u00eate n\u00e9e \u00e0 Buenos Aires qui a emport\u00e9 son esth\u00e9tique \u2014 canons \u00e0 confettis, production th\u00e9\u00e2trale, reggaeton et pop latino \u00e0 un volume qui te pousse \u00e0 danser \u2014 dans des clubs et des lieux \u00e0 travers le monde. L&rsquo;\u00e9dition de Tenerife se d\u00e9roule g\u00e9n\u00e9ralement au <strong>Anfiteatro Siam Park<\/strong>, qui accueille environ 5 000 personnes et est parfait pour ce genre de soir\u00e9e \u00e0 grand spectacle. \ud83c\udf8a<\/p>\n\n<p>Pas de date pour 2026 confirm\u00e9e pour l\u2019instant, mais c\u2019est un \u00e9v\u00e9nement incontournable du calendrier estival de l\u2019\u00eele depuis plusieurs ann\u00e9es. Suis le compte @bresh sur Instagram \u2014 quand \u00e7a sera annonc\u00e9, \u00e7a arrive g\u00e9n\u00e9ralement 4 \u00e0 8 semaines avant l\u2019\u00e9v\u00e9nement et les billets partent vite.<\/p>\n\n<div class=\"event-meta\">\n  <ul>\n    <li><strong>\ud83d\udcc5 Quand :<\/strong> \u00c9t\u00e9 2026 \u2014 date exacte \u00e0 confirmer (historiquement ao\u00fbt\/septembre)<\/li>\n    <li><strong>\ud83d\udccd O\u00f9 :<\/strong> Anfiteatro Siam Park (pr\u00e9vu), Costa Adeje<\/li>\n    <li><strong>\ud83c\udfb5 Type :<\/strong> Reggaeton \/ Pop latino \/ Urbain<\/li>\n    <li><strong>\ud83c\udf9f\ufe0f Billets :<\/strong> 25 \u20ac\u201360 \u20ac \u2014 <a href=\"https:\/\/bresh.com\" target=\"_blank\" rel=\"noopener\">bresh.com<\/a><\/li>\n    <li><strong>\ud83c\udf10 Site web :<\/strong> <a href=\"https:\/\/bresh.com\" target=\"_blank\" rel=\"noopener\">bresh.com<\/a><\/li>\n    <li><strong>\ud83d\udcf8 Instagram :<\/strong> <a href=\"https:\/\/instagram.com\/bresh\" target=\"_blank\" rel=\"noopener\">@bresh<\/a><\/li>\n    <li><strong>\u23f3 Statut :<\/strong> Pr\u00e9vu \u2014 forte pr\u00e9sence multi-ann\u00e9es \u00e0 Tenerife. Suivez les r\u00e9seaux sociaux pour l&rsquo;annonce de 2026.<\/li>\n    <li><strong>\ud83d\udca1 Bonus :<\/strong> Super pour les groupes. L&rsquo;ambiance est sociale et inclusive plut\u00f4t que \u00ab\u00a0visage de club s\u00e9rieux\u00a0\u00bb. Venez pr\u00eats \u00e0 vraiment vous amuser.<\/li>\n<\/ul>\n<\/div>\n\n<figure class=\"wp-block-image size-full\"><img decoding=\"async\" src=\"https:\/\/nestshostels.com\/wp-content\/uploads\/2026\/03\/ten.jpg\" alt=\"Vue a&#xE9;rienne du lieu du festival Golf Costa Adeje la nuit, Tenerife\"\/><\/figure>\n\n<hr class=\"wp-block-separator has-alpha-channel-opacity\"\/>\n\n<h2 class=\"wp-block-heading\" id=\"sunblast\">Festival Sunblast \u2014 8 ao\u00fbt 2026 \ud83d\ude80<\/h2>\n\n<p>C&rsquo;est celui-l\u00e0. <strong>Sunblast<\/strong> est le plus grand festival de musique \u00e9lectronique des Canaries \u2014 un \u00e9v\u00e9nement d&rsquo;une journ\u00e9e, de plus de neuf heures, sur <strong>six ou sept sc\u00e8nes<\/strong> au Golf Costa Adeje, avec une production d&rsquo;une telle ampleur qu&rsquo;on se sent vraiment dans une ambiance internationale. L&rsquo;\u00e9dition 2025 a attir\u00e9 un public visiblement diversifi\u00e9 \u2014 des Espagnols, des Allemands, des Italiens, des Britanniques, et un groupe de personnes qui avaient clairement construit leurs vacances autour de ce samedi pr\u00e9cis. C&rsquo;est le genre d&rsquo;\u00e9v\u00e9nement \u00e0 ne pas manquer.<\/p>\n\n<p>Les \u00e9ditions pr\u00e9c\u00e9dentes ont vu passer <strong>Boris Brejcha, Bad Gyal, et Steve Aoki<\/strong> parmi les t\u00eates d&rsquo;affiche. La programmation de 2026 n&rsquo;est pas encore tomb\u00e9e, mais la date du 8 ao\u00fbt est confirm\u00e9e \u2014 l&rsquo;organisateur Farra World l&rsquo;a annonc\u00e9 via @sunblast_festival avant le d\u00e9but de la saison. R\u00e9serve ton h\u00e9bergement d\u00e8s que tu as cette date dans ton calendrier, parce que Costa Adeje se remplit vite quand Sunblast est l\u00e0. \ud83d\udd0a<\/p>\n\n<p>Le rythme parfait pour le weekend Sunblast : arrive la veille (vendredi), passe ta journ\u00e9e \u00e0 la plage et repose-toi, samedi c&rsquo;est le festival, et dimanche c&rsquo;est la r\u00e9cup&rsquo; au bord de l&rsquo;oc\u00e9an. Ne cherche pas \u00e0 trop en faire \u2014 le festival, c&rsquo;est le plan.<\/p>\n\n<div class=\"event-meta\">\n  <ul>\n    <li><strong>\ud83d\udcc5 Quand :<\/strong> 8 ao\u00fbt 2026<\/li>\n    <li><strong>\ud83d\udccd O\u00f9 :<\/strong> Golf Costa Adeje, Costa Adeje, T\u00e9n\u00e9rife<\/li>\n    <li><strong>\ud83c\udfb5 Type :<\/strong> Festival \u00e9lectronique \/ Multi-sc\u00e8nes \u2014 9+ heures, 6\u20137 sc\u00e8nes<\/li>\n    <li><strong>\ud83c\udfa4 Programmation :<\/strong> \u00c0 confirmer \u2014 pr\u00e9c\u00e9dents t\u00eates d&rsquo;affiche : Boris Brejcha \u00b7 Bad Gyal \u00b7 Steve Aoki<\/li>\n    <li><strong>\ud83c\udf9f\ufe0f Billets :<\/strong> 40 \u20ac\u2013100 \u20ac \u2014 <a href=\"https:\/\/farra.world\/sunblast\" target=\"_blank\" rel=\"noopener\">farra.world\/sunblast<\/a><\/li>\n    <li><strong>\ud83c\udf10 Site web :<\/strong> <a href=\"https:\/\/sunblastfestival.com\" target=\"_blank\" rel=\"noopener\">sunblastfestival.com<\/a><\/li>\n    <li><strong>\ud83d\udcf8 Instagram :<\/strong> <a href=\"https:\/\/instagram.com\/sunblast_festival\" target=\"_blank\" rel=\"noopener\">@sunblast_festival<\/a><\/li>\n    <li><strong>\u2705 Statut :<\/strong> Confirm\u00e9 \u2014 Date du 8 ao\u00fbt annonc\u00e9e via Instagram officiel. Programmation \u00e0 confirmer.<\/li>\n    <li><strong>\ud83d\udca1 Extra :<\/strong> La plus grande date \u00e9lectronique du calendrier des \u00eeles Canaries. R\u00e9servez des lits \u00e0 Costa Adeje bien \u00e0 l&rsquo;avance \u2014 c&rsquo;est ici que la planification de derni\u00e8re minute devient co\u00fbteuse. Si vous \u00eates un groupe de 4+, bloquez votre h\u00e9bergement maintenant et r\u00e9glez les billets ensuite.<\/li>\n<\/ul>\n<\/div>\n\n<figure class=\"wp-block-embed is-type-video is-provider-youtube wp-block-embed-youtube wp-embed-aspect-16-9 wp-has-aspect-ratio\"><div class=\"wp-block-embed__wrapper\">\n<iframe loading=\"lazy\" title=\"SUNBLAST FESTIVAL 2019 | LineUP Teaser\" width=\"500\" height=\"281\" src=\"https:\/\/www.youtube.com\/embed\/4ZKNOk3tapU?feature=oembed\" frameborder=\"0\" allow=\"accelerometer; autoplay; clipboard-write; encrypted-media; gyroscope; picture-in-picture; web-share\" referrerpolicy=\"strict-origin-when-cross-origin\" allowfullscreen><\/iframe>\n<\/div><\/figure>\n\n<hr class=\"wp-block-separator has-alpha-channel-opacity\"\/>\n\n<h2 class=\"wp-block-heading\" id=\"phe-festival\">Festival Phe \u2014 4-5 septembre 2026 \ud83c\udfb8<\/h2>\n\n<p>Si Sunblast est la r\u00e9ponse de Tenerife \u00e0 un grand festival \u00e9lectronique europ\u00e9en, <strong>Phe<\/strong> est sa r\u00e9ponse \u00e0 un vrai festival indie avec une \u00e2me. Maintenant dans sa <strong>11\u00e8me \u00e9dition<\/strong>, Phe prend d&rsquo;assaut l&rsquo;<strong>Explanada del Muelle<\/strong> \u2014 l&rsquo;esplanade en bord de mer de Puerto de la Cruz \u2014 pour deux jours de musique indie, alternative et \u00e9lectronique qui est v\u00e9ritablement ancr\u00e9e dans la sc\u00e8ne locale sans se fermer au monde entier.<\/p>\n\n<p>La programmation 2026 inclut <strong>Carlos Ares, Rufus T. Firefly, Barry B, Natalia Doco, Ona Mafalda, et Choclock<\/strong> \u2014 un m\u00e9lange solide d&rsquo;artistes canariens et internationaux avec une forte cr\u00e9dibilit\u00e9 indie. Les billets Early Bird sont d\u00e9j\u00e0 dispo \u00e0 25 \u20ac, ce qui est un super bon plan pour un festival de deux jours en bord de mer. C&rsquo;est le genre d&rsquo;\u00e9v\u00e9nement qui vaut vraiment le coup chaque ann\u00e9e. \ud83c\udf0a<\/p>\n\n<div class=\"event-meta\">\n  <ul>\n    <li><strong>\ud83d\udcc5 Quand :<\/strong> 4\u20135 septembre 2026<\/li>\n    <li><strong>\ud83d\udccd O\u00f9 :<\/strong> Explanada del Muelle (Esplanade du Port), Puerto de la Cruz<\/li>\n    <li><strong>\ud83c\udfb5 Type :<\/strong> Indie \/ Alternatif \/ \u00c9lectronique \u2014 festival de deux jours<\/li>\n    <li><strong>\ud83c\udfa4 Artistes confirm\u00e9s :<\/strong> Carlos Ares \u00b7 Rufus T. Firefly \u00b7 Barry B \u00b7 Natalia Doco \u00b7 Ona Mafalda \u00b7 Choclock<\/li>\n    <li><strong>\ud83c\udf9f\ufe0f Billets :<\/strong> 25 \u20ac\u201355 \u20ac (Early Bird actif) \u2014 <a href=\"https:\/\/phefestival.es\" target=\"_blank\" rel=\"noopener\">phefestival.es<\/a><\/li>\n    <li><strong>\ud83c\udf10 Site Web :<\/strong> <a href=\"https:\/\/phefestival.es\" target=\"_blank\" rel=\"noopener\">phefestival.es<\/a><\/li>\n    <li><strong>\ud83d\udcf8 Instagram :<\/strong> <a href=\"https:\/\/instagram.com\/phefestival\" target=\"_blank\" rel=\"noopener\">@phefestival<\/a><\/li>\n    <li><strong>\u2705 Statut :<\/strong> Confirm\u00e9 \u2014 11\u00e8me \u00e9dition, dates et programmation partielle publi\u00e9es, Early Bird en vente<\/li>\n    <li><strong>\ud83d\udca1 Extra :<\/strong> Le Nest Hostel Puerto est \u00e0 distance de marche de l&rsquo;Explanada del Muelle. Septembre \u00e0 Puerto de la Cruz signifie soir\u00e9es chaudes, foules touristiques plus petites, et une ville qui vit vraiment ce festival.<\/li>\n<\/ul>\n<\/div>\n\n<figure class=\"wp-block-embed is-type-video is-provider-youtube wp-block-embed-youtube wp-embed-aspect-16-9 wp-has-aspect-ratio\"><div class=\"wp-block-embed__wrapper\">\n<iframe loading=\"lazy\" title=\"\ud83c\udfb5\ud83d\udc9b Aftermovie S\u00e1bado 24 | PHE FESTIVAL 2024  - #tenerife #islascanarias #puertodelacruz\" width=\"500\" height=\"281\" src=\"https:\/\/www.youtube.com\/embed\/iZsAQezuFt8?feature=oembed\" frameborder=\"0\" allow=\"accelerometer; autoplay; clipboard-write; encrypted-media; gyroscope; picture-in-picture; web-share\" referrerpolicy=\"strict-origin-when-cross-origin\" allowfullscreen><\/iframe>\n<\/div><\/figure>\n\n<hr class=\"wp-block-separator has-alpha-channel-opacity\"\/>\n\n<h2 class=\"wp-block-heading\" id=\"noctambula\">Festival Noct\u00e1mbula \u2014 12 septembre 2026 \u26a1<\/h2>\n\n<p>\u00c9v\u00e9nement tout nouveau, mais rien que l&rsquo;acte principal le rend incontournable. <strong>Noct\u00e1mbula<\/strong> est un festival in\u00e9dit au <strong>Recinto Ferial de Tenerife<\/strong>, construit autour d&rsquo;une production immersive et d&rsquo;une exp\u00e9rience audiovisuelle cin\u00e9matographique \u2014 et son t\u00eate d&rsquo;affiche est <strong>Symphony of Unity<\/strong>, le projet symphonique de Tomorrowland qui fusionne musique orchestrale et \u00e9lectronique d&rsquo;une mani\u00e8re qui m\u00e9rite vraiment le mot \u00ab\u00a0spectaculaire.\u00a0\u00bb C&rsquo;est sa <strong>seule date en Espagne en 2026<\/strong>. Si tu es dans le coin de Tenerife en septembre, c&rsquo;est une raison suffisante pour \u00eatre \u00e0 Santa Cruz le 12 !<\/p>\n\n<p>Les billets s&rsquo;\u00e9coulent apparemment rapidement pour cet \u00e9v\u00e9nement de premi\u00e8re \u00e9dition, ce qui est un bon signe de la fa\u00e7on dont la communaut\u00e9 \u00e9lectronique a accueilli ce projet. Les festivals qui d\u00e9butent avec un tel artiste phare peuvent soit cartonner, soit te donner une le\u00e7on \u2014 mais avec Symphony of Unity au programme, le niveau de qualit\u00e9 est d\u00e9j\u00e0 tr\u00e8s \u00e9lev\u00e9. \u26a1<\/p>\n\n<div class=\"event-meta\">\n  <ul>\n    <li><strong>\ud83d\udcc5 Quand :<\/strong> 12 septembre 2026<\/li>\n    <li><strong>\ud83d\udccd O\u00f9 :<\/strong> Recinto Ferial de Tenerife, Santa Cruz de Tenerife<\/li>\n    <li><strong>\ud83c\udfb5 Type :<\/strong> \u00c9lectronique \/ Symphonique \/ Immersif \u2014 production \u00e0 grande \u00e9chelle<\/li>\n    <li><strong>\ud83c\udfa4 Artistes confirm\u00e9s :<\/strong> Symphony of Unity (projet symphonique Tomorrowland) \u00b7 DJ Bjones<\/li>\n    <li><strong>\ud83c\udf9f\ufe0f Billets :<\/strong> 35\u20ac\u201380\u20ac \u2014 <a href=\"https:\/\/noctambulatenerife.com\" target=\"_blank\" rel=\"noopener\">noctambulatenerife.com<\/a><\/li>\n    <li><strong>\ud83c\udf10 Site web :<\/strong> <a href=\"https:\/\/noctambulatenerife.com\" target=\"_blank\" rel=\"noopener\">noctambulatenerife.com<\/a><\/li>\n    <li><strong>\ud83d\udcf8 Instagram :<\/strong> <a href=\"https:\/\/instagram.com\/noctambulatenerife\" target=\"_blank\" rel=\"noopener\">@noctambulatenerife<\/a><\/li>\n    <li><strong>\u2705 Statut :<\/strong> Confirm\u00e9 \u2014 premi\u00e8re \u00e9dition. Billets en vente rapide.<\/li>\n    <li><strong>\ud83d\udca1 Extra :<\/strong> Symphony of Unity est la SEULE date en Espagne de 2026 pour ce projet Tomorrowland. Si vous les avez d\u00e9j\u00e0 vus, vous savez. Si vous ne les avez pas vus, c&rsquo;est votre chance.<\/li>\n<\/ul>\n<\/div>\n\n<hr class=\"wp-block-separator has-alpha-channel-opacity\"\/>\n\n<h2 class=\"wp-block-heading\" id=\"penon-fest\">Tenerife Pe\u00f1\u00f3n Fest \u2014 23-24 octobre 2026 \ud83e\udd18<\/h2>\n\n<p>Preuve que la saison des festivals \u00e0 Tenerife ne s&rsquo;arr\u00eate pas avec l&rsquo;\u00e9t\u00e9. <strong>Tenerife Pe\u00f1\u00f3n Fest<\/strong> a d\u00e9m\u00e9nag\u00e9 de Puerto de la Cruz au <strong>parking du Palmetum \u00e0 Santa Cruz<\/strong> pour son \u00e9dition 2026, avec une programmation rock et indie vraiment solide : <strong>Pignoise, Maika Makovski, La La Love You, Biznaga, Carlos Sadness, Melifluo et Postcode<\/strong> sur deux jours. C&rsquo;est le genre de festival o\u00f9 la foule vient non seulement pour un artiste principal, mais parce que tout le week-end leur correspond. \ud83c\udfb8<\/p>\n\n<p>Octobre \u00e0 Tenerife, c&rsquo;est tout simplement g\u00e9nial \u2014 les temp\u00e9ratures restent chaudes (g\u00e9n\u00e9ralement entre 24 et 26\u00b0C), le nombre de touristes a chut\u00e9, et l&rsquo;\u00eele a un rythme diff\u00e9rent. Si tu veux l&rsquo;\u00e9nergie des festivals sans les foules et les prix de la haute saison, c&rsquo;est le moment id\u00e9al.<\/p>\n\n<div class=\"event-meta\">\n  <ul>\n    <li><strong>\ud83d\udcc5 Quand :<\/strong> 23\u201324 octobre 2026<\/li>\n    <li><strong>\ud83d\udccd O\u00f9 :<\/strong> Aire de stationnement Palmetum, Santa Cruz de Tenerife<\/li>\n    <li><strong>\ud83c\udfb5 Type :<\/strong> Rock \/ Indie \/ Pop punk \u2014 festival de deux jours<\/li>\n    <li><strong>\ud83c\udfa4 Line-up confirm\u00e9 :<\/strong> Pignoise \u00b7 Maika Makovski \u00b7 La La Love You \u00b7 Biznaga \u00b7 Carlos Sadness \u00b7 Melifluo \u00b7 Postcode<\/li>\n    <li><strong>\ud83c\udf9f\ufe0f Billets :<\/strong> 25 \u20ac\u201355 \u20ac \u2014 <a href=\"https:\/\/tenerifepenonfest.es\" target=\"_blank\" rel=\"noopener\">tenerifepenonfest.es<\/a> \/ <a href=\"https:\/\/tomaticket.es\" target=\"_blank\" rel=\"noopener\">tomaticket.es<\/a><\/li>\n    <li><strong>\ud83c\udf10 Site web :<\/strong> <a href=\"https:\/\/tenerifepenonfest.es\" target=\"_blank\" rel=\"noopener\">tenerifepenonfest.es<\/a><\/li>\n    <li><strong>\ud83d\udcf8 Instagram :<\/strong> <a href=\"https:\/\/instagram.com\/tenerifepenonfest\" target=\"_blank\" rel=\"noopener\">@tenerifepenonfest<\/a><\/li>\n    <li><strong>\u2705 Statut :<\/strong> Confirm\u00e9 \u2014 changement de lieu \u00e0 Santa Cruz confirm\u00e9. Billets en vente.<\/li>\n    <li><strong>\ud83d\udca1 Extra :<\/strong> Meilleur rapport qualit\u00e9-prix pour un week-end de festival de l&rsquo;ann\u00e9e pour les fans de rock\/indie. Les prix d&rsquo;octobre \u00e0 Tenerife sont significativement plus bas qu&rsquo;en ao\u00fbt \u2014 vols, lits, tout.<\/li>\n<\/ul>\n<\/div>\n\n<figure class=\"wp-block-embed is-type-video is-provider-youtube wp-block-embed-youtube wp-embed-aspect-16-9 wp-has-aspect-ratio\"><div class=\"wp-block-embed__wrapper\">\n<iframe loading=\"lazy\" title=\"Tenerife Pe\u00f1\u00f3n Fest 2025 aftermovie\" width=\"500\" height=\"281\" src=\"https:\/\/www.youtube.com\/embed\/qt73RUX__9s?feature=oembed\" frameborder=\"0\" allow=\"accelerometer; autoplay; clipboard-write; encrypted-media; gyroscope; picture-in-picture; web-share\" referrerpolicy=\"strict-origin-when-cross-origin\" allowfullscreen><\/iframe>\n<\/div><\/figure>\n\n<hr class=\"wp-block-separator has-alpha-channel-opacity\"\/>\n\n<h2 class=\"wp-block-heading\" id=\"elrow-xxl\">Elrow XXL Tenerife \u2014 Octobre 2026 \ud83c\udfad<\/h2>\n\n<p>La saison \u00e9lectronique se termine en beaut\u00e9. <strong>Elrow XXL<\/strong> est l&rsquo;\u00e9dition g\u00e9ante de Tenerife de la marque de f\u00eate immersive n\u00e9e \u00e0 Barcelone \u2014 de retour \u00e0 <strong>Golf Costa Adeje<\/strong> pour une production qui remplit tout le lieu et propose des volumes de confettis, des artistes de rue et un chaos visuel th\u00e9matique que tu adores tout de suite ou dont tu as besoin de deux minutes pour t&rsquo;ajuster avant de tomber amoureux. La capacit\u00e9 est de <strong>20,000+<\/strong>, ce qui en fait l&rsquo;un des plus grands \u00e9v\u00e9nements \u00e9lectroniques d&rsquo;une journ\u00e9e en Espagne.<\/p>\n\n<p>La date exacte d&rsquo;octobre n&rsquo;est pas encore confirm\u00e9e \u2014 l&rsquo;\u00e9dition 2025 \u00e9tait le 11 octobre \u2014 mais les canaux Farra World l&rsquo;annonceront avec suffisamment d&rsquo;avance pour que tu puisses t&rsquo;organiser. Si Sunblast est le flagship de l&rsquo;\u00e9t\u00e9, Elrow XXL, c&rsquo;est comment la saison fait ses adieux. \ud83c\udf8a<\/p>\n\n<div class=\"event-meta\">\n  <ul>\n    <li><strong>\ud83d\udcc5 Quand :<\/strong> Octobre 2026 \u2014 date exacte \u00e0 confirmer (\u00e9dition 2025 : 11 octobre)<\/li>\n    <li><strong>\ud83d\udccd O\u00f9 :<\/strong> Golf Costa Adeje, Costa Adeje<\/li>\n    <li><strong>\ud83c\udfb5 Type :<\/strong> \u00c9lectronique \/ House \/ Techno \u2014 production immersive \u00e0 grande \u00e9chelle<\/li>\n    <li><strong>\ud83c\udfa4 Lineup :<\/strong> \u00c0 confirmer \u2014 g\u00e9n\u00e9ralement annonc\u00e9 2 \u00e0 3 mois avant l&rsquo;\u00e9v\u00e9nement<\/li>\n    <li><strong>\ud83c\udf9f\ufe0f Billets :<\/strong> 35 \u20ac \u2013 90 \u20ac \u2014 <a href=\"https:\/\/farra.world\/elrow\" target=\"_blank\" rel=\"noopener\">farra.world\/elrow<\/a><\/li>\n    <li><strong>\ud83c\udf10 Site web :<\/strong> <a href=\"https:\/\/elrow.com\" target=\"_blank\" rel=\"noopener\">elrow.com<\/a><\/li>\n    <li><strong>\ud83d\udcf8 Instagram :<\/strong> <a href=\"https:\/\/instagram.com\/elrow\" target=\"_blank\" rel=\"noopener\">@elrow<\/a><\/li>\n    <li><strong>\u23f3 Statut :<\/strong> Attendu \u2014 forte pr\u00e9sence annuelle cons\u00e9cutive. Pas de date confirm\u00e9e pour 2026. Organis\u00e9 par Farra World.<\/li>\n    <li><strong>\ud83d\udca1 Extra :<\/strong> Le format XXL est unique \u00e0 Tenerife \u2014 substantiellement plus grand et plus \u00e9labor\u00e9 que les \u00e9v\u00e9nements Elrow standard. Pensez \u00e0 une production de festival compl\u00e8te, pas \u00e0 une nuit en club.<\/li>\n<\/ul>\n<\/div>\n\n<figure class=\"wp-block-embed is-type-video is-provider-youtube wp-block-embed-youtube wp-embed-aspect-16-9 wp-has-aspect-ratio\"><div class=\"wp-block-embed__wrapper\">\n<iframe loading=\"lazy\" title=\"ELROW Tenerife XXL Iphone 15 Pro Max Prores Log test\" width=\"500\" height=\"281\" src=\"https:\/\/www.youtube.com\/embed\/MWnsGNb9yF8?feature=oembed\" frameborder=\"0\" allow=\"accelerometer; autoplay; clipboard-write; encrypted-media; gyroscope; picture-in-picture; web-share\" referrerpolicy=\"strict-origin-when-cross-origin\" allowfullscreen><\/iframe>\n<\/div><\/figure>\n\n<hr class=\"wp-block-separator has-alpha-channel-opacity\"\/>\n\n<h2 class=\"wp-block-heading\" id=\"where-to-stay\">O\u00f9 loger pour un voyage festival \u00e0 Tenerife \ud83d\udccd<\/h2>\n\n<p>La version courte : <strong>installe-toi dans le sud pour les \u00e9v\u00e9nements \u00e9lectroniques, et dans le nord pour les \u00e9v\u00e9nements indie\/art<\/strong>. Et si tu pr\u00e9vois un voyage avec plusieurs \u00e9v\u00e9nements, le Nest Pass vaut le coup d&rsquo;\u0153il.<\/p>\n\n<h3 class=\"wp-block-heading\">T\u00e9n\u00e9rife Sud (zone de Costa Adeje) \u2014 Lost Nomads, La Misa, Sunblast, BRESH, Elrow XXL, Las Rocas<\/h3>\n\n<p>Presque tous les grands \u00e9v\u00e9nements \u00e9lectroniques de 2026 se d\u00e9roulent au <strong>Golf Costa Adeje<\/strong> ou dans la zone de Siam Park. \u00c7a place <strong>Costa Adeje<\/strong> au centre logique de la carte des festivals. Tu es \u00e0 5-10 minutes en taxi des principaux lieux, \u00e0 distance de marche de certaines des plus belles plages de Tenerife, et \u00e0 une courte marche ou en Uber de Los Cristianos si tu veux explorer.<\/p>\n\n<p><a href=\"https:\/\/nestshostels.com\/Duque-Nest-hostel-tenerife\/\">Duque Nest Hostel<\/a> est notre base dans le sud de Tenerife. Un endroit bien connect\u00e9 pour le calendrier des festivals \u00e9lectroniques \u2014 r\u00e9serve aussi t\u00f4t que possible pour le week-end de Sunblast, car les lits dans le sud se remplissent vite en ao\u00fbt. Regarde aussi <a href=\"https:\/\/nestshostels.com\/fr\/hostel\/hostal-los-amigos-tenerife\/\">Los Amigos<\/a>, <a href=\"https:\/\/nestshostels.com\/fr\/hostel\/medano-nest-hostel\/\">El Medano<\/a>, <a href=\"https:\/\/nestshostels.com\/fr\/hostel\/ashavana-nest-hostel\/\">Ashavana<\/a>.<\/p>\n\n<figure class=\"wp-block-gallery has-nested-images columns-default is-cropped wp-block-gallery-1 is-layout-flex wp-block-gallery-is-layout-flex\">\n<figure data-wp-context=\"{&quot;imageId&quot;:&quot;69ef18660d176&quot;}\" data-wp-interactive=\"core\/image\" data-wp-key=\"69ef18660d176\" class=\"wp-block-image size-large wp-lightbox-container\"><img loading=\"lazy\" decoding=\"async\" width=\"1024\" height=\"768\" data-wp-class--hide=\"state.isContentHidden\" data-wp-class--show=\"state.isContentVisible\" data-wp-init=\"callbacks.setButtonStyles\" data-wp-on--click=\"actions.showLightbox\" data-wp-on--load=\"callbacks.setButtonStyles\" data-wp-on-window--resize=\"callbacks.setButtonStyles\" data-id=\"15670\" src=\"https:\/\/nestshostels.com\/wp-content\/uploads\/Duque-Social-Night-Hostels-1024x768.jpg\" alt=\"Nuit Sociale Duque Hostels\" class=\"wp-image-15670\" srcset=\"https:\/\/nestshostels.com\/wp-content\/uploads\/Duque-Social-Night-Hostels-1024x768.jpg 1024w, https:\/\/nestshostels.com\/wp-content\/uploads\/Duque-Social-Night-Hostels-300x225.jpg 300w, https:\/\/nestshostels.com\/wp-content\/uploads\/Duque-Social-Night-Hostels-768x576.jpg 768w, https:\/\/nestshostels.com\/wp-content\/uploads\/Duque-Social-Night-Hostels-1536x1152.jpg 1536w, https:\/\/nestshostels.com\/wp-content\/uploads\/Duque-Social-Night-Hostels-2048x1536.jpg 2048w\" sizes=\"auto, (max-width: 1024px) 100vw, 1024px\" \/><button\n\t\t\tclass=\"lightbox-trigger\"\n\t\t\ttype=\"button\"\n\t\t\taria-haspopup=\"dialog\"\n\t\t\taria-label=\"Agrandir\"\n\t\t\tdata-wp-init=\"callbacks.initTriggerButton\"\n\t\t\tdata-wp-on--click=\"actions.showLightbox\"\n\t\t\tdata-wp-style--right=\"state.imageButtonRight\"\n\t\t\tdata-wp-style--top=\"state.imageButtonTop\"\n\t\t>\n\t\t\t<svg xmlns=\"http:\/\/www.w3.org\/2000\/svg\" width=\"12\" height=\"12\" fill=\"none\" viewBox=\"0 0 12 12\">\n\t\t\t\t<path fill=\"#fff\" d=\"M2 0a2 2 0 0 0-2 2v2h1.5V2a.5.5 0 0 1 .5-.5h2V0H2Zm2 10.5H2a.5.5 0 0 1-.5-.5V8H0v2a2 2 0 0 0 2 2h2v-1.5ZM8 12v-1.5h2a.5.5 0 0 0 .5-.5V8H12v2a2 2 0 0 1-2 2H8Zm2-12a2 2 0 0 1 2 2v2h-1.5V2a.5.5 0 0 0-.5-.5H8V0h2Z\" \/>\n\t\t\t<\/svg>\n\t\t<\/button><figcaption class=\"wp-element-caption\">Nuit Sociale Duque Hostels<\/figcaption><\/figure>\n\n\n\n<figure data-wp-context=\"{&quot;imageId&quot;:&quot;69ef18660e3be&quot;}\" data-wp-interactive=\"core\/image\" data-wp-key=\"69ef18660e3be\" class=\"wp-block-image size-large wp-lightbox-container\"><img loading=\"lazy\" decoding=\"async\" width=\"768\" height=\"1024\" data-wp-class--hide=\"state.isContentHidden\" data-wp-class--show=\"state.isContentVisible\" data-wp-init=\"callbacks.setButtonStyles\" data-wp-on--click=\"actions.showLightbox\" data-wp-on--load=\"callbacks.setButtonStyles\" data-wp-on-window--resize=\"callbacks.setButtonStyles\" data-id=\"17618\" src=\"https:\/\/nestshostels.com\/wp-content\/uploads\/Medano-Ping-Pong-Activity-768x1024.jpg\" alt=\"Activit&#xE9; de Ping Pong au Nest Hostel de El Medano\" class=\"wp-image-17618\" srcset=\"https:\/\/nestshostels.com\/wp-content\/uploads\/Medano-Ping-Pong-Activity-768x1024.jpg 768w, https:\/\/nestshostels.com\/wp-content\/uploads\/Medano-Ping-Pong-Activity-225x300.jpg 225w, https:\/\/nestshostels.com\/wp-content\/uploads\/Medano-Ping-Pong-Activity-1152x1536.jpg 1152w, https:\/\/nestshostels.com\/wp-content\/uploads\/Medano-Ping-Pong-Activity-1536x2048.jpg 1536w, https:\/\/nestshostels.com\/wp-content\/uploads\/Medano-Ping-Pong-Activity-scaled.jpg 1920w\" sizes=\"auto, (max-width: 768px) 100vw, 768px\" \/><button\n\t\t\tclass=\"lightbox-trigger\"\n\t\t\ttype=\"button\"\n\t\t\taria-haspopup=\"dialog\"\n\t\t\taria-label=\"Agrandir\"\n\t\t\tdata-wp-init=\"callbacks.initTriggerButton\"\n\t\t\tdata-wp-on--click=\"actions.showLightbox\"\n\t\t\tdata-wp-style--right=\"state.imageButtonRight\"\n\t\t\tdata-wp-style--top=\"state.imageButtonTop\"\n\t\t>\n\t\t\t<svg xmlns=\"http:\/\/www.w3.org\/2000\/svg\" width=\"12\" height=\"12\" fill=\"none\" viewBox=\"0 0 12 12\">\n\t\t\t\t<path fill=\"#fff\" d=\"M2 0a2 2 0 0 0-2 2v2h1.5V2a.5.5 0 0 1 .5-.5h2V0H2Zm2 10.5H2a.5.5 0 0 1-.5-.5V8H0v2a2 2 0 0 0 2 2h2v-1.5ZM8 12v-1.5h2a.5.5 0 0 0 .5-.5V8H12v2a2 2 0 0 1-2 2H8Zm2-12a2 2 0 0 1 2 2v2h-1.5V2a.5.5 0 0 0-.5-.5H8V0h2Z\" \/>\n\t\t\t<\/svg>\n\t\t<\/button><figcaption class=\"wp-element-caption\">Activit\u00e9 de Ping Pong au Nest Hostel de El Medano<\/figcaption><\/figure>\n\n\n\n<figure data-wp-context=\"{&quot;imageId&quot;:&quot;69ef186610dcb&quot;}\" data-wp-interactive=\"core\/image\" data-wp-key=\"69ef186610dcb\" class=\"wp-block-image size-large wp-lightbox-container\"><img loading=\"lazy\" decoding=\"async\" width=\"819\" height=\"1024\" data-wp-class--hide=\"state.isContentHidden\" data-wp-class--show=\"state.isContentVisible\" data-wp-init=\"callbacks.setButtonStyles\" data-wp-on--click=\"actions.showLightbox\" data-wp-on--load=\"callbacks.setButtonStyles\" data-wp-on-window--resize=\"callbacks.setButtonStyles\" data-id=\"20795\" src=\"https:\/\/nestshostels.com\/wp-content\/uploads\/2025\/12\/los-amigos-hostel-819x1024.jpg\" alt=\"Los Amigos Nests Hostels Tenerife Sud\" class=\"wp-image-20795\" srcset=\"https:\/\/nestshostels.com\/wp-content\/uploads\/2025\/12\/los-amigos-hostel-819x1024.jpg 819w, https:\/\/nestshostels.com\/wp-content\/uploads\/2025\/12\/los-amigos-hostel-240x300.jpg 240w, https:\/\/nestshostels.com\/wp-content\/uploads\/2025\/12\/los-amigos-hostel-768x960.jpg 768w, https:\/\/nestshostels.com\/wp-content\/uploads\/2025\/12\/los-amigos-hostel.jpg 1100w\" sizes=\"auto, (max-width: 819px) 100vw, 819px\" \/><button\n\t\t\tclass=\"lightbox-trigger\"\n\t\t\ttype=\"button\"\n\t\t\taria-haspopup=\"dialog\"\n\t\t\taria-label=\"Agrandir\"\n\t\t\tdata-wp-init=\"callbacks.initTriggerButton\"\n\t\t\tdata-wp-on--click=\"actions.showLightbox\"\n\t\t\tdata-wp-style--right=\"state.imageButtonRight\"\n\t\t\tdata-wp-style--top=\"state.imageButtonTop\"\n\t\t>\n\t\t\t<svg xmlns=\"http:\/\/www.w3.org\/2000\/svg\" width=\"12\" height=\"12\" fill=\"none\" viewBox=\"0 0 12 12\">\n\t\t\t\t<path fill=\"#fff\" d=\"M2 0a2 2 0 0 0-2 2v2h1.5V2a.5.5 0 0 1 .5-.5h2V0H2Zm2 10.5H2a.5.5 0 0 1-.5-.5V8H0v2a2 2 0 0 0 2 2h2v-1.5ZM8 12v-1.5h2a.5.5 0 0 0 .5-.5V8H12v2a2 2 0 0 1-2 2H8Zm2-12a2 2 0 0 1 2 2v2h-1.5V2a.5.5 0 0 0-.5-.5H8V0h2Z\" \/>\n\t\t\t<\/svg>\n\t\t<\/button><figcaption class=\"wp-element-caption\">Los Amigos Nests Hostels Tenerife Sud<\/figcaption><\/figure>\n<figcaption class=\"blocks-gallery-caption wp-element-caption\">Nos auberges du sud<\/figcaption><\/figure>\n\n<h3 class=\"wp-block-heading\">T\u00e9n\u00e9rife Nord (Puerto de la Cruz) \u2014 Phe Festival, MUECA<\/h3>\n\n<p>Le Phe Festival et MUECA se trouvent tous les deux \u00e0 Puerto de la Cruz, et la ville est vraiment top pour passer quelques nuits. L\u2019<strong>Explanada del Muelle<\/strong> (le lieu de Phe) est \u00e0 distance de marche du centre, il y a des plages de sable noir \u00e0 proximit\u00e9, et la vieille ville a une \u00e9nergie diff\u00e9rente de celle du sud \u2014 plus locale, plus architecturale, un peu plus int\u00e9ressante pour fl\u00e2ner. \ud83c\udf3f<\/p>\n\n<p><a href=\"https:\/\/nestshostels.com\/puerto-Nest-hostel-tenerife\/\">Puerto Nest Hostel<\/a> te met au c\u0153ur de l&rsquo;action. Marche jusqu&rsquo;au Phe Festival, marche jusqu&rsquo;aux performances de MUECA, marche jusqu&rsquo;au port.<\/p>\n\n<figure class=\"wp-block-image size-large\"><img loading=\"lazy\" decoding=\"async\" width=\"1024\" height=\"576\" src=\"https:\/\/nestshostels.com\/wp-content\/uploads\/2026\/02\/Nest-Pass-2026-1024x576.jpeg\" alt=\"Nest Pass Le pass d'auberge aux Canaries, avec des r&#xE9;ductions et la libert&#xE9; de bouger\" class=\"wp-image-21766\" srcset=\"https:\/\/nestshostels.com\/wp-content\/uploads\/2026\/02\/Nest-Pass-2026-1024x576.jpeg 1024w, https:\/\/nestshostels.com\/wp-content\/uploads\/2026\/02\/Nest-Pass-2026-300x169.jpeg 300w, https:\/\/nestshostels.com\/wp-content\/uploads\/2026\/02\/Nest-Pass-2026-768x432.jpeg 768w, https:\/\/nestshostels.com\/wp-content\/uploads\/2026\/02\/Nest-Pass-2026-1536x864.jpeg 1536w, https:\/\/nestshostels.com\/wp-content\/uploads\/2026\/02\/Nest-Pass-2026.jpeg 1600w\" sizes=\"auto, (max-width: 1024px) 100vw, 1024px\" \/><figcaption class=\"wp-element-caption\">Nest Pass Le pass d&rsquo;auberge aux Canaries, avec des r\u00e9ductions et la libert\u00e9 de bouger<\/figcaption><\/figure>\n\n<h3 class=\"wp-block-heading\">Voyage multi-\u00e9v\u00e9nements ? Le Nest Pass est parfait !<\/h3>\n\n<p>Si tu pr\u00e9vois plus d\u2019un \u00e9v\u00e9nement \u00e0 Tenerife \u2014 ou si \u00ab\u00a03 nuits\u00a0\u00bb se transforme en \u00ab\u00a0une semaine\u00a0\u00bb d\u00e8s ton arriv\u00e9e \u2014 le <strong>Nest Pass<\/strong> est fait pour \u00e7a. Il te permet de profiter de nuits flexibles dans les 9 \u00e9tablissements de Nests Hostels sur une seule r\u00e9servation, ce qui veut dire que tu peux commencer au sud pour Sunblast, te diriger vers le nord pour Phe, sans avoir \u00e0 tout r\u00e9organiser. Tarifs basse saison \u00e0 partir de <strong>90\u20ac\/semaine<\/strong>. \ud83c\udfc4<\/p>\n\n<p style=\"text-align:center\"><a href=\"https:\/\/nestshostels.com\/fr\/?page_id=20401\" class=\"wp-block-button__link\" style=\"background-color:#000;color:#fff;padding:12px 28px;border-radius:4px;text-decoration:none;font-weight:bold;\">D\u00e9couvre les Nests Hostels et r\u00e9serve ton s\u00e9jour<\/a>\u00a0\u00a0<a href=\"https:\/\/nestshostels.com\/fr\/nest-pass\/\" class=\"wp-block-button__link\" style=\"background-color:#000;color:#fff;padding:12px 28px;border-radius:4px;text-decoration:none;font-weight:bold;\">Explore le Nest Pass<\/a><\/p>\n\n<h2 class=\"wp-block-heading\" id=\"also-on-island\">Aussi sur l&rsquo;\u00eele en 2026 \u2014 ne rate pas \u00e7a \ud83c\udf34<\/h2>\n\n<p>Au-del\u00e0 du programme musical, Tenerife propose un calendrier riche d&rsquo;\u00e9v\u00e9nements culturels, de c\u00e9l\u00e9brations traditionnelles et de festivit\u00e9s religieuses. Certains d&rsquo;entre eux sont vraiment incontournables si tu es sur l&rsquo;\u00eele. Voici un guide rapide des temps forts non musicaux de l&rsquo;ann\u00e9e 2026 :<\/p>\n\n<figure class=\"wp-block-table is-style-stripes\"><table><thead><tr><th><strong>Date<\/strong><\/th><th><strong>\u00c9v\u00e9nement<\/strong><\/th><th><strong>Pourquoi c&rsquo;est important de le savoir<\/strong><\/th><\/tr><\/thead><tbody><tr><td><strong>4\u201315 mars<\/strong><\/td><td>Tenerife Noir \u2014 11\u00e8me \u00e9dition<\/td><td>Le festival de culture noir et criminelle le plus important d&rsquo;Espagne. Litt\u00e9rature, cin\u00e9ma, BD \u2014 la laur\u00e9ate du prix Nobel Olga Tokarczuk parmi les invit\u00e9s de 2026. Santa Cruz &amp; La Laguna. Principalement gratuit.<\/td><\/tr><tr><td><\/td><td><\/td><td><\/td><\/tr><tr><td><strong>26 avr.<\/strong><\/td><td>Romer\u00eda de San Marcos \u2014 Tegueste<\/td><td>P\u00e8lerinage traditionnel avec des costumes canariens, des charrettes \u00e0 b\u0153ufs, de la nourriture locale et du vin. C&rsquo;est gratuit, authentique, et \u00e7a te donne un super aper\u00e7u de la vraie culture insulaire.<\/td><\/tr><tr><td><strong>11\u201315 juin<\/strong><\/td><td>Corpus Christi &amp; Romer\u00eda San Isidro \u2014 La Orotava, c&rsquo;est incroyable !<\/td><td>Int\u00e9r\u00eat Touristique National D\u00e9clar\u00e9. Les rues de La Orotava sont recouvertes de tapis de fleurs faits avec la terre volcanique du Teide. Le 11 juin, c&rsquo;est un jour f\u00e9ri\u00e9 local. C&rsquo;est l&rsquo;un des \u00e9v\u00e9nements les plus photographi\u00e9s de Tenerife.<\/td><\/tr><tr><td><strong>12 juil.<\/strong><\/td><td>Romer\u00eda de San Benito Abad \u2014 La Laguna<\/td><td>D\u00e9clar\u00e9 Int\u00e9r\u00eat Touristique International. Une incroyable p\u00e8lerinage traditionnel \u00e0 travers le centre historique de La Laguna avec des charrettes \u00e0 b\u0153ufs et des costumes canariens. C&rsquo;est visuellement extraordinaire !<\/td><\/tr><tr><td><strong>13\u201316 juil.<\/strong><\/td><td>Fiestas de la Virgen del Carmen \u2014 Puerto de la Cruz<\/td><td>La procession maritime le 16 juillet \u2014 la statue est port\u00e9e \u00e0 travers les rues et emmen\u00e9e en mer sur un bateau d\u00e9cor\u00e9. C&rsquo;est gratuit, super atmosph\u00e9rique et vraiment local. C&rsquo;est aussi c\u00e9l\u00e9br\u00e9 \u00e0 Los Cristianos et El M\u00e9dano.<\/td><\/tr><tr><td><strong>15 ao\u00fbt<\/strong><\/td><td>Les Fiestas de la Virgen de Candelaria<\/td><td>Saint Patron des \u00celes Canaries. Des centaines de milliers de p\u00e8lerins venus de tout l&rsquo;archipel, une c\u00e9r\u00e9monie guanche pr\u00e9hispanique unique, des processions et des feux d&rsquo;artifice. Le 15 ao\u00fbt est un jour f\u00e9ri\u00e9 dans toutes les \u00celes Canaries. D\u00e9clar\u00e9 Int\u00e9r\u00eat Touristique International.<\/td><\/tr><tr><td><strong>14 sept.<\/strong><\/td><td>Fiestas du Sant\u00edsimo Cristo de La Laguna<\/td><td>La f\u00eate religieuse la plus importante \u00e0 La Laguna (ville class\u00e9e au patrimoine mondial de l&rsquo;UNESCO) ! Au programme : d\u00e9fil\u00e9 militaire, procession solennelle et feux d&rsquo;artifice. Le 14 septembre, c&rsquo;est un jour f\u00e9ri\u00e9 local \u00e0 La Laguna.<\/td><\/tr><\/tbody><\/table><\/figure>\n\n<p><em>Pas mentionn\u00e9 ci-dessus : <a href=\"https:\/\/nestshostels.com\/fr\/tenerife-carnival-2026-guide-events\/\" type=\"post\" id=\"21137\">Carnaval de Santa Cruz<\/a> (16 janv. \u2013 22 f\u00e9vr.) est d\u00e9j\u00e0 termin\u00e9 pour 2026, mais note \u00e7a dans ton agenda pour 2027 \u2014 c&rsquo;est l&rsquo;un des grands carnavals du monde, avec un th\u00e8me, un gala de la reine, et un Entierro de la Sardina de cl\u00f4ture le dernier dimanche. Pour en savoir plus sur ce qui se passe sur l&rsquo;\u00eele tout au long de l&rsquo;ann\u00e9e, consulte le <a href=\"https:\/\/nestshostels.com\/fr\/blog-nest-hostels-tenerife\/\">blog des Nests<\/a>.<\/em><\/p>\n\n<hr class=\"wp-block-separator has-alpha-channel-opacity\"\/>\n\n<section class=\"faq-section\">\n    <h2>Questions Fr\u00e9quemment Pos\u00e9es \u2753<\/h2>\n    <div itemscope=\"\" itemtype=\"https:\/\/schema.org\/FAQPage\">\n\n        <div itemprop=\"mainEntity\" itemscope=\"\" itemtype=\"https:\/\/schema.org\/Question\">\n            <h3 itemprop=\"name\">Quels festivals de musique sont confirm\u00e9s \u00e0 Tenerife pour 2026 ?<\/h3>\n            <div itemprop=\"acceptedAnswer\" itemscope=\"\" itemtype=\"https:\/\/schema.org\/Answer\">\n                <div itemprop=\"text\">\n                    <p>Les dates confirm\u00e9es pour 2026 \u00e0 Tenerife sont : Festival Internacional de M\u00fasica de Canarias (8 janv.\u20137 f\u00e9vr.), Lost Nomads (4 avr.), Tenerife Music Festival (12\u201313 juin), Sting \u2013 STING 3.0 Tour (10 juil.), Canarias Jazz &#038; M\u00e1s (juillet, Jacob Collier confirm\u00e9 le 22 juil.), Sunblast Festival (8 ao\u00fbt), Phe Festival (4\u20135 sept.), Noct\u00e1mbula (12 sept.), et Tenerife Pe\u00f1\u00f3n Fest (23\u201324 oct.). Les \u00e9v\u00e9nements qui attendent encore des dates exactes incluent La Misa, MUECA, BRESH, et Elrow XXL \u2014 tous attendus sur la base de solides ant\u00e9c\u00e9dents sur plusieurs ann\u00e9es.<\/p>\n                <\/div>\n            <\/div>\n        <\/div>\n\n        <div itemprop=\"mainEntity\" itemscope=\"\" itemtype=\"https:\/\/schema.org\/Question\">\n            <h3 itemprop=\"name\">Quels festivals de musique \u00e9lectronique y a-t-il \u00e0 Tenerife en 2026 ?<\/h3>\n            <div itemprop=\"acceptedAnswer\" itemscope=\"\" itemtype=\"https:\/\/schema.org\/Answer\">\n                <div itemprop=\"text\">\n                    <p>Tenerife a l&rsquo;un des calendriers de festivals \u00e9lectroniques les plus solides d&rsquo;Espagne. Les \u00e9v\u00e9nements \u00e9lectroniques confirm\u00e9s pour 2026 incluent Lost Nomads (4 avril, \u00e9v\u00e9nement premium jour-nuit au Golf Costa Adeje), Sunblast Festival (8 ao\u00fbt, le plus grand festival \u00e9lectronique de l&rsquo;\u00eele \u2014 9+ heures, 6\u20137 sc\u00e8nes), et Noct\u00e1mbula (12 septembre, festival de lancement avec en t\u00eate d&rsquo;affiche la Symphonie d&rsquo;Unit\u00e9 de Tomorrowland \u2014 seule date en Espagne de 2026). Les \u00e9v\u00e9nements attendus avec de solides ant\u00e9c\u00e9dents incluent La Misa (festival techno culte, code vestimentaire tout en noir, pedigree Carl Cox \/ Marco Carola), BRESH (f\u00eate reggaeton et latine), et Elrow XXL (production immersive de plus de 20 000 personnes au Golf Costa Adeje). La plupart de ces \u00e9v\u00e9nements sont organis\u00e9s par Farra World et se regroupent autour de la r\u00e9gion de Costa Adeje dans le sud de l&rsquo;\u00eele.<\/p>\n                <\/div>\n            <\/div>\n        <\/div>\n\n        <div itemprop=\"mainEntity\" itemscope=\"\" itemtype=\"https:\/\/schema.org\/Question\">\n            <h3 itemprop=\"name\">Quels festivals culturels et artistiques y a-t-il \u00e0 Tenerife ?<\/h3>\n            <div itemprop=\"acceptedAnswer\" itemscope=\"\" itemtype=\"https:\/\/schema.org\/Answer\">\n                <div itemprop=\"text\">\n                    <p>Au-del\u00e0 de la musique, Tenerife a un riche calendrier de festivals culturels. Tenerife Noir (4-15 mars) est le principal festival de culture noire et criminelle d&rsquo;Espagne, couvrant la litt\u00e9rature, le cin\u00e9ma et les bandes dessin\u00e9es \u2014 l&rsquo;\u00e9dition 2026 accueillera la laur\u00e9ate du Prix Nobel Olga Tokarczuk. MUECA (mai, Puerto de la Cruz) est un festival international des arts de rue gratuit en 22e \u00e9dition, apportant th\u00e9\u00e2tre, cirque et danse dans les rues de la vieille ville pendant quatre jours. Le Carnaval Internacional de Los Cristianos (5-16 mars) est l&rsquo;un des carnavals les plus fr\u00e9quent\u00e9s au niveau international \u00e0 Tenerife, avec un programme complet gratuit sur le front de mer sud. Les tapis de fleurs de Corpus Christi \u00e0 La Orotava (11-15 juin) sont d\u00e9clar\u00e9s d&rsquo;Int\u00e9r\u00eat Touristique National et attirent des visiteurs de toute l&rsquo;Europe.<\/p>\n                <\/div>\n            <\/div>\n        <\/div>\n\n        <div itemprop=\"mainEntity\" itemscope=\"\" itemtype=\"https:\/\/schema.org\/Question\">\n            <h3 itemprop=\"name\">Quelles festivals traditionnels et romer\u00edas y a-t-il \u00e0 Tenerife ?<\/h3>\n            <div itemprop=\"acceptedAnswer\" itemscope=\"\" itemtype=\"https:\/\/schema.org\/Answer\">\n                <div itemprop=\"text\">\n                    <p>Tenerife a un calendrier riche en romer\u00edas traditionnelles (p\u00e8lerinages) et en festivit\u00e9s religieuses tout au long de l&rsquo;ann\u00e9e, toutes gratuites. Les plus significatives sont : Fiestas de la Virgen de Candelaria (15 ao\u00fbt) \u2014 d\u00e9clar\u00e9e d&rsquo;Int\u00e9r\u00eat Touristique International, des centaines de milliers de p\u00e8lerins, et une c\u00e9r\u00e9monie unique pr\u00e9-hispanique Guanche pour la patronne des Canaries. Romer\u00eda de San Benito Abad \u00e0 La Laguna (12 juil) \u2014 d\u00e9clar\u00e9e d&rsquo;Int\u00e9r\u00eat Touristique International, avec des costumes canariens traditionnels et des chariots \u00e0 b\u0153ufs \u00e0 travers la ville class\u00e9e au patrimoine mondial de l&rsquo;UNESCO. Procession maritime de la Virgen del Carmen \u00e0 Puerto de la Cruz (16 juil) \u2014 la statue est port\u00e9e \u00e0 travers les rues et en mer sur un bateau d\u00e9cor\u00e9. Fiestas del Sant\u00edsimo Cristo de La Laguna (14 sept) \u2014 la festivit\u00e9 religieuse la plus importante \u00e0 La Laguna, avec le 14 septembre comme jour f\u00e9ri\u00e9 local.<\/p>\n                <\/div>\n            <\/div>\n        <\/div>\n\n        <div itemprop=\"mainEntity\" itemscope=\"\" itemtype=\"https:\/\/schema.org\/Question\">\n            <h3 itemprop=\"name\">Quand a lieu la Noche de San Juan \u00e0 Tenerife et que se passe-t-il ?<\/h3>\n            <div itemprop=\"acceptedAnswer\" itemscope=\"\" itemtype=\"https:\/\/schema.org\/Answer\">\n                <div itemprop=\"text\">\n                    <p>La Noche de San Juan a lieu chaque ann\u00e9e la nuit du 23 au 24 juin. C&rsquo;est l&rsquo;un des \u00e9v\u00e9nements gratuits les plus atmosph\u00e9riques de l&rsquo;\u00e9t\u00e9 canarien : les plages de l&rsquo;\u00eele se remplissent de monde \u00e0 minuit, des feux de joie sont allum\u00e9s sur le sable, et la tradition espagnole de sauter par-dessus les flammes est prise tr\u00e8s au s\u00e9rieux par les habitants et les visiteurs. Pas de billet, pas de programme \u2014 il suffit de se rendre sur n&rsquo;importe quelle plage. Les endroits populaires incluent Playa de las Teresitas \u00e0 Santa Cruz et Playa de Los Cristianos dans le sud.<\/p>\n                <\/div>\n            <\/div>\n        <\/div>\n\n        <div itemprop=\"mainEntity\" itemscope=\"\" itemtype=\"https:\/\/schema.org\/Question\">\n            <h3 itemprop=\"name\">Quand a lieu le Sunblast Festival 2026 et o\u00f9 se d\u00e9roule-t-il ?<\/h3>\n            <div itemprop=\"acceptedAnswer\" itemscope=\"\" itemtype=\"https:\/\/schema.org\/Answer\">\n                <div itemprop=\"text\">\n                    <p>Le Sunblast Festival 2026 se d\u00e9roule le 8 ao\u00fbt au Golf Costa Adeje dans le sud de Tenerife. C&rsquo;est le plus grand festival de musique \u00e9lectronique des \u00eeles Canaries \u2014 un \u00e9v\u00e9nement d&rsquo;une journ\u00e9e qui dure plus de 9 heures sur 6 \u00e0 7 sc\u00e8nes avec une foule de plus de 20 000 personnes. Les t\u00eates d&rsquo;affiche pr\u00e9c\u00e9dentes incluent Boris Brejcha, Bad Gyal et Steve Aoki. La programmation de 2026 n&rsquo;a pas encore \u00e9t\u00e9 annonc\u00e9e. Les billets sont disponibles sur farra.world\/sunblast. Les logements \u00e0 Costa Adeje se remplissent rapidement pour ce week-end \u2014 r\u00e9servez bien \u00e0 l&rsquo;avance.<\/p>\n                <\/div>\n            <\/div>\n        <\/div>\n\n        <div itemprop=\"mainEntity\" itemscope=\"\" itemtype=\"https:\/\/schema.org\/Question\">\n            <h3 itemprop=\"name\">Qu&rsquo;est-ce que Farra World et pourquoi appara\u00eet-il constamment \u00e0 c\u00f4t\u00e9 des \u00e9v\u00e9nements de Tenerife ?<\/h3>\n            <div itemprop=\"acceptedAnswer\" itemscope=\"\" itemtype=\"https:\/\/schema.org\/Answer\">\n                <div itemprop=\"text\">\n                    <p>Farra World est la soci\u00e9t\u00e9 de production derri\u00e8re la plupart des grands \u00e9v\u00e9nements \u00e9lectroniques dans le sud de Tenerife. Leur saison 2026 comprend Lost Nomads, La Misa, Sunblast, BRESH, Elrow XXL, et les sessions en cours du Las Rocas Beach Club. Comme la plupart des \u00e9v\u00e9nements de Farra World utilisent les m\u00eames lieux dans le sud de Tenerife \u2014 principalement le Golf Costa Adeje et le Las Rocas Beach Club \u00e0 Costa Adeje \u2014 une base dans le sud couvre la majorit\u00e9 du calendrier des festivals \u00e9lectroniques sans avoir besoin de se d\u00e9placer entre les \u00e9v\u00e9nements.<\/p>\n                <\/div>\n            <\/div>\n        <\/div>\n\n        <div itemprop=\"mainEntity\" itemscope=\"\" itemtype=\"https:\/\/schema.org\/Question\">\n            <h3 itemprop=\"name\">Quelle est la meilleure p\u00e9riode de l&rsquo;ann\u00e9e pour visiter Tenerife pour les festivals de musique ?<\/h3>\n            <div itemprop=\"acceptedAnswer\" itemscope=\"\" itemtype=\"https:\/\/schema.org\/Answer\">\n                <div itemprop=\"text\">\n                    <p>Le pic du calendrier des festivals s&rsquo;\u00e9tend d&rsquo;avril \u00e0 octobre, avec ao\u00fbt comme le mois le plus intense (Sunblast le 8 ao\u00fbt). Pour la musique \u00e9lectronique en particulier, la p\u00e9riode la plus forte va d&rsquo;avril \u00e0 octobre lors de la saison Farra World. Septembre est une p\u00e9riode sous-estim\u00e9e : le Phe Festival (4\u20135 sept) et Noct\u00e1mbula (12 sept) se d\u00e9roulent la m\u00eame semaine, les temp\u00e9ratures restent agr\u00e9ables autour de 25\u201327\u00b0C, le nombre de touristes est inf\u00e9rieur \u00e0 celui d&rsquo;ao\u00fbt, et les prix des h\u00e9bergements baissent consid\u00e9rablement. Octobre propose le Tenerife Pe\u00f1\u00f3n Fest (rock\/indie, 23\u201324 oct) et l&rsquo;attendu Elrow XXL avec un temps vraiment agr\u00e9able et un bien meilleur rapport qualit\u00e9-prix sur les vols et les lits.<\/p>\n                <\/div>\n            <\/div>\n        <\/div>\n\n        <div itemprop=\"mainEntity\" itemscope=\"\" itemtype=\"https:\/\/schema.org\/Question\">\n            <h3 itemprop=\"name\">Y a-t-il des \u00e9v\u00e9nements musicaux ou culturels gratuits \u00e0 Tenerife en 2026 ?<\/h3>\n            <div itemprop=\"acceptedAnswer\" itemscope=\"\" itemtype=\"https:\/\/schema.org\/Answer\">\n                <div itemprop=\"text\">\n                    <p>Oui \u2014 plusieurs des meilleurs \u00e9v\u00e9nements \u00e0 Tenerife ne co\u00fbtent rien du tout. MUECA (mai, Puerto de la Cruz) est un festival international des arts de rue de quatre jours enti\u00e8rement gratuit. La Noche de San Juan (23-24 juin) est une c\u00e9l\u00e9bration de feu de joie sur la plage gratuite \u00e0 l&rsquo;\u00e9chelle de l&rsquo;\u00eele. Le festival Canarias Jazz &#038; M\u00e1s inclut g\u00e9n\u00e9ralement des concerts en plein air gratuits aux c\u00f4t\u00e9s de son programme d&rsquo;auditorium payant. Les tapis de fleurs de Corpus Christi \u00e0 La Orotava (11-15 juin), toutes les romer\u00edas, la procession maritime de la Virgen del Carmen (16 juil.), et les Fiestas de la Virgen de Candelaria (15 ao\u00fbt) sont tous gratuits. Le Carnaval Internacional de Los Cristianos (5-16 mars) est \u00e9galement enti\u00e8rement gratuit.<\/p>\n                <\/div>\n            <\/div>\n        <\/div>\n\n        <div itemprop=\"mainEntity\" itemscope=\"\" itemtype=\"https:\/\/schema.org\/Question\">\n            <h3 itemprop=\"name\">O\u00f9 devrais-je s\u00e9journer \u00e0 Tenerife pour les festivals \u00e9lectroniques ?<\/h3>\n            <div itemprop=\"acceptedAnswer\" itemscope=\"\" itemtype=\"https:\/\/schema.org\/Answer\">\n                <div itemprop=\"text\">\n                    <p>Costa Adeje, dans le sud de Tenerife, est la meilleure base pour les festivals \u00e9lectroniques. Presque chaque grand \u00e9v\u00e9nement \u00e9lectronique en 2026 \u2014 Lost Nomads, La Misa, Sunblast, BRESH, Elrow XXL, et les sessions du Las Rocas Beach Club \u2014 se d\u00e9roule au Golf Costa Adeje ou dans des lieux voisins. S\u00e9journer \u00e0 Costa Adeje vous place \u00e0 5-10 minutes en taxi des zones d&rsquo;\u00e9v\u00e9nements, \u00e0 distance de marche de certaines des meilleures plages de l&rsquo;\u00eele, et bien plac\u00e9 pour r\u00e9cup\u00e9rer apr\u00e8s les festivals. Pour des \u00e9v\u00e9nements indie et alternatifs comme le Phe Festival et MUECA, Puerto de la Cruz, au nord, est la bonne base.<\/p>\n                <\/div>\n            <\/div>\n        <\/div>\n\n    <\/div>\n<\/section>\n\n<hr class=\"wp-block-separator has-alpha-channel-opacity is-style-dots\"\/>\n\n<div class=\"text-center\"><blockquote class=\"m-auto instagram-media\" data-instgrm-captioned=\"\" data-instgrm-permalink=\"https:\/\/www.instagram.com\/reel\/DU6M7y1jWU8\/?utm_source=ig_embed&#038;utm_campaign=loading\" data-instgrm-version=\"14\" style=\" background:#FFF; border:0; border-radius:3px; box-shadow:0 0 1px 0 rgba(0,0,0,0.5),0 1px 10px 0 rgba(0,0,0,0.15); margin: 1px; max-width:540px; min-width:326px; padding:0; width:99.375%; width:-webkit-calc(100% - 2px); width:calc(100% - 2px);\"><div style=\"padding:16px;\"> <a href=\"https:\/\/www.instagram.com\/reel\/DU6M7y1jWU8\/?utm_source=ig_embed&#038;utm_campaign=loading\" style=\" background:#FFFFFF; line-height:0; padding:0 0; text-align:center; text-decoration:none; width:100%;\" target=\"_blank\"> <div style=\" display: flex; flex-direction: row; align-items: center;\"> <div style=\"background-color: #F4F4F4; border-radius: 50%; flex-grow: 0; height: 40px; margin-right: 14px; width: 40px;\"><\/div> <div style=\"display: flex; flex-direction: column; flex-grow: 1; justify-content: center;\"> <div style=\" background-color: #F4F4F4; border-radius: 4px; flex-grow: 0; height: 14px; margin-bottom: 6px; width: 100px;\"><\/div> <div style=\" background-color: #F4F4F4; border-radius: 4px; flex-grow: 0; height: 14px; width: 60px;\"><\/div><\/div><\/div><div style=\"padding: 19% 0;\"><\/div> <div style=\"display:block; height:50px; margin:0 auto 12px; width:50px;\"><svg width=\"50px\" height=\"50px\" viewbox=\"0 0 60 60\" version=\"1.1\" xmlns=\"https:\/\/www.w3.org\/2000\/svg\" xmlns:xlink=\"https:\/\/www.w3.org\/1999\/xlink\"><g stroke=\"none\" stroke-width=\"1\" fill=\"none\" fill-rule=\"evenodd\"><g transform=\"translate(-511.000000, -20.000000)\" fill=\"#000000\"><g><path d=\"M556.869,30.41 C554.814,30.41 553.148,32.076 553.148,34.131 C553.148,36.186 554.814,37.852 556.869,37.852 C558.924,37.852 560.59,36.186 560.59,34.131 C560.59,32.076 558.924,30.41 556.869,30.41 M541,60.657 C535.114,60.657 530.342,55.887 530.342,50 C530.342,44.114 535.114,39.342 541,39.342 C546.887,39.342 551.658,44.114 551.658,50 C551.658,55.887 546.887,60.657 541,60.657 M541,33.886 C532.1,33.886 524.886,41.1 524.886,50 C524.886,58.899 532.1,66.113 541,66.113 C549.9,66.113 557.115,58.899 557.115,50 C557.115,41.1 549.9,33.886 541,33.886 M565.378,62.101 C565.244,65.022 564.756,66.606 564.346,67.663 C563.803,69.06 563.154,70.057 562.106,71.106 C561.058,72.155 560.06,72.803 558.662,73.347 C557.607,73.757 556.021,74.244 553.102,74.378 C549.944,74.521 548.997,74.552 541,74.552 C533.003,74.552 532.056,74.521 528.898,74.378 C525.979,74.244 524.393,73.757 523.338,73.347 C521.94,72.803 520.942,72.155 519.894,71.106 C518.846,70.057 518.197,69.06 517.654,67.663 C517.244,66.606 516.755,65.022 516.623,62.101 C516.479,58.943 516.448,57.996 516.448,50 C516.448,42.003 516.479,41.056 516.623,37.899 C516.755,34.978 517.244,33.391 517.654,32.338 C518.197,30.938 518.846,29.942 519.894,28.894 C520.942,27.846 521.94,27.196 523.338,26.654 C524.393,26.244 525.979,25.756 528.898,25.623 C532.057,25.479 533.004,25.448 541,25.448 C548.997,25.448 549.943,25.479 553.102,25.623 C556.021,25.756 557.607,26.244 558.662,26.654 C560.06,27.196 561.058,27.846 562.106,28.894 C563.154,29.942 563.803,30.938 564.346,32.338 C564.756,33.391 565.244,34.978 565.378,37.899 C565.522,41.056 565.552,42.003 565.552,50 C565.552,57.996 565.522,58.943 565.378,62.101 M570.82,37.631 C570.674,34.438 570.167,32.258 569.425,30.349 C568.659,28.377 567.633,26.702 565.965,25.035 C564.297,23.368 562.623,22.342 560.652,21.575 C558.743,20.834 556.562,20.326 553.369,20.18 C550.169,20.033 549.148,20 541,20 C532.853,20 531.831,20.033 528.631,20.18 C525.438,20.326 523.257,20.834 521.349,21.575 C519.376,22.342 517.703,23.368 516.035,25.035 C514.368,26.702 513.342,28.377 512.574,30.349 C511.834,32.258 511.326,34.438 511.181,37.631 C511.035,40.831 511,41.851 511,50 C511,58.147 511.035,59.17 511.181,62.369 C511.326,65.562 511.834,67.743 512.574,69.651 C513.342,71.625 514.368,73.296 516.035,74.965 C517.703,76.634 519.376,77.658 521.349,78.425 C523.257,79.167 525.438,79.673 528.631,79.82 C531.831,79.965 532.853,80.001 541,80.001 C549.148,80.001 550.169,79.965 553.369,79.82 C556.562,79.673 558.743,79.167 560.652,78.425 C562.623,77.658 564.297,76.634 565.965,74.965 C567.633,73.296 568.659,71.625 569.425,69.651 C570.167,67.743 570.674,65.562 570.82,62.369 C570.966,59.17 571,58.147 571,50 C571,41.851 570.966,40.831 570.82,37.631\"><\/path><\/g><\/g><\/g><\/svg><\/div><div style=\"padding-top: 8px;\"> <div style=\" color:#3897f0; font-family:Arial,sans-serif; font-size:14px; font-style:normal; font-weight:550; line-height:18px;\">Visualizza questo post su Instagram<\/div><\/div><div style=\"padding: 12.5% 0;\"><\/div> <div style=\"display: flex; flex-direction: row; margin-bottom: 14px; align-items: center;\"><div> <div style=\"background-color: #F4F4F4; border-radius: 50%; height: 12.5px; width: 12.5px; transform: translateX(0px) translateY(7px);\"><\/div> <div style=\"background-color: #F4F4F4; height: 12.5px; transform: rotate(-45deg) translateX(3px) translateY(1px); width: 12.5px; flex-grow: 0; margin-right: 14px; margin-left: 2px;\"><\/div> <div style=\"background-color: #F4F4F4; border-radius: 50%; height: 12.5px; width: 12.5px; transform: translateX(9px) translateY(-18px);\"><\/div><\/div><div style=\"margin-left: 8px;\"> <div style=\" background-color: #F4F4F4; border-radius: 50%; flex-grow: 0; height: 20px; width: 20px;\"><\/div> <div style=\" width: 0; height: 0; border-top: 2px solid transparent; border-left: 6px solid #f4f4f4; border-bottom: 2px solid transparent; transform: translateX(16px) translateY(-4px) rotate(30deg)\"><\/div><\/div><div style=\"margin-left: auto;\"> <div style=\" width: 0px; border-top: 8px solid #F4F4F4; border-right: 8px solid transparent; transform: translateY(16px);\"><\/div> <div style=\" background-color: #F4F4F4; flex-grow: 0; height: 12px; width: 16px; transform: translateY(-4px);\"><\/div> <div style=\" width: 0; height: 0; border-top: 8px solid #F4F4F4; border-left: 8px solid transparent; transform: translateY(-4px) translateX(8px);\"><\/div><\/div><\/div> <div style=\"display: flex; flex-direction: column; flex-grow: 1; justify-content: center; margin-bottom: 24px;\"> <div style=\" background-color: #F4F4F4; border-radius: 4px; flex-grow: 0; height: 14px; margin-bottom: 6px; width: 224px;\"><\/div> <div style=\" background-color: #F4F4F4; border-radius: 4px; flex-grow: 0; height: 14px; width: 144px;\"><\/div><\/div><\/a><p style=\" color:#c9c8cd; font-family:Arial,sans-serif; font-size:14px; line-height:17px; margin-bottom:0; margin-top:8px; overflow:hidden; padding:8px 0 7px; text-align:center; text-overflow:ellipsis; white-space:nowrap;\"><a href=\"https:\/\/www.instagram.com\/reel\/DU6M7y1jWU8\/?utm_source=ig_embed&#038;utm_campaign=loading\" style=\" color:#c9c8cd; font-family:Arial,sans-serif; font-size:14px; font-style:normal; font-weight:normal; line-height:17px; text-decoration:none;\" target=\"_blank\">Un post condiviso da FARRA UNDERWORLD &#8211; FESTIVAL M\u00daSICA UNDERGROUND (@farraunderworld)<\/a><\/p><\/div><\/blockquote><\/div>\n<script async=\"\" src=\"\/\/www.instagram.com\/embed.js\"><\/script>\n","protected":false},"excerpt":{"rendered":"<p>Chaque festival de musique et \u00e9v\u00e9nement majeur \u00e0 Tenerife pour 2026, dans un seul guide. Dates confirm\u00e9es, line-ups complets, prix des billets, et o\u00f9 poser tes valises \u2014 de Sunblast en ao\u00fbt \u00e0 Phe Festival en septembre, Lost Nomads en avril \u00e0 Elrow XXL en octobre. En plus, un tableau de r\u00e9f\u00e9rence rapide pour tous les \u00e9v\u00e9nements culturels qui se passent sur l&rsquo;\u00eele tout au long de l&rsquo;ann\u00e9e.<\/p>\n","protected":false},"author":3,"featured_media":22363,"comment_status":"open","ping_status":"open","sticky":false,"template":"","format":"standard","meta":{"footnotes":""},"categories":[72],"tags":[],"class_list":["post-22397","post","type-post","status-publish","format-standard","has-post-thumbnail","hentry","category-cultura-fr"],"acf":[],"yoast_head":"<!-- This site is optimized with the Yoast SEO plugin v27.1.1 - https:\/\/yoast.com\/product\/yoast-seo-wordpress\/ -->\n<title>Festivals de Musique Tenerife 2026 : Calendrier Complet | Nests Hostels<\/title>\n<meta name=\"description\" content=\"Chaque festival confirm\u00e9 \u00e0 Tenerife pour 2026 \u2014 Sunblast, Lost Nomads, Phe, Elrow XXL et plus encore. Dates, programmations, billets et o\u00f9 dormir. Planifiez votre voyage d\u00e8s maintenant.\" \/>\n<meta name=\"robots\" content=\"index, follow, max-snippet:-1, max-image-preview:large, max-video-preview:-1\" \/>\n<link rel=\"canonical\" href=\"https:\/\/nestshostels.com\/fr\/music-festivals-tenerife-2026\/\" \/>\n<meta property=\"og:locale\" content=\"fr_FR\" \/>\n<meta property=\"og:type\" content=\"article\" \/>\n<meta property=\"og:title\" content=\"Les Meilleurs Festivals de Musique \u00e0 Tenerife 2026 \ud83c\udfb6 Calendrier Complet &amp; Guide\" \/>\n<meta property=\"og:description\" content=\"Sunblast, Lost Nomads, Phe, Noct\u00e1mbula, Elrow XXL et 12 autres \u00e9v\u00e9nements. Dates compl\u00e8tes, programmations, billets et o\u00f9 s\u00e9journer \u2014 le seul guide des festivals de Tenerife 2026 dont vous avez besoin.\" \/>\n<meta property=\"og:url\" content=\"https:\/\/nestshostels.com\/fr\/music-festivals-tenerife-2026\/\" \/>\n<meta property=\"og:site_name\" content=\"Nests Hostels\" \/>\n<meta property=\"article:publisher\" content=\"https:\/\/www.facebook.com\/nesthosteltenerife\/\" \/>\n<meta property=\"article:published_time\" content=\"2026-03-13T15:48:04+00:00\" \/>\n<meta property=\"article:modified_time\" content=\"2026-04-17T06:39:16+00:00\" \/>\n<meta property=\"og:image\" content=\"https:\/\/nestshostels.com\/wp-content\/uploads\/2026\/03\/ChatGPT-Image-5-mar-2026-12_26_44-1024x683.png\" \/>\n<meta name=\"author\" content=\"Artur\" \/>\n<meta name=\"twitter:card\" content=\"summary_large_image\" \/>\n<meta name=\"twitter:title\" content=\"Les Meilleurs Festivals de Musique \u00e0 Tenerife 2026 \ud83c\udfb6 Calendrier Complet &amp; Guide\" \/>\n<meta name=\"twitter:description\" content=\"Sunblast, Lost Nomads, Phe, Noct\u00e1mbula, Elrow XXL et 12 autres \u00e9v\u00e9nements. Dates compl\u00e8tes, programmations, billets et o\u00f9 s\u00e9journer \u2014 le seul guide des festivals de Tenerife 2026 dont vous avez besoin.\" \/>\n<meta name=\"twitter:image\" content=\"https:\/\/nestshostels.com\/wp-content\/uploads\/2026\/03\/ChatGPT-Image-5-mar-2026-12_26_44-1024x683.png\" \/>\n<meta name=\"twitter:label1\" content=\"\u00c9crit par\" \/>\n\t<meta name=\"twitter:data1\" content=\"Artur\" \/>\n\t<meta name=\"twitter:label2\" content=\"Dur\u00e9e de lecture estim\u00e9e\" \/>\n\t<meta name=\"twitter:data2\" content=\"34 minutes\" \/>\n<script type=\"application\/ld+json\" class=\"yoast-schema-graph\">{\"@context\":\"https:\/\/schema.org\",\"@graph\":[{\"@type\":\"Article\",\"@id\":\"https:\/\/nestshostels.com\/fr\/music-festivals-tenerife-2026\/#article\",\"isPartOf\":{\"@id\":\"https:\/\/nestshostels.com\/fr\/music-festivals-tenerife-2026\/\"},\"author\":{\"name\":\"Artur\",\"@id\":\"https:\/\/nestshostels.com\/fr\/#\/schema\/person\/0e74957900b656bf8bc4abe11337fe43\"},\"headline\":\"Les Meilleurs Festivals de Musique \u00e0 Tenerife 2026 \u2014 Calendrier Complet, Dates et Tout Ce Que Tu Dois Savoir\",\"datePublished\":\"2026-03-13T15:48:04+00:00\",\"dateModified\":\"2026-04-17T06:39:16+00:00\",\"mainEntityOfPage\":{\"@id\":\"https:\/\/nestshostels.com\/fr\/music-festivals-tenerife-2026\/\"},\"wordCount\":7055,\"commentCount\":0,\"publisher\":{\"@id\":\"https:\/\/nestshostels.com\/fr\/#organization\"},\"image\":{\"@id\":\"https:\/\/nestshostels.com\/fr\/music-festivals-tenerife-2026\/#primaryimage\"},\"thumbnailUrl\":\"https:\/\/nestshostels.com\/wp-content\/uploads\/2026\/03\/ChatGPT-Image-5-mar-2026-12_26_44.png\",\"articleSection\":[\"Cultura\"],\"inLanguage\":\"fr-FR\",\"potentialAction\":[{\"@type\":\"CommentAction\",\"name\":\"Comment\",\"target\":[\"https:\/\/nestshostels.com\/fr\/music-festivals-tenerife-2026\/#respond\"]}]},{\"@type\":\"WebPage\",\"@id\":\"https:\/\/nestshostels.com\/fr\/music-festivals-tenerife-2026\/\",\"url\":\"https:\/\/nestshostels.com\/fr\/music-festivals-tenerife-2026\/\",\"name\":\"Festivals de Musique Tenerife 2026 : Calendrier Complet | Nests Hostels\",\"isPartOf\":{\"@id\":\"https:\/\/nestshostels.com\/fr\/#website\"},\"primaryImageOfPage\":{\"@id\":\"https:\/\/nestshostels.com\/fr\/music-festivals-tenerife-2026\/#primaryimage\"},\"image\":{\"@id\":\"https:\/\/nestshostels.com\/fr\/music-festivals-tenerife-2026\/#primaryimage\"},\"thumbnailUrl\":\"https:\/\/nestshostels.com\/wp-content\/uploads\/2026\/03\/ChatGPT-Image-5-mar-2026-12_26_44.png\",\"datePublished\":\"2026-03-13T15:48:04+00:00\",\"dateModified\":\"2026-04-17T06:39:16+00:00\",\"description\":\"Chaque festival confirm\u00e9 \u00e0 Tenerife pour 2026 \u2014 Sunblast, Lost Nomads, Phe, Elrow XXL et plus encore. Dates, programmations, billets et o\u00f9 dormir. Planifiez votre voyage d\u00e8s maintenant.\",\"breadcrumb\":{\"@id\":\"https:\/\/nestshostels.com\/fr\/music-festivals-tenerife-2026\/#breadcrumb\"},\"inLanguage\":\"fr-FR\",\"potentialAction\":[{\"@type\":\"ReadAction\",\"target\":[\"https:\/\/nestshostels.com\/fr\/music-festivals-tenerife-2026\/\"]}]},{\"@type\":\"ImageObject\",\"inLanguage\":\"fr-FR\",\"@id\":\"https:\/\/nestshostels.com\/fr\/music-festivals-tenerife-2026\/#primaryimage\",\"url\":\"https:\/\/nestshostels.com\/wp-content\/uploads\/2026\/03\/ChatGPT-Image-5-mar-2026-12_26_44.png\",\"contentUrl\":\"https:\/\/nestshostels.com\/wp-content\/uploads\/2026\/03\/ChatGPT-Image-5-mar-2026-12_26_44.png\",\"width\":1536,\"height\":1024,\"caption\":\"Tenerfie Summer Festivals 2026 full guide\"},{\"@type\":\"BreadcrumbList\",\"@id\":\"https:\/\/nestshostels.com\/fr\/music-festivals-tenerife-2026\/#breadcrumb\",\"itemListElement\":[{\"@type\":\"ListItem\",\"position\":1,\"name\":\"Portada\",\"item\":\"https:\/\/nestshostels.com\/fr\/\"},{\"@type\":\"ListItem\",\"position\":2,\"name\":\"Les Meilleurs Festivals de Musique \u00e0 Tenerife 2026 \u2014 Calendrier Complet, Dates et Tout Ce Que Tu Dois Savoir\"}]},{\"@type\":\"WebSite\",\"@id\":\"https:\/\/nestshostels.com\/fr\/#website\",\"url\":\"https:\/\/nestshostels.com\/fr\/\",\"name\":\"Nests Hostels\",\"description\":\"Tenerife Hostels for Travellers &amp; Digital Nomads\",\"publisher\":{\"@id\":\"https:\/\/nestshostels.com\/fr\/#organization\"},\"alternateName\":\"Nest\",\"potentialAction\":[{\"@type\":\"SearchAction\",\"target\":{\"@type\":\"EntryPoint\",\"urlTemplate\":\"https:\/\/nestshostels.com\/fr\/?s={search_term_string}\"},\"query-input\":{\"@type\":\"PropertyValueSpecification\",\"valueRequired\":true,\"valueName\":\"search_term_string\"}}],\"inLanguage\":\"fr-FR\"},{\"@type\":\"Organization\",\"@id\":\"https:\/\/nestshostels.com\/fr\/#organization\",\"name\":\"Nests Hostels\",\"alternateName\":\"Nest\",\"url\":\"https:\/\/nestshostels.com\/fr\/\",\"logo\":{\"@type\":\"ImageObject\",\"inLanguage\":\"fr-FR\",\"@id\":\"https:\/\/nestshostels.com\/fr\/#\/schema\/logo\/image\/\",\"url\":\"https:\/\/nestshostels.com\/wp-content\/uploads\/logo-nests-hostel.webp\",\"contentUrl\":\"https:\/\/nestshostels.com\/wp-content\/uploads\/logo-nests-hostel.webp\",\"width\":200,\"height\":217,\"caption\":\"Nests Hostels\"},\"image\":{\"@id\":\"https:\/\/nestshostels.com\/fr\/#\/schema\/logo\/image\/\"},\"sameAs\":[\"https:\/\/www.facebook.com\/nesthosteltenerife\/\",\"https:\/\/www.instagram.com\/nestshostels\/\",\"https:\/\/www.tiktok.com\/@nestshostels\",\"https:\/\/www.threads.com\/@nestshostels\/\",\"https:\/\/www.youtube.com\/@nestshostels\/\"]},{\"@type\":\"Person\",\"@id\":\"https:\/\/nestshostels.com\/fr\/#\/schema\/person\/0e74957900b656bf8bc4abe11337fe43\",\"name\":\"Artur\",\"image\":{\"@type\":\"ImageObject\",\"inLanguage\":\"fr-FR\",\"@id\":\"https:\/\/nestshostels.com\/fr\/#\/schema\/person\/image\/\",\"url\":\"https:\/\/secure.gravatar.com\/avatar\/d6413025fb6a3a11bf24c7b7d4d8c0b223859f4f0de2c17883591c96f4003222?s=96&r=g\",\"contentUrl\":\"https:\/\/secure.gravatar.com\/avatar\/d6413025fb6a3a11bf24c7b7d4d8c0b223859f4f0de2c17883591c96f4003222?s=96&r=g\",\"caption\":\"Artur\"}}]}<\/script>\n<!-- \/ Yoast SEO plugin. -->","yoast_head_json":{"title":"Festivals de Musique Tenerife 2026 : Calendrier Complet | Nests Hostels","description":"Chaque festival confirm\u00e9 \u00e0 Tenerife pour 2026 \u2014 Sunblast, Lost Nomads, Phe, Elrow XXL et plus encore. Dates, programmations, billets et o\u00f9 dormir. Planifiez votre voyage d\u00e8s maintenant.","robots":{"index":"index","follow":"follow","max-snippet":"max-snippet:-1","max-image-preview":"max-image-preview:large","max-video-preview":"max-video-preview:-1"},"canonical":"https:\/\/nestshostels.com\/fr\/music-festivals-tenerife-2026\/","og_locale":"fr_FR","og_type":"article","og_title":"Les Meilleurs Festivals de Musique \u00e0 Tenerife 2026 \ud83c\udfb6 Calendrier Complet & Guide","og_description":"Sunblast, Lost Nomads, Phe, Noct\u00e1mbula, Elrow XXL et 12 autres \u00e9v\u00e9nements. Dates compl\u00e8tes, programmations, billets et o\u00f9 s\u00e9journer \u2014 le seul guide des festivals de Tenerife 2026 dont vous avez besoin.","og_url":"https:\/\/nestshostels.com\/fr\/music-festivals-tenerife-2026\/","og_site_name":"Nests Hostels","article_publisher":"https:\/\/www.facebook.com\/nesthosteltenerife\/","article_published_time":"2026-03-13T15:48:04+00:00","article_modified_time":"2026-04-17T06:39:16+00:00","og_image":[{"url":"https:\/\/nestshostels.com\/wp-content\/uploads\/2026\/03\/ChatGPT-Image-5-mar-2026-12_26_44-1024x683.png","type":"","width":"","height":""}],"author":"Artur","twitter_card":"summary_large_image","twitter_title":"Les Meilleurs Festivals de Musique \u00e0 Tenerife 2026 \ud83c\udfb6 Calendrier Complet & Guide","twitter_description":"Sunblast, Lost Nomads, Phe, Noct\u00e1mbula, Elrow XXL et 12 autres \u00e9v\u00e9nements. Dates compl\u00e8tes, programmations, billets et o\u00f9 s\u00e9journer \u2014 le seul guide des festivals de Tenerife 2026 dont vous avez besoin.","twitter_image":"https:\/\/nestshostels.com\/wp-content\/uploads\/2026\/03\/ChatGPT-Image-5-mar-2026-12_26_44-1024x683.png","twitter_misc":{"\u00c9crit par":"Artur","Dur\u00e9e de lecture estim\u00e9e":"34 minutes"},"schema":{"@context":"https:\/\/schema.org","@graph":[{"@type":"Article","@id":"https:\/\/nestshostels.com\/fr\/music-festivals-tenerife-2026\/#article","isPartOf":{"@id":"https:\/\/nestshostels.com\/fr\/music-festivals-tenerife-2026\/"},"author":{"name":"Artur","@id":"https:\/\/nestshostels.com\/fr\/#\/schema\/person\/0e74957900b656bf8bc4abe11337fe43"},"headline":"Les Meilleurs Festivals de Musique \u00e0 Tenerife 2026 \u2014 Calendrier Complet, Dates et Tout Ce Que Tu Dois Savoir","datePublished":"2026-03-13T15:48:04+00:00","dateModified":"2026-04-17T06:39:16+00:00","mainEntityOfPage":{"@id":"https:\/\/nestshostels.com\/fr\/music-festivals-tenerife-2026\/"},"wordCount":7055,"commentCount":0,"publisher":{"@id":"https:\/\/nestshostels.com\/fr\/#organization"},"image":{"@id":"https:\/\/nestshostels.com\/fr\/music-festivals-tenerife-2026\/#primaryimage"},"thumbnailUrl":"https:\/\/nestshostels.com\/wp-content\/uploads\/2026\/03\/ChatGPT-Image-5-mar-2026-12_26_44.png","articleSection":["Cultura"],"inLanguage":"fr-FR","potentialAction":[{"@type":"CommentAction","name":"Comment","target":["https:\/\/nestshostels.com\/fr\/music-festivals-tenerife-2026\/#respond"]}]},{"@type":"WebPage","@id":"https:\/\/nestshostels.com\/fr\/music-festivals-tenerife-2026\/","url":"https:\/\/nestshostels.com\/fr\/music-festivals-tenerife-2026\/","name":"Festivals de Musique Tenerife 2026 : Calendrier Complet | Nests Hostels","isPartOf":{"@id":"https:\/\/nestshostels.com\/fr\/#website"},"primaryImageOfPage":{"@id":"https:\/\/nestshostels.com\/fr\/music-festivals-tenerife-2026\/#primaryimage"},"image":{"@id":"https:\/\/nestshostels.com\/fr\/music-festivals-tenerife-2026\/#primaryimage"},"thumbnailUrl":"https:\/\/nestshostels.com\/wp-content\/uploads\/2026\/03\/ChatGPT-Image-5-mar-2026-12_26_44.png","datePublished":"2026-03-13T15:48:04+00:00","dateModified":"2026-04-17T06:39:16+00:00","description":"Chaque festival confirm\u00e9 \u00e0 Tenerife pour 2026 \u2014 Sunblast, Lost Nomads, Phe, Elrow XXL et plus encore. Dates, programmations, billets et o\u00f9 dormir. Planifiez votre voyage d\u00e8s maintenant.","breadcrumb":{"@id":"https:\/\/nestshostels.com\/fr\/music-festivals-tenerife-2026\/#breadcrumb"},"inLanguage":"fr-FR","potentialAction":[{"@type":"ReadAction","target":["https:\/\/nestshostels.com\/fr\/music-festivals-tenerife-2026\/"]}]},{"@type":"ImageObject","inLanguage":"fr-FR","@id":"https:\/\/nestshostels.com\/fr\/music-festivals-tenerife-2026\/#primaryimage","url":"https:\/\/nestshostels.com\/wp-content\/uploads\/2026\/03\/ChatGPT-Image-5-mar-2026-12_26_44.png","contentUrl":"https:\/\/nestshostels.com\/wp-content\/uploads\/2026\/03\/ChatGPT-Image-5-mar-2026-12_26_44.png","width":1536,"height":1024,"caption":"Tenerfie Summer Festivals 2026 full guide"},{"@type":"BreadcrumbList","@id":"https:\/\/nestshostels.com\/fr\/music-festivals-tenerife-2026\/#breadcrumb","itemListElement":[{"@type":"ListItem","position":1,"name":"Portada","item":"https:\/\/nestshostels.com\/fr\/"},{"@type":"ListItem","position":2,"name":"Les Meilleurs Festivals de Musique \u00e0 Tenerife 2026 \u2014 Calendrier Complet, Dates et Tout Ce Que Tu Dois Savoir"}]},{"@type":"WebSite","@id":"https:\/\/nestshostels.com\/fr\/#website","url":"https:\/\/nestshostels.com\/fr\/","name":"Nests Hostels","description":"Tenerife Hostels for Travellers &amp; Digital Nomads","publisher":{"@id":"https:\/\/nestshostels.com\/fr\/#organization"},"alternateName":"Nest","potentialAction":[{"@type":"SearchAction","target":{"@type":"EntryPoint","urlTemplate":"https:\/\/nestshostels.com\/fr\/?s={search_term_string}"},"query-input":{"@type":"PropertyValueSpecification","valueRequired":true,"valueName":"search_term_string"}}],"inLanguage":"fr-FR"},{"@type":"Organization","@id":"https:\/\/nestshostels.com\/fr\/#organization","name":"Nests Hostels","alternateName":"Nest","url":"https:\/\/nestshostels.com\/fr\/","logo":{"@type":"ImageObject","inLanguage":"fr-FR","@id":"https:\/\/nestshostels.com\/fr\/#\/schema\/logo\/image\/","url":"https:\/\/nestshostels.com\/wp-content\/uploads\/logo-nests-hostel.webp","contentUrl":"https:\/\/nestshostels.com\/wp-content\/uploads\/logo-nests-hostel.webp","width":200,"height":217,"caption":"Nests Hostels"},"image":{"@id":"https:\/\/nestshostels.com\/fr\/#\/schema\/logo\/image\/"},"sameAs":["https:\/\/www.facebook.com\/nesthosteltenerife\/","https:\/\/www.instagram.com\/nestshostels\/","https:\/\/www.tiktok.com\/@nestshostels","https:\/\/www.threads.com\/@nestshostels\/","https:\/\/www.youtube.com\/@nestshostels\/"]},{"@type":"Person","@id":"https:\/\/nestshostels.com\/fr\/#\/schema\/person\/0e74957900b656bf8bc4abe11337fe43","name":"Artur","image":{"@type":"ImageObject","inLanguage":"fr-FR","@id":"https:\/\/nestshostels.com\/fr\/#\/schema\/person\/image\/","url":"https:\/\/secure.gravatar.com\/avatar\/d6413025fb6a3a11bf24c7b7d4d8c0b223859f4f0de2c17883591c96f4003222?s=96&r=g","contentUrl":"https:\/\/secure.gravatar.com\/avatar\/d6413025fb6a3a11bf24c7b7d4d8c0b223859f4f0de2c17883591c96f4003222?s=96&r=g","caption":"Artur"}}]}},"_links":{"self":[{"href":"https:\/\/nestshostels.com\/fr\/wp-json\/wp\/v2\/posts\/22397","targetHints":{"allow":["GET"]}}],"collection":[{"href":"https:\/\/nestshostels.com\/fr\/wp-json\/wp\/v2\/posts"}],"about":[{"href":"https:\/\/nestshostels.com\/fr\/wp-json\/wp\/v2\/types\/post"}],"author":[{"embeddable":true,"href":"https:\/\/nestshostels.com\/fr\/wp-json\/wp\/v2\/users\/3"}],"replies":[{"embeddable":true,"href":"https:\/\/nestshostels.com\/fr\/wp-json\/wp\/v2\/comments?post=22397"}],"version-history":[{"count":5,"href":"https:\/\/nestshostels.com\/fr\/wp-json\/wp\/v2\/posts\/22397\/revisions"}],"predecessor-version":[{"id":24143,"href":"https:\/\/nestshostels.com\/fr\/wp-json\/wp\/v2\/posts\/22397\/revisions\/24143"}],"wp:featuredmedia":[{"embeddable":true,"href":"https:\/\/nestshostels.com\/fr\/wp-json\/wp\/v2\/media\/22363"}],"wp:attachment":[{"href":"https:\/\/nestshostels.com\/fr\/wp-json\/wp\/v2\/media?parent=22397"}],"wp:term":[{"taxonomy":"category","embeddable":true,"href":"https:\/\/nestshostels.com\/fr\/wp-json\/wp\/v2\/categories?post=22397"},{"taxonomy":"post_tag","embeddable":true,"href":"https:\/\/nestshostels.com\/fr\/wp-json\/wp\/v2\/tags?post=22397"}],"curies":[{"name":"wp","href":"https:\/\/api.w.org\/{rel}","templated":true}]}}