{"id":22168,"date":"2026-02-28T01:22:51","date_gmt":"2026-02-28T01:22:51","guid":{"rendered":"https:\/\/nestshostels.com\/el-medano-carnival-2026-your-guide-to-the-best-beach-party-in-southern-tenerife-%f0%9f%8e%ad%f0%9f%8c%8a\/"},"modified":"2026-02-28T01:38:07","modified_gmt":"2026-02-28T01:38:07","slug":"el-medano-carnival-2026-your-guide-to-the-best-beach-party-in-southern-tenerife-%f0%9f%8e%ad%f0%9f%8c%8a","status":"publish","type":"post","link":"https:\/\/nestshostels.com\/fr\/el-medano-carnival-2026-your-guide-to-the-best-beach-party-in-southern-tenerife-%f0%9f%8e%ad%f0%9f%8c%8a\/","title":{"rendered":"Carnaval d&rsquo;El M\u00e9dano 2026 : Ton guide pour la meilleure f\u00eate de plage du sud de Tenerife \ud83c\udfad\ud83c\udf0a"},"content":{"rendered":"\n<p>Imagine \u00e7a : tu te r\u00e9veilles \u00e0 <a href=\"https:\/\/nestshostels.com\/fr\/hostel\/medano-nest-hostel\/\">El M\u00e9dano<\/a>, tu marches deux minutes jusqu&rsquo;\u00e0 la plage, et tu passes les 15+ prochaines heures \u00e0 danser sur la plaza pendant que des groupes live jouent jusqu&rsquo;\u00e0 3h du matin. C&rsquo;est le Carnaval d&rsquo;El M\u00e9dano \u2014 et pour \u00eatre honn\u00eate ? \u00c7a a un autre go\u00fbt quand ta soir\u00e9e apr\u00e8s, c&rsquo;est litt\u00e9ralement l&rsquo;Oc\u00e9an Atlantique.<\/p>\n\n<p>Le <strong>Carnaval de Granadilla de Abona 2026<\/strong> se d\u00e9roule du <strong>27 f\u00e9vrier au 7 mars<\/strong>, avec pour th\u00e8me <em>\u00ab\u00a0M\u00e9xico Lindo y Querido\u00a0\u00bb<\/em> \u2014 imagine l&rsquo;\u00e9nergie du D\u00eda de los Muertos, les vibes mariachi, et des explosions de couleurs dans plusieurs villages de la municipalit\u00e9. La cerise sur le g\u00e2teau pour les voyageurs du sud ? Le <strong>Carnaval de D\u00eda \u00e0 El M\u00e9dano le samedi 7 mars<\/strong>. Entr\u00e9e gratuite. Toute la journ\u00e9e. Juste sur la plage.<\/p>\n\n<hr class=\"wp-block-separator has-alpha-channel-opacity\"\/>\n\n<figure class=\"wp-block-image size-large\"><img loading=\"lazy\" decoding=\"async\" width=\"1024\" height=\"683\" src=\"https:\/\/nestshostels.com\/wp-content\/uploads\/2026\/02\/Carnaval-Dia-el-Medano-tenerife-1024x683.jpg\" alt=\"Carnaval de la plage d'El M&#xE9;dano 2026, foule dansant sur la Plaza de El M&#xE9;dano, Tenerife\" class=\"wp-image-22120\" srcset=\"https:\/\/nestshostels.com\/wp-content\/uploads\/2026\/02\/Carnaval-Dia-el-Medano-tenerife-1024x683.jpg 1024w, https:\/\/nestshostels.com\/wp-content\/uploads\/2026\/02\/Carnaval-Dia-el-Medano-tenerife-300x200.jpg 300w, https:\/\/nestshostels.com\/wp-content\/uploads\/2026\/02\/Carnaval-Dia-el-Medano-tenerife-768x512.jpg 768w, https:\/\/nestshostels.com\/wp-content\/uploads\/2026\/02\/Carnaval-Dia-el-Medano-tenerife-1536x1024.jpg 1536w, https:\/\/nestshostels.com\/wp-content\/uploads\/2026\/02\/Carnaval-Dia-el-Medano-tenerife-2048x1366.jpg 2048w\" sizes=\"auto, (max-width: 1024px) 100vw, 1024px\" \/><figcaption class=\"wp-element-caption\">Carnaval de la plage d&rsquo;El M\u00e9dano 2026, foule dansant sur la Plaza de El M\u00e9dano, Tenerife<\/figcaption><\/figure>\n\n<h2 class=\"wp-block-heading\">\ud83d\udccb Qu&rsquo;est-ce qu&rsquo;il y a dans ce guide<\/h2>\n\n<ul class=\"wp-block-list\">\n<li><a href=\"#overview\">\ud83d\udcc5 Tous les \u00e9v\u00e9nements en un coup d&rsquo;\u0153il<\/a><\/li>\n\n\n\n<li><a href=\"#full-schedule\">\ud83d\uddd3\ufe0f Le Programme Complet \u2014 Tous les \u00c9v\u00e9nements, Tous les Lieux<\/a><\/li>\n\n\n\n<li><a href=\"#main-event\">\ud83c\udf89 L&rsquo;\u00c9v\u00e9nement Principal : Carnaval de D\u00eda El M\u00e9dano \u2014 7 mars<\/a><\/li>\n\n\n\n<li><a href=\"#why-medano\">\ud83c\udf0a Pourquoi le Carnaval d&rsquo;El M\u00e9dano est Unique<\/a><\/li>\n\n\n\n<li><a href=\"#getting-there\">\ud83d\ude8c Comment y arriver depuis Nests<\/a><\/li>\n\n\n\n<li><a href=\"#budget\">\ud83d\udcb8 D\u00e9tails sur le budget<\/a><\/li>\n\n\n\n<li><a href=\"#what-to-wear\">\ud83c\udfad Que porter<\/a><\/li>\n\n\n\n<li><a href=\"#bottom-line\">\u2705 La conclusion<\/a><\/li>\n<\/ul>\n\n<hr class=\"wp-block-separator has-alpha-channel-opacity\"\/>\n\n<h2 class=\"wp-block-heading\" id=\"overview\">\ud83d\udcc5 Tous les \u00e9v\u00e9nements en un coup d&rsquo;\u0153il<\/h2>\n\n<figure class=\"wp-block-table is-style-stripes\"><table><thead><tr><th>Date<\/th><th>Location<\/th><th>Event<\/th><th>Time<\/th><\/tr><\/thead><tbody><tr><td><strong>Ven, 27 f\u00e9v<\/strong><\/td><td>La ville de Granadilla<\/td><td>Gran Gala \u2014 \u00c9lection de la Reine + performances de comparsa<\/td><td>21h00<\/td><\/tr><tr><td><strong>Sam, 28 f\u00e9v<\/strong><\/td><td>La ville de Granadilla<\/td><td>Gran Coso Apoteosis (la grande parade) + concours de costumes + Gran Verbena<\/td><td>17h30<\/td><\/tr><tr><td><strong>Dim, 1 Mar<\/strong><\/td><td>El M\u00e9dano\n\nTu vas adorer El M\u00e9dano ! C&rsquo;est un endroit g\u00e9nial pour profiter du soleil, des plages et des vibes d\u00e9contract\u00e9es. Que tu sois l\u00e0 pour te d\u00e9tendre ou pour te lancer dans des sports nautiques, tu trouveras ton bonheur ici. Les paysages sont \u00e0 couper le souffle, et l&rsquo;ambiance est toujours conviviale. Pr\u00e9pare-toi \u00e0 vivre des moments inoubliables !<\/td><td>Pasacalles Inaugural + Carnaval de Jour pour les Enfants \ud83c\udf89<\/td><td>11h30<\/td><\/tr><tr><td><strong>Dim, 1 Mar<\/strong><\/td><td>Los Abrigos<\/td><td>Cabalgata du Carnaval + Bal de Masques<\/td><td>17h00<\/td><\/tr><tr><td><strong>Ven, 6 mars<\/strong><\/td><td>San Isidro<\/td><td>Encuentro Murguero \u2014 trois groupes de chant satirique<\/td><td>19h00<\/td><\/tr><tr><td><strong>Sam, 7 mars<\/strong><\/td><td>El M\u00e9dano\n\nTu vas adorer El M\u00e9dano ! C&rsquo;est un endroit g\u00e9nial pour profiter du soleil, des plages et des vibes d\u00e9contract\u00e9es. Que tu sois l\u00e0 pour te d\u00e9tendre ou pour te lancer dans des sports nautiques, tu trouveras ton bonheur ici. Les paysages sont \u00e0 couper le souffle, et l&rsquo;ambiance est toujours conviviale. Pr\u00e9pare-toi \u00e0 vivre des moments inoubliables !<\/td><td>\u2b50 Carnaval de D\u00eda \u2014 parades + plus de 10 heures de musique live + Entierro de la Sardina<\/td><td>11h30 \u2013 15h00<\/td><\/tr><\/tbody><\/table><\/figure>\n\n<div class=\"wp-block-buttons is-content-justification-center is-layout-flex wp-container-core-buttons-is-layout-16018d1d wp-block-buttons-is-layout-flex\">\n<div class=\"wp-block-button\"><a class=\"wp-block-button__link wp-element-button\" href=\"https:\/\/nestshostels.com\/wp-content\/uploads\/2026\/02\/PROGRAMA-CARNAVAL-GRANADILLA-2026_.pdf\" target=\"_blank\" rel=\"noreferrer noopener\">T\u00e9l\u00e9charge le programme PDF<\/a><\/div>\n<\/div>\n\n<hr class=\"wp-block-separator has-alpha-channel-opacity\"\/>\n\n<h2 class=\"wp-block-heading\" id=\"full-schedule\">\ud83d\uddd3\ufe0f Le Programme Complet \u2014 Tous les \u00c9v\u00e9nements, Tous les Lieux<\/h2>\n\n<p>Le carnaval de Granadilla de Abona, ce n&rsquo;est pas que El M\u00e9dano \u2014 \u00e7a s&rsquo;\u00e9tend sur toute la commune et les \u00e9v\u00e9nements pr\u00e9c\u00e9dents valent vraiment le d\u00e9tour aussi.<\/p>\n\n<h3 class=\"wp-block-heading\">Vendredi 27 f\u00e9vrier \u2014 Granadilla Town<\/h3>\n\n<p>Le carnaval d\u00e9marre avec le <strong>Gran Gala de Elecci\u00f3n de la Reina<\/strong> \u2014 la Gala d&rsquo;\u00c9lection de la Reine \u2014 \u00e0 <strong>21h au Parque de Los Hinojeros<\/strong>. Des comparsas de tout le municipalit\u00e9 se produisent aux c\u00f4t\u00e9s d&rsquo;un set sp\u00e9cial de Neo Pinto. Anim\u00e9 par Gracia L\u00f3pez. Entr\u00e9e gratuite.<\/p>\n\n<h3 class=\"wp-block-heading\">Samedi 28 f\u00e9vrier \u2014 Ville de Granadilla<\/h3>\n\n<p>Le <strong>Gran Coso Apoteosis<\/strong> (la grande parade principale) serpente \u00e0 travers le centre historique de la ville \u00e0 partir de <strong>17h30<\/strong>, commen\u00e7ant sur l&rsquo;Avenida Mencey de Abona et se terminant au Parque de Los Hinojeros. Huit comparsas et batucadas illuminent le parcours : Kuliquitacas del Sur, Los Guajeiros, Aborasau, Son de Abona, Los Joroperos, Los Cariocas, Batucada Baraber\u00e9 et Batucada Tamatimba.<\/p>\n\n<p>Il y a aussi un <strong>concours de costumes<\/strong> pendant le d\u00e9fil\u00e9 \u2014 les prix incluent un voyage en ferry vers La Gomera (individuel), une nuit d&rsquo;h\u00f4tel \u00e0 l&rsquo;Hotel M\u00e9dano (couple), et un service traiteur pour 10 personnes chez Neptuno M\u00e9dano (groupe). Apr\u00e8s le d\u00e9fil\u00e9 : Gran Verbena Carnavalera avec Grupo Para\u00edso, Grupo Pasi\u00f3n, et Orquesta Wamampy.<\/p>\n\n<figure class=\"wp-block-image size-full\"><img loading=\"lazy\" decoding=\"async\" width=\"545\" height=\"740\" src=\"https:\/\/nestshostels.com\/wp-content\/uploads\/2026\/02\/2026_carnival_el_medano_tenerife.png\" alt=\"Danseurs de comparsa d&#xE9;filant &#xE0; El M&#xE9;dano lors du Carnaval de Granadilla de Abona 2026\" class=\"wp-image-22115\" srcset=\"https:\/\/nestshostels.com\/wp-content\/uploads\/2026\/02\/2026_carnival_el_medano_tenerife.png 545w, https:\/\/nestshostels.com\/wp-content\/uploads\/2026\/02\/2026_carnival_el_medano_tenerife-221x300.png 221w\" sizes=\"auto, (max-width: 545px) 100vw, 545px\" \/><figcaption class=\"wp-element-caption\">Danseurs de comparsa d\u00e9filant \u00e0 El M\u00e9dano lors du Carnaval de Granadilla de Abona 2026<\/figcaption><\/figure>\n\n<h3 class=\"wp-block-heading\">Dimanche 1er mars \u2014 El M\u00e9dano + Los Abrigos<\/h3>\n\n<p>El M\u00e9dano commence son carnaval un peu plus t\u00f4t. \u00c0 <strong>11h30<\/strong>, le <strong>Pasacalles Inaugural<\/strong> d\u00e9file depuis la Plaza Magallanes (la place rouge) en direction de la Plaza de El M\u00e9dano avec les trois principales comparsas. De midi \u00e0 14h : <strong>Carnaval de D\u00eda Infantil<\/strong> \u2014 concours de costumes pour enfants, activit\u00e9s, DJ David P\u00e9rez et Olga Gonz\u00e1lez. Parfait si tu voyages en famille.<\/p>\n\n<p>Pendant ce temps, \u00e0 Los Abrigos \u00e0 17h, il y a une <strong>Cabalgata del Carnaval<\/strong> avec les comparsas, suivie d&rsquo;un <strong>Baile de M\u00e1scaras<\/strong> avec le Grupo Aparrandados.<\/p>\n\n<figure class=\"wp-block-image size-large\"><img loading=\"lazy\" decoding=\"async\" width=\"1024\" height=\"541\" src=\"https:\/\/nestshostels.com\/wp-content\/uploads\/2026\/02\/2026_tenerife_medano_Coso-Carnaval-1024x541.jpg\" alt=\"Comparsa Los Guajeiros se produisant au Carnaval de Granadilla de Abona, Tenerife\" class=\"wp-image-22156\" srcset=\"https:\/\/nestshostels.com\/wp-content\/uploads\/2026\/02\/2026_tenerife_medano_Coso-Carnaval-1024x541.jpg 1024w, https:\/\/nestshostels.com\/wp-content\/uploads\/2026\/02\/2026_tenerife_medano_Coso-Carnaval-300x158.jpg 300w, https:\/\/nestshostels.com\/wp-content\/uploads\/2026\/02\/2026_tenerife_medano_Coso-Carnaval-768x405.jpg 768w, https:\/\/nestshostels.com\/wp-content\/uploads\/2026\/02\/2026_tenerife_medano_Coso-Carnaval-1536x811.jpg 1536w, https:\/\/nestshostels.com\/wp-content\/uploads\/2026\/02\/2026_tenerife_medano_Coso-Carnaval.jpg 2048w\" sizes=\"auto, (max-width: 1024px) 100vw, 1024px\" \/><figcaption class=\"wp-element-caption\">Comparsa Los Guajeiros se produisant au Carnaval de Granadilla de Abona, Tenerife<\/figcaption><\/figure>\n\n<h3 class=\"wp-block-heading\">Vendredi 6 mars \u2014 San Isidro<\/h3>\n\n<p><strong>Encuentro Murguero<\/strong> \u00e0 la Plaza de la Cultura \u00e0 partir de <strong>19h<\/strong> \u2014 trois murgas sur sc\u00e8ne : Guachinquietas, Diablos Locos et Ir\u00f3nicos. Les murgas sont la version tinerfe\u00f1a des groupes de chant satirique et elles sont vraiment dr\u00f4les, m\u00eame si ton espagnol est assez basique. Pr\u00e9sent\u00e9 par Gilberto Isande.<\/p>\n\n<hr class=\"wp-block-separator has-alpha-channel-opacity\"\/>\n\n<h2 class=\"wp-block-heading\" id=\"main-event\">\ud83c\udf89 L&rsquo;\u00c9v\u00e9nement Principal : Carnaval de D\u00eda El M\u00e9dano \u2014 Samedi 7 mars<\/h2>\n\n<p>C&rsquo;est le bon plan. De <strong>11h30 \u00e0 3h du matin le lendemain<\/strong>, la Plaza de El M\u00e9dano se transforme en la meilleure f\u00eate gratuite du sud de Tenerife.<\/p>\n\n<p>\u00c0 <strong>11h30<\/strong>, le Pasacalles Inaugural lance les festivit\u00e9s \u2014 des comparsas d\u00e9filent de la Plaza Magallanes jusqu&rsquo;\u00e0 la plaza principale. De <strong>midi \u00e0 14h<\/strong>, le programme pour enfants propose des activit\u00e9s, un concours de costumes et un DJ.<\/p>\n\n<p>Ensuite, \u00e0 partir de 17h, toute la programmation musicale prend le relais :<\/p>\n\n<figure class=\"wp-block-table is-style-stripes\"><table><thead><tr><th>Time<\/th><th>Act<\/th><\/tr><\/thead><tbody><tr><td>17h00<\/td><td>Groupe Nouvelle Illusion<\/td><\/tr><tr><td>18h00<\/td><td>Orquesta Los Ideales<\/td><\/tr><tr><td>19h00<\/td><td>\ud83d\udc1f Entierro de la Sardina (procession de la bi\u00e8re de sardine)<\/td><\/tr><tr><td>20h00<\/td><td>El Combo Dominicano<\/td><\/tr><tr><td>22h00<\/td><td>Rafael Flores \u00ab\u00a0El Morocho\u00a0\u00bb<\/td><\/tr><tr><td>23h30<\/td><td>Orquesta Nueva L\u00ednea<\/td><\/tr><tr><td>01:00<\/td><td>Orquesta The Boys Machine + DJ Fabrizio Salgado<\/td><\/tr><\/tbody><\/table><\/figure>\n\n<p>Le <strong>Entierro de la Sardina \u00e0 19h<\/strong> est le c\u0153ur \u00e9motionnel de tout le carnaval. Une fausse procession fun\u00e8bre pour une \u00e9norme sardine \u2014 faite \u00e0 la main par des \u00e9tudiants de l&rsquo;IES Magallanes \u2014 d\u00e9file de la Plaza de El M\u00e9dano jusqu&rsquo;au terrain de football, marquant officiellement la fin de la saison carnavalesque 2026. C&rsquo;est absurde, th\u00e9\u00e2tral et tr\u00e8s canarien. Porte du noir ou un d\u00e9guisement de deuil pour marquer des points de participation !<\/p>\n\n<p>Apr\u00e8s que la sardine ait br\u00fbl\u00e9&#8230; la f\u00eate continue jusqu&rsquo;\u00e0 3h du matin de toute fa\u00e7on. Parce que c&rsquo;est El M\u00e9dano. \ud83e\udd37<\/p>\n\n<figure class=\"wp-block-image size-full\"><img loading=\"lazy\" decoding=\"async\" width=\"557\" height=\"691\" src=\"https:\/\/nestshostels.com\/wp-content\/uploads\/2026\/02\/carnival_medano_tenerife_2026.png\" alt=\"Costumes de carnaval color&#xE9;s au Carnaval de D&#xED;a &#xE0; El M&#xE9;dano, dans le sud de Tenerife\" class=\"wp-image-22151\" srcset=\"https:\/\/nestshostels.com\/wp-content\/uploads\/2026\/02\/carnival_medano_tenerife_2026.png 557w, https:\/\/nestshostels.com\/wp-content\/uploads\/2026\/02\/carnival_medano_tenerife_2026-242x300.png 242w\" sizes=\"auto, (max-width: 557px) 100vw, 557px\" \/><figcaption class=\"wp-element-caption\">Costumes de carnaval color\u00e9s au Carnaval de D\u00eda \u00e0 El M\u00e9dano, dans le sud de Tenerife<\/figcaption><\/figure>\n\n<hr class=\"wp-block-separator has-alpha-channel-opacity\"\/>\n\n<h2 class=\"wp-block-heading\" id=\"why-medano\">\ud83c\udf0a Pourquoi le Carnaval d&rsquo;El M\u00e9dano est si sp\u00e9cial<\/h2>\n\n<p>El M\u00e9dano est une ville de kitesurf avec plus de 250 jours venteux par an. La foule refl\u00e8te \u00e7a \u2014 plus jeune, plus internationale, plus \u00ab\u00a0je viens de finir ma matin\u00e9e sur l&rsquo;eau et je suis pr\u00eat \u00e0 danser.\u00a0\u00bb Moins de costumes \u00e9labor\u00e9s, plus d&rsquo;\u00e9nergie spontan\u00e9e. Tu trouveras des locaux qui vivent ici depuis toujours faisant la f\u00eate aux c\u00f4t\u00e9s de backpackers arriv\u00e9s mardi dernier, et d&rsquo;une mani\u00e8re ou d&rsquo;une autre, \u00e7a fonctionne !<\/p>\n\n<p>La plaza est juste \u00e0 c\u00f4t\u00e9 de la plage. La musique r\u00e9sonne le long du front de mer. En d\u00e9but mars, il fait entre 21 et 23\u00b0C et il y a presque toujours du soleil. Honn\u00eatement, il n&rsquo;y a aucune raison de ne pas y \u00eatre.<\/p>\n\n<figure class=\"wp-block-image size-large\"><img loading=\"lazy\" decoding=\"async\" width=\"1024\" height=\"683\" src=\"https:\/\/nestshostels.com\/wp-content\/uploads\/2026\/02\/Carnaval-Dia-2026-el-Medano-Tenrife-1024x683.jpg\" alt=\"Plaza en bord de mer El M&#xE9;dano pleine de f&#xEA;tards, c&#xF4;te sud de Tenerife\" class=\"wp-image-22125\" srcset=\"https:\/\/nestshostels.com\/wp-content\/uploads\/2026\/02\/Carnaval-Dia-2026-el-Medano-Tenrife-1024x683.jpg 1024w, https:\/\/nestshostels.com\/wp-content\/uploads\/2026\/02\/Carnaval-Dia-2026-el-Medano-Tenrife-300x200.jpg 300w, https:\/\/nestshostels.com\/wp-content\/uploads\/2026\/02\/Carnaval-Dia-2026-el-Medano-Tenrife-768x512.jpg 768w, https:\/\/nestshostels.com\/wp-content\/uploads\/2026\/02\/Carnaval-Dia-2026-el-Medano-Tenrife-1536x1024.jpg 1536w, https:\/\/nestshostels.com\/wp-content\/uploads\/2026\/02\/Carnaval-Dia-2026-el-Medano-Tenrife-2048x1366.jpg 2048w\" sizes=\"auto, (max-width: 1024px) 100vw, 1024px\" \/><figcaption class=\"wp-element-caption\">Plaza en bord de mer El M\u00e9dano pleine de f\u00eatards, c\u00f4te sud de Tenerife<\/figcaption><\/figure>\n\n<hr class=\"wp-block-separator has-alpha-channel-opacity\"\/>\n\n<h2 class=\"wp-block-heading\" id=\"what-to-wear\">\ud83c\udfad Que porter<\/h2>\n\n<p>Tu <em>dois<\/em> te d\u00e9guiser \u2014 tu te sentiras compl\u00e8tement perdu sans au moins quelque chose. Effort minimum : une perruque et un peu de maquillage. Le th\u00e8me de cette ann\u00e9e est <strong>\u00ab\u00a0M\u00e9xico Lindo y Querido\u00a0\u00bb<\/strong>, donc le maquillage D\u00eda de los Muertos, les sombreros et les robes color\u00e9es sont de mise, et tu seras parfaitement dans le ton.<\/p>\n\n<p>Pour le <strong>Entierro de la Sardina \u00e0 19h<\/strong>, il te faut une robe noire + un voile noir comme une \u00ab\u00a0veuve\u00a0\u00bb en deuil de la sardine. Le genre n&rsquo;a aucune importance \u2014 c&rsquo;est le carnaval. Los Cristianos et les villes alentours ont des magasins de costumes pas chers, et les bazars chinois proposent des tenues compl\u00e8tes pour 20-50 \u20ac.<\/p>\n\n<hr class=\"wp-block-separator has-alpha-channel-opacity\"\/>\n\n<h2 class=\"wp-block-heading\" id=\"bottom-line\">\u2705 La Conclusion<\/h2>\n\n<p>Le Carnaval de D\u00eda d&rsquo;El M\u00e9dano le <strong>samedi 7 mars 2026<\/strong> est un de ces jours qui semble trop beau pour \u00eatre vrai sur le papier, mais qui tient vraiment ses promesses en vrai. Une f\u00eate gratuite sur la plage, plus de 15 heures de musique live, des comparsas locales, un enterrement de sardines, et une foule de surfeurs qui sait vraiment comment s&rsquo;amuser.<\/p>\n\n<p>Reste chez Nests, prends le bus, porte quelque chose de ridicule et on se retrouve sur la plaza. \ud83c\udf89<\/p>\n\n<figure class=\"wp-block-image size-large\"><img loading=\"lazy\" decoding=\"async\" width=\"1024\" height=\"430\" src=\"https:\/\/nestshostels.com\/wp-content\/uploads\/2026\/02\/CARNAVAL-2026-el-medano-1024x430.jpg\" alt=\"Vue sur le coucher de soleil sur la Plaza de El M&#xE9;dano pendant les c&#xE9;l&#xE9;brations de carnaval, Granadilla de Abona\" class=\"wp-image-22135\" srcset=\"https:\/\/nestshostels.com\/wp-content\/uploads\/2026\/02\/CARNAVAL-2026-el-medano-1024x430.jpg 1024w, https:\/\/nestshostels.com\/wp-content\/uploads\/2026\/02\/CARNAVAL-2026-el-medano-300x126.jpg 300w, https:\/\/nestshostels.com\/wp-content\/uploads\/2026\/02\/CARNAVAL-2026-el-medano-768x322.jpg 768w, https:\/\/nestshostels.com\/wp-content\/uploads\/2026\/02\/CARNAVAL-2026-el-medano.jpg 1280w\" sizes=\"auto, (max-width: 1024px) 100vw, 1024px\" \/><figcaption class=\"wp-element-caption\">Vue sur le coucher de soleil sur la Plaza de El M\u00e9dano pendant les c\u00e9l\u00e9brations de carnaval, Granadilla de Abona<\/figcaption><\/figure>\n\n<p><em>Programme officiel : <a href=\"https:\/\/www.granadilladeabona.org\/actividades\/carnaval-2026-mexico-lindo-y-querido\/\" target=\"_blank\" rel=\"noreferrer noopener\">granadilladeabona.org<\/a>. Dates confirm\u00e9es \u2014 garde un \u0153il pour des mises \u00e0 jour de derni\u00e8re minute avant l&rsquo;\u00e9v\u00e9nement.<\/em><\/p>\n\n<p><\/p>\n\n<hr class=\"wp-block-separator has-alpha-channel-opacity\"\/>\n\n<h2 class=\"wp-block-heading\">\ud83c\udfc4 O\u00f9 s\u00e9journer pour le Carnaval d&rsquo;El M\u00e9dano 2026<\/h2>\n\n<p>Pas de stress pour le transport ou pour rater le dernier bus. Ces trois Nests sont en plein centre de tout \u2014 r\u00e9veille-toi, enfile ton costume, marche jusqu&rsquo;\u00e0 la plaza. C&rsquo;est fait.<\/p>\n\n<div class=\"wp-block-columns are-vertically-aligned-top is-layout-flex wp-container-core-columns-is-layout-9d6595d7 wp-block-columns-is-layout-flex\">\n<div class=\"wp-block-column is-layout-flow wp-block-column-is-layout-flow\">\n<h3 class=\"wp-block-heading\">\ud83c\udf0a M\u00e9dano Nest Hostel<\/h3>\n\n\n\n<figure class=\"wp-block-image size-large\"><img loading=\"lazy\" decoding=\"async\" width=\"768\" height=\"1024\" src=\"https:\/\/nestshostels.com\/wp-content\/uploads\/Medano-Ping-Pong-Activity-768x1024.jpg\" alt=\"Activit&#xE9; de Ping Pong au Nest Hostel El Medano\" class=\"wp-image-17618\" srcset=\"https:\/\/nestshostels.com\/wp-content\/uploads\/Medano-Ping-Pong-Activity-768x1024.jpg 768w, https:\/\/nestshostels.com\/wp-content\/uploads\/Medano-Ping-Pong-Activity-225x300.jpg 225w, https:\/\/nestshostels.com\/wp-content\/uploads\/Medano-Ping-Pong-Activity-1152x1536.jpg 1152w, https:\/\/nestshostels.com\/wp-content\/uploads\/Medano-Ping-Pong-Activity-1536x2048.jpg 1536w, https:\/\/nestshostels.com\/wp-content\/uploads\/Medano-Ping-Pong-Activity-scaled.jpg 1920w\" sizes=\"auto, (max-width: 768px) 100vw, 768px\" \/><figcaption class=\"wp-element-caption\">Activit\u00e9 de Ping Pong au Nest Hostel El Medano<\/figcaption><\/figure>\n\n\n\n<p><strong>En plein c\u0153ur d&rsquo;El M\u00e9dano.<\/strong> \u00c0 5 minutes \u00e0 pied de la plage et de la place du carnaval. Le dernier Nest de la r\u00e9gion, avec un espace de coworking, une terrasse ext\u00e9rieure, un barbecue, et acc\u00e8s au Surf Camp. La capitale du windsurf \u00e0 Tenerife, c&rsquo;est presque ton jardin.<\/p>\n\n\n\n<p>\ud83d\udccd Calle Tenerife, 11 \u2014 El M\u00e9dano<\/p>\n\n\n\n<div class=\"wp-block-buttons is-layout-flex wp-block-buttons-is-layout-flex\">\n<div class=\"wp-block-button\"><a class=\"wp-block-button__link wp-element-button\" href=\"https:\/\/nestshostels.com\/fr\/hostel\/medano-nest-hostel\/\" target=\"_blank\" rel=\"noreferrer noopener\">R\u00e9serve maintenant<\/a><\/div>\n<\/div>\n<\/div>\n\n\n\n<div class=\"wp-block-column is-layout-flow wp-block-column-is-layout-flow\">\n<h3 class=\"wp-block-heading\">\ud83c\udf34 Ashavana Nest Hostel<\/h3>\n\n\n\n<figure class=\"wp-block-image size-large\"><img loading=\"lazy\" decoding=\"async\" width=\"1024\" height=\"768\" src=\"https:\/\/nestshostels.com\/wp-content\/uploads\/Terrace-Ashavana-Nests-Hostel-in-Medano-Tenerife-1024x768.jpg\" alt=\"Terrasse Ashavana Nests Hostel &#xE0; Medano Tenerife\" class=\"wp-image-17774\" srcset=\"https:\/\/nestshostels.com\/wp-content\/uploads\/Terrace-Ashavana-Nests-Hostel-in-Medano-Tenerife-1024x768.jpg 1024w, https:\/\/nestshostels.com\/wp-content\/uploads\/Terrace-Ashavana-Nests-Hostel-in-Medano-Tenerife-300x225.jpg 300w, https:\/\/nestshostels.com\/wp-content\/uploads\/Terrace-Ashavana-Nests-Hostel-in-Medano-Tenerife-768x576.jpg 768w, https:\/\/nestshostels.com\/wp-content\/uploads\/Terrace-Ashavana-Nests-Hostel-in-Medano-Tenerife-1536x1152.jpg 1536w, https:\/\/nestshostels.com\/wp-content\/uploads\/Terrace-Ashavana-Nests-Hostel-in-Medano-Tenerife-2048x1536.jpg 2048w\" sizes=\"auto, (max-width: 1024px) 100vw, 1024px\" \/><figcaption class=\"wp-element-caption\">Terrasse Ashavana Nests Hostel \u00e0 Medano Tenerife<\/figcaption><\/figure>\n\n\n\n<p><strong>\u00c0 deux pas de la plage d&rsquo;El M\u00e9dano.<\/strong> Chambres priv\u00e9es et partag\u00e9es avec balcons \u2014 parfait si tu veux ton propre espace sans perdre l&rsquo;ambiance de l&rsquo;auberge. \u00c0 quelques pas de la place o\u00f9 l&rsquo;action du carnaval se d\u00e9roule toute la journ\u00e9e le 7 mars.<\/p>\n\n\n\n<p>\ud83d\udccd El M\u00e9dano, Sud de Tenerife<\/p>\n\n\n\n<div class=\"wp-block-buttons is-layout-flex wp-block-buttons-is-layout-flex\">\n<div class=\"wp-block-button\"><a class=\"wp-block-button__link wp-element-button\" href=\"https:\/\/nestshostels.com\/fr\/hostel\/ashavana-nest-hostel\/\" target=\"_blank\" rel=\"noreferrer noopener\">R\u00e9serve maintenant<\/a><\/div>\n<\/div>\n<\/div>\n\n\n\n<div class=\"wp-block-column is-layout-flow wp-block-column-is-layout-flow\">\n<h3 class=\"wp-block-heading\">\ud83c\udf89 Los Amigos Nest Hostel<\/h3>\n\n\n\n<figure class=\"wp-block-image size-large\"><img loading=\"lazy\" decoding=\"async\" width=\"819\" height=\"1024\" src=\"https:\/\/nestshostels.com\/wp-content\/uploads\/2025\/12\/los-amigos-hostel-819x1024.jpg\" alt=\"Los Amigos Nests Hostels Tenerife Sud\" class=\"wp-image-20795\" srcset=\"https:\/\/nestshostels.com\/wp-content\/uploads\/2025\/12\/los-amigos-hostel-819x1024.jpg 819w, https:\/\/nestshostels.com\/wp-content\/uploads\/2025\/12\/los-amigos-hostel-240x300.jpg 240w, https:\/\/nestshostels.com\/wp-content\/uploads\/2025\/12\/los-amigos-hostel-768x960.jpg 768w, https:\/\/nestshostels.com\/wp-content\/uploads\/2025\/12\/los-amigos-hostel.jpg 1100w\" sizes=\"auto, (max-width: 819px) 100vw, 819px\" \/><figcaption class=\"wp-element-caption\">Los Amigos Nests Hostels Tenerife Sud<\/figcaption><\/figure>\n\n\n\n<p><strong>Situ\u00e9 \u00e0 La Mareta, Los Abrigos<\/strong> \u2014 le village qui accueille son propre d\u00e9fil\u00e9 de carnaval le 1er mars. Des chambres avec salles de bains priv\u00e9es et partag\u00e9es, balcons, et \u00e0 quelques pas de la plage. C&rsquo;est une super base si tu veux profiter de plusieurs \u00e9v\u00e9nements dans la municipalit\u00e9.<\/p>\n\n\n\n<p>\ud83d\udccd La Mareta, Los Abrigos \u2014 Sud de Tenerife<\/p>\n\n\n\n<div class=\"wp-block-buttons is-layout-flex wp-block-buttons-is-layout-flex\">\n<div class=\"wp-block-button\"><a class=\"wp-block-button__link wp-element-button\" href=\"https:\/\/nestshostels.com\/fr\/hostel\/hostal-los-amigos-tenerife\/\" target=\"_blank\" rel=\"noreferrer noopener\">R\u00e9serve maintenant<\/a><\/div>\n<\/div>\n<\/div>\n<\/div>\n\n<hr class=\"wp-block-separator has-alpha-channel-opacity\"\/>\n\n<h3 class=\"wp-block-heading\">\ud83e\udeaa Tu restes une semaine ou plus ? Le Nest Pass te fait \u00e9conomiser jusqu&rsquo;\u00e0 30 % !<\/h3>\n\n<p>Le carnaval, c&rsquo;est juste une semaine de folie \u2014 les \u00eeles Canaries ont encore plein de choses \u00e0 offrir. Avec le <strong>Nest Pass<\/strong>, r\u00e9serve 7 nuits ou plus dans n&rsquo;importe quel <strong>Nests Hostel<\/strong> et profite de <strong>20% de r\u00e9duction<\/strong>. Tu restes 30 jours ? \u00c7a passe \u00e0 <strong>30% de r\u00e9duction<\/strong>. Un pass, tous les hostels \u00e0 Tenerife et Gran Canaria. Change d&rsquo;\u00eele, <strong>Flow as you go<\/strong>.<\/p>\n\n<div class=\"wp-block-buttons is-content-justification-center is-layout-flex wp-container-core-buttons-is-layout-16018d1d wp-block-buttons-is-layout-flex\">\n<div class=\"wp-block-button is-style-fill\"><a class=\"wp-block-button__link has-background-color has-secondary-background-color has-text-color has-background has-link-color wp-element-button\" href=\"https:\/\/nestshostels.com\/fr\/nest-pass\/\" target=\"_blank\" rel=\"noreferrer noopener\">D\u00e9couvre le Nest Pass \u2192<\/a><\/div>\n<\/div>\n\n<figure class=\"wp-block-image size-large\"><img loading=\"lazy\" decoding=\"async\" width=\"1024\" height=\"576\" src=\"https:\/\/nestshostels.com\/wp-content\/uploads\/2026\/02\/Nest-Pass-2026-1024x576.jpeg\" alt=\"Nest Pass Le pass d'auberge aux Canaries, avec r&#xE9;duction et libert&#xE9; de mouvement\" class=\"wp-image-21766\" srcset=\"https:\/\/nestshostels.com\/wp-content\/uploads\/2026\/02\/Nest-Pass-2026-1024x576.jpeg 1024w, https:\/\/nestshostels.com\/wp-content\/uploads\/2026\/02\/Nest-Pass-2026-300x169.jpeg 300w, https:\/\/nestshostels.com\/wp-content\/uploads\/2026\/02\/Nest-Pass-2026-768x432.jpeg 768w, https:\/\/nestshostels.com\/wp-content\/uploads\/2026\/02\/Nest-Pass-2026-1536x864.jpeg 1536w, https:\/\/nestshostels.com\/wp-content\/uploads\/2026\/02\/Nest-Pass-2026.jpeg 1600w\" sizes=\"auto, (max-width: 1024px) 100vw, 1024px\" \/><figcaption class=\"wp-element-caption\">Nest Pass Le pass d&rsquo;auberge aux Canaries, avec r\u00e9duction et libert\u00e9 de mouvement<\/figcaption><\/figure>\n\n<div itemscope=\"\" itemtype=\"https:\/\/schema.org\/FAQPage\">\r\n\r\n  <!-- FAQ 1 -->\r\n  <div itemscope=\"\" itemprop=\"mainEntity\" itemtype=\"https:\/\/schema.org\/Question\">\r\n    <h3 itemprop=\"name\">When is the El M\u00e9dano Carnival 2026?<\/h3>\r\n    <div itemscope=\"\" itemprop=\"acceptedAnswer\" itemtype=\"https:\/\/schema.org\/Answer\">\r\n      <p itemprop=\"text\">The Carnaval de D\u00eda in El M\u00e9dano takes place on <strong>Saturday, March 7, 2026<\/strong>, from 11:30am to 3am. It&rsquo;s the closing event of the wider Granadilla de Abona Carnival, which runs February 27\u2013March 7.<\/p>\r\n    <\/div>\r\n  <\/div>\r\n\r\n  <!-- FAQ 2 -->\r\n  <div itemscope=\"\" itemprop=\"mainEntity\" itemtype=\"https:\/\/schema.org\/Question\">\r\n    <h3 itemprop=\"name\">Is the El M\u00e9dano Carnival free?<\/h3>\r\n    <div itemscope=\"\" itemprop=\"acceptedAnswer\" itemtype=\"https:\/\/schema.org\/Answer\">\r\n      <p itemprop=\"text\">Yes, completely free. No tickets, no entry fees for any event. Your only costs are food, drinks, transport, and a costume.<\/p>\r\n    <\/div>\r\n  <\/div>\r\n\r\n  <!-- FAQ 3 -->\r\n  <div itemscope=\"\" itemprop=\"mainEntity\" itemtype=\"https:\/\/schema.org\/Question\">\r\n    <h3 itemprop=\"name\">What is the theme of El M\u00e9dano Carnival 2026?<\/h3>\r\n    <div itemscope=\"\" itemprop=\"acceptedAnswer\" itemtype=\"https:\/\/schema.org\/Answer\">\r\n      <p itemprop=\"text\">The 2026 theme is <strong>\u00ab\u00a0M\u00e9xico Lindo y Querido\u00a0\u00bb<\/strong>. Think D\u00eda de los Muertos face paint, sombreros, and colourful traditional dresses \u2014 great excuse to go all-out with a costume.<\/p>\r\n    <\/div>\r\n  <\/div>\r\n\r\n  <!-- FAQ 4 -->\r\n  <div itemscope=\"\" itemprop=\"mainEntity\" itemtype=\"https:\/\/schema.org\/Question\">\r\n    <h3 itemprop=\"name\">How do I get to El M\u00e9dano from Los Cristianos or Costa Adeje?<\/h3>\r\n    <div itemscope=\"\" itemprop=\"acceptedAnswer\" itemtype=\"https:\/\/schema.org\/Answer\">\r\n      <p itemprop=\"text\"><strong>TITSA bus Route 470<\/strong> runs from Los Cristianos to El M\u00e9dano in ~43 minutes and operates late on carnival nights. Taxi costs \u20ac20-30. Driving via TF-1 works too, but parking near the plaza fills up fast.<\/p>\r\n    <\/div>\r\n  <\/div>\r\n\r\n  <!-- FAQ 5 -->\r\n  <div itemscope=\"\" itemprop=\"mainEntity\" itemtype=\"https:\/\/schema.org\/Question\">\r\n    <h3 itemprop=\"name\">What is the Entierro de la Sardina at El M\u00e9dano?<\/h3>\r\n    <div itemscope=\"\" itemprop=\"acceptedAnswer\" itemtype=\"https:\/\/schema.org\/Answer\">\r\n      <p itemprop=\"text\">The Burial of the Sardine is carnival&rsquo;s closing ceremony. At <strong>7pm on March 7<\/strong>, a mock funeral procession carries a giant sardine from Plaza de El M\u00e9dano to the football field, where it&rsquo;s burned. Dress as a mourning widow in black for full participation points.<\/p>\r\n    <\/div>\r\n  <\/div>\r\n\r\n  <!-- FAQ 6 -->\r\n  <div itemscope=\"\" itemprop=\"mainEntity\" itemtype=\"https:\/\/schema.org\/Question\">\r\n    <h3 itemprop=\"name\">What should I wear to El M\u00e9dano Carnival?<\/h3>\r\n    <div itemscope=\"\" itemprop=\"acceptedAnswer\" itemtype=\"https:\/\/schema.org\/Answer\">\r\n      <p itemprop=\"text\">Dress up \u2014 you&rsquo;ll feel out of place without something. The 2026 Mexican theme makes D\u00eda de los Muertos makeup and colourful costumes an easy win. Full outfits available at Chinese bazaars in Los Cristianos for \u20ac20-50.<\/p>\r\n    <\/div>\r\n  <\/div>\r\n\r\n  <!-- FAQ 7 -->\r\n  <div itemscope=\"\" itemprop=\"mainEntity\" itemtype=\"https:\/\/schema.org\/Question\">\r\n    <h3 itemprop=\"name\">Is El M\u00e9dano Carnival good for families with kids?<\/h3>\r\n    <div itemscope=\"\" itemprop=\"acceptedAnswer\" itemtype=\"https:\/\/schema.org\/Answer\">\r\n      <p itemprop=\"text\">Yes! On March 7, the <strong>Carnaval de D\u00eda Infantil<\/strong> runs from noon to 2pm with kids&rsquo; activities, a costume contest, and a DJ set \u2014 well before the adult party kicks off in the afternoon.<\/p>\r\n    <\/div>\r\n  <\/div>\r\n\r\n  <!-- FAQ 8 -->\r\n  <div itemscope=\"\" itemprop=\"mainEntity\" itemtype=\"https:\/\/schema.org\/Question\">\r\n    <h3 itemprop=\"name\">How does El M\u00e9dano Carnival compare to Santa Cruz Carnival?<\/h3>\r\n    <div itemscope=\"\" itemprop=\"acceptedAnswer\" itemtype=\"https:\/\/schema.org\/Answer\">\r\n      <p itemprop=\"text\">Santa Cruz pulls crowds of 400,000+. El M\u00e9dano is the opposite \u2014 intimate, beach-casual, younger crowd, zero overwhelm. You actually party <em>with<\/em> locals rather than watching them. Plus it&rsquo;s warmer, drier, and everything is walking distance from the beach.<\/p>\r\n    <\/div>\r\n  <\/div>\r\n\r\n<\/div>\n","protected":false},"excerpt":{"rendered":"<p>Oublie les foules de Santa Cruz. Le Carnaval de D\u00eda d&rsquo;El M\u00e9dano le 7 mars est le secret le mieux gard\u00e9 du sud de Tenerife \u2014 une f\u00eate de plage gratuite qui dure toute la journ\u00e9e avec de la musique live jusqu&rsquo;\u00e0 3h du mat, des comparsas locales et un enterrement de sardines que tu n&rsquo;oublieras jamais. Voici tout ce qu&rsquo;il te faut savoir.<\/p>\n","protected":false},"author":3,"featured_media":22153,"comment_status":"open","ping_status":"open","sticky":false,"template":"","format":"standard","meta":{"footnotes":""},"categories":[72],"tags":[],"class_list":["post-22168","post","type-post","status-publish","format-standard","has-post-thumbnail","hentry","category-cultura-fr"],"acf":[],"yoast_head":"<!-- This site is optimized with the Yoast SEO plugin v27.1.1 - https:\/\/yoast.com\/product\/yoast-seo-wordpress\/ -->\n<title>Carnaval d&#039;El M\u00e9dano 2026 : Ton guide pour la meilleure f\u00eate de plage du sud de Tenerife \ud83c\udfad\ud83c\udf0a | Nests Hostels<\/title>\n<meta name=\"description\" content=\"Le Carnaval d&#039;El M\u00e9dano 2026 se d\u00e9roule du 27 f\u00e9vrier au 7 mars. Entr\u00e9e gratuite, musique live jusqu&#039;\u00e0 3h du matin, et la meilleure f\u00eate de plage au sud de T\u00e9n\u00e9rife. Votre guide complet sur les dates, \u00e9v\u00e9nements et conseils.\" \/>\n<meta name=\"robots\" content=\"index, follow, max-snippet:-1, max-image-preview:large, max-video-preview:-1\" \/>\n<link rel=\"canonical\" href=\"https:\/\/nestshostels.com\/fr\/el-medano-carnival-2026-your-guide-to-the-best-beach-party-in-southern-tenerife-%f0%9f%8e%ad%f0%9f%8c%8a\/\" \/>\n<meta property=\"og:locale\" content=\"fr_FR\" \/>\n<meta property=\"og:type\" content=\"article\" \/>\n<meta property=\"og:title\" content=\"Carnaval d&#039;El M\u00e9dano 2026 : Ton guide pour la meilleure f\u00eate de plage du sud de Tenerife \ud83c\udfad\ud83c\udf0a | Nests Hostels\" \/>\n<meta property=\"og:description\" content=\"Le Carnaval d&#039;El M\u00e9dano 2026 se d\u00e9roule du 27 f\u00e9vrier au 7 mars. Entr\u00e9e gratuite, musique live jusqu&#039;\u00e0 3h du matin, et la meilleure f\u00eate de plage au sud de T\u00e9n\u00e9rife. Votre guide complet sur les dates, \u00e9v\u00e9nements et conseils.\" \/>\n<meta property=\"og:url\" content=\"https:\/\/nestshostels.com\/fr\/el-medano-carnival-2026-your-guide-to-the-best-beach-party-in-southern-tenerife-%f0%9f%8e%ad%f0%9f%8c%8a\/\" \/>\n<meta property=\"og:site_name\" content=\"Nests Hostels\" \/>\n<meta property=\"article:publisher\" content=\"https:\/\/www.facebook.com\/nesthosteltenerife\/\" \/>\n<meta property=\"article:published_time\" content=\"2026-02-28T01:22:51+00:00\" \/>\n<meta property=\"article:modified_time\" content=\"2026-02-28T01:38:07+00:00\" \/>\n<meta property=\"og:image\" content=\"https:\/\/nestshostels.com\/wp-content\/uploads\/2026\/02\/carnival_medano_tenerife_2026.png\" \/>\n\t<meta property=\"og:image:width\" content=\"557\" \/>\n\t<meta property=\"og:image:height\" content=\"691\" \/>\n\t<meta property=\"og:image:type\" content=\"image\/png\" \/>\n<meta name=\"author\" content=\"Artur\" \/>\n<meta name=\"twitter:card\" content=\"summary_large_image\" \/>\n<meta name=\"twitter:label1\" content=\"\u00c9crit par\" \/>\n\t<meta name=\"twitter:data1\" content=\"Artur\" \/>\n\t<meta name=\"twitter:label2\" content=\"Dur\u00e9e de lecture estim\u00e9e\" \/>\n\t<meta name=\"twitter:data2\" content=\"11 minutes\" \/>\n<script type=\"application\/ld+json\" class=\"yoast-schema-graph\">{\"@context\":\"https:\/\/schema.org\",\"@graph\":[{\"@type\":\"Article\",\"@id\":\"https:\/\/nestshostels.com\/fr\/el-medano-carnival-2026-your-guide-to-the-best-beach-party-in-southern-tenerife-%f0%9f%8e%ad%f0%9f%8c%8a\/#article\",\"isPartOf\":{\"@id\":\"https:\/\/nestshostels.com\/fr\/el-medano-carnival-2026-your-guide-to-the-best-beach-party-in-southern-tenerife-%f0%9f%8e%ad%f0%9f%8c%8a\/\"},\"author\":{\"name\":\"Artur\",\"@id\":\"https:\/\/nestshostels.com\/fr\/#\/schema\/person\/0e74957900b656bf8bc4abe11337fe43\"},\"headline\":\"Carnaval d&rsquo;El M\u00e9dano 2026 : Ton guide pour la meilleure f\u00eate de plage du sud de Tenerife \ud83c\udfad\ud83c\udf0a\",\"datePublished\":\"2026-02-28T01:22:51+00:00\",\"dateModified\":\"2026-02-28T01:38:07+00:00\",\"mainEntityOfPage\":{\"@id\":\"https:\/\/nestshostels.com\/fr\/el-medano-carnival-2026-your-guide-to-the-best-beach-party-in-southern-tenerife-%f0%9f%8e%ad%f0%9f%8c%8a\/\"},\"wordCount\":2287,\"commentCount\":0,\"publisher\":{\"@id\":\"https:\/\/nestshostels.com\/fr\/#organization\"},\"image\":{\"@id\":\"https:\/\/nestshostels.com\/fr\/el-medano-carnival-2026-your-guide-to-the-best-beach-party-in-southern-tenerife-%f0%9f%8e%ad%f0%9f%8c%8a\/#primaryimage\"},\"thumbnailUrl\":\"https:\/\/nestshostels.com\/wp-content\/uploads\/2026\/02\/carnival_medano_tenerife_2026.png\",\"articleSection\":[\"Cultura\"],\"inLanguage\":\"fr-FR\",\"potentialAction\":[{\"@type\":\"CommentAction\",\"name\":\"Comment\",\"target\":[\"https:\/\/nestshostels.com\/fr\/el-medano-carnival-2026-your-guide-to-the-best-beach-party-in-southern-tenerife-%f0%9f%8e%ad%f0%9f%8c%8a\/#respond\"]}]},{\"@type\":\"WebPage\",\"@id\":\"https:\/\/nestshostels.com\/fr\/el-medano-carnival-2026-your-guide-to-the-best-beach-party-in-southern-tenerife-%f0%9f%8e%ad%f0%9f%8c%8a\/\",\"url\":\"https:\/\/nestshostels.com\/fr\/el-medano-carnival-2026-your-guide-to-the-best-beach-party-in-southern-tenerife-%f0%9f%8e%ad%f0%9f%8c%8a\/\",\"name\":\"Carnaval d'El M\u00e9dano 2026 : Ton guide pour la meilleure f\u00eate de plage du sud de Tenerife \ud83c\udfad\ud83c\udf0a | Nests Hostels\",\"isPartOf\":{\"@id\":\"https:\/\/nestshostels.com\/fr\/#website\"},\"primaryImageOfPage\":{\"@id\":\"https:\/\/nestshostels.com\/fr\/el-medano-carnival-2026-your-guide-to-the-best-beach-party-in-southern-tenerife-%f0%9f%8e%ad%f0%9f%8c%8a\/#primaryimage\"},\"image\":{\"@id\":\"https:\/\/nestshostels.com\/fr\/el-medano-carnival-2026-your-guide-to-the-best-beach-party-in-southern-tenerife-%f0%9f%8e%ad%f0%9f%8c%8a\/#primaryimage\"},\"thumbnailUrl\":\"https:\/\/nestshostels.com\/wp-content\/uploads\/2026\/02\/carnival_medano_tenerife_2026.png\",\"datePublished\":\"2026-02-28T01:22:51+00:00\",\"dateModified\":\"2026-02-28T01:38:07+00:00\",\"description\":\"Le Carnaval d'El M\u00e9dano 2026 se d\u00e9roule du 27 f\u00e9vrier au 7 mars. Entr\u00e9e gratuite, musique live jusqu'\u00e0 3h du matin, et la meilleure f\u00eate de plage au sud de T\u00e9n\u00e9rife. Votre guide complet sur les dates, \u00e9v\u00e9nements et conseils.\",\"breadcrumb\":{\"@id\":\"https:\/\/nestshostels.com\/fr\/el-medano-carnival-2026-your-guide-to-the-best-beach-party-in-southern-tenerife-%f0%9f%8e%ad%f0%9f%8c%8a\/#breadcrumb\"},\"inLanguage\":\"fr-FR\",\"potentialAction\":[{\"@type\":\"ReadAction\",\"target\":[\"https:\/\/nestshostels.com\/fr\/el-medano-carnival-2026-your-guide-to-the-best-beach-party-in-southern-tenerife-%f0%9f%8e%ad%f0%9f%8c%8a\/\"]}]},{\"@type\":\"ImageObject\",\"inLanguage\":\"fr-FR\",\"@id\":\"https:\/\/nestshostels.com\/fr\/el-medano-carnival-2026-your-guide-to-the-best-beach-party-in-southern-tenerife-%f0%9f%8e%ad%f0%9f%8c%8a\/#primaryimage\",\"url\":\"https:\/\/nestshostels.com\/wp-content\/uploads\/2026\/02\/carnival_medano_tenerife_2026.png\",\"contentUrl\":\"https:\/\/nestshostels.com\/wp-content\/uploads\/2026\/02\/carnival_medano_tenerife_2026.png\",\"width\":557,\"height\":691,\"caption\":\"Colorful carnival costumes at El M\u00e9dano Carnaval de D\u00eda, southern Tenerife\"},{\"@type\":\"BreadcrumbList\",\"@id\":\"https:\/\/nestshostels.com\/fr\/el-medano-carnival-2026-your-guide-to-the-best-beach-party-in-southern-tenerife-%f0%9f%8e%ad%f0%9f%8c%8a\/#breadcrumb\",\"itemListElement\":[{\"@type\":\"ListItem\",\"position\":1,\"name\":\"Portada\",\"item\":\"https:\/\/nestshostels.com\/fr\/\"},{\"@type\":\"ListItem\",\"position\":2,\"name\":\"Carnaval d&#8217;El M\u00e9dano 2026 : Ton guide pour la meilleure f\u00eate de plage du sud de Tenerife \ud83c\udfad\ud83c\udf0a\"}]},{\"@type\":\"WebSite\",\"@id\":\"https:\/\/nestshostels.com\/fr\/#website\",\"url\":\"https:\/\/nestshostels.com\/fr\/\",\"name\":\"Nests Hostels\",\"description\":\"Tenerife Hostels for Travellers &amp; Digital Nomads\",\"publisher\":{\"@id\":\"https:\/\/nestshostels.com\/fr\/#organization\"},\"alternateName\":\"Nest\",\"potentialAction\":[{\"@type\":\"SearchAction\",\"target\":{\"@type\":\"EntryPoint\",\"urlTemplate\":\"https:\/\/nestshostels.com\/fr\/?s={search_term_string}\"},\"query-input\":{\"@type\":\"PropertyValueSpecification\",\"valueRequired\":true,\"valueName\":\"search_term_string\"}}],\"inLanguage\":\"fr-FR\"},{\"@type\":\"Organization\",\"@id\":\"https:\/\/nestshostels.com\/fr\/#organization\",\"name\":\"Nests Hostels\",\"alternateName\":\"Nest\",\"url\":\"https:\/\/nestshostels.com\/fr\/\",\"logo\":{\"@type\":\"ImageObject\",\"inLanguage\":\"fr-FR\",\"@id\":\"https:\/\/nestshostels.com\/fr\/#\/schema\/logo\/image\/\",\"url\":\"https:\/\/nestshostels.com\/wp-content\/uploads\/logo-nests-hostel.webp\",\"contentUrl\":\"https:\/\/nestshostels.com\/wp-content\/uploads\/logo-nests-hostel.webp\",\"width\":200,\"height\":217,\"caption\":\"Nests Hostels\"},\"image\":{\"@id\":\"https:\/\/nestshostels.com\/fr\/#\/schema\/logo\/image\/\"},\"sameAs\":[\"https:\/\/www.facebook.com\/nesthosteltenerife\/\",\"https:\/\/www.instagram.com\/nestshostels\/\",\"https:\/\/www.tiktok.com\/@nestshostels\",\"https:\/\/www.threads.com\/@nestshostels\/\",\"https:\/\/www.youtube.com\/@nestshostels\/\"]},{\"@type\":\"Person\",\"@id\":\"https:\/\/nestshostels.com\/fr\/#\/schema\/person\/0e74957900b656bf8bc4abe11337fe43\",\"name\":\"Artur\",\"image\":{\"@type\":\"ImageObject\",\"inLanguage\":\"fr-FR\",\"@id\":\"https:\/\/nestshostels.com\/fr\/#\/schema\/person\/image\/\",\"url\":\"https:\/\/secure.gravatar.com\/avatar\/d6413025fb6a3a11bf24c7b7d4d8c0b223859f4f0de2c17883591c96f4003222?s=96&r=g\",\"contentUrl\":\"https:\/\/secure.gravatar.com\/avatar\/d6413025fb6a3a11bf24c7b7d4d8c0b223859f4f0de2c17883591c96f4003222?s=96&r=g\",\"caption\":\"Artur\"}}]}<\/script>\n<!-- \/ Yoast SEO plugin. -->","yoast_head_json":{"title":"Carnaval d'El M\u00e9dano 2026 : Ton guide pour la meilleure f\u00eate de plage du sud de Tenerife \ud83c\udfad\ud83c\udf0a | Nests Hostels","description":"Le Carnaval d'El M\u00e9dano 2026 se d\u00e9roule du 27 f\u00e9vrier au 7 mars. Entr\u00e9e gratuite, musique live jusqu'\u00e0 3h du matin, et la meilleure f\u00eate de plage au sud de T\u00e9n\u00e9rife. Votre guide complet sur les dates, \u00e9v\u00e9nements et conseils.","robots":{"index":"index","follow":"follow","max-snippet":"max-snippet:-1","max-image-preview":"max-image-preview:large","max-video-preview":"max-video-preview:-1"},"canonical":"https:\/\/nestshostels.com\/fr\/el-medano-carnival-2026-your-guide-to-the-best-beach-party-in-southern-tenerife-%f0%9f%8e%ad%f0%9f%8c%8a\/","og_locale":"fr_FR","og_type":"article","og_title":"Carnaval d'El M\u00e9dano 2026 : Ton guide pour la meilleure f\u00eate de plage du sud de Tenerife \ud83c\udfad\ud83c\udf0a | Nests Hostels","og_description":"Le Carnaval d'El M\u00e9dano 2026 se d\u00e9roule du 27 f\u00e9vrier au 7 mars. Entr\u00e9e gratuite, musique live jusqu'\u00e0 3h du matin, et la meilleure f\u00eate de plage au sud de T\u00e9n\u00e9rife. Votre guide complet sur les dates, \u00e9v\u00e9nements et conseils.","og_url":"https:\/\/nestshostels.com\/fr\/el-medano-carnival-2026-your-guide-to-the-best-beach-party-in-southern-tenerife-%f0%9f%8e%ad%f0%9f%8c%8a\/","og_site_name":"Nests Hostels","article_publisher":"https:\/\/www.facebook.com\/nesthosteltenerife\/","article_published_time":"2026-02-28T01:22:51+00:00","article_modified_time":"2026-02-28T01:38:07+00:00","og_image":[{"width":557,"height":691,"url":"https:\/\/nestshostels.com\/wp-content\/uploads\/2026\/02\/carnival_medano_tenerife_2026.png","type":"image\/png"}],"author":"Artur","twitter_card":"summary_large_image","twitter_misc":{"\u00c9crit par":"Artur","Dur\u00e9e de lecture estim\u00e9e":"11 minutes"},"schema":{"@context":"https:\/\/schema.org","@graph":[{"@type":"Article","@id":"https:\/\/nestshostels.com\/fr\/el-medano-carnival-2026-your-guide-to-the-best-beach-party-in-southern-tenerife-%f0%9f%8e%ad%f0%9f%8c%8a\/#article","isPartOf":{"@id":"https:\/\/nestshostels.com\/fr\/el-medano-carnival-2026-your-guide-to-the-best-beach-party-in-southern-tenerife-%f0%9f%8e%ad%f0%9f%8c%8a\/"},"author":{"name":"Artur","@id":"https:\/\/nestshostels.com\/fr\/#\/schema\/person\/0e74957900b656bf8bc4abe11337fe43"},"headline":"Carnaval d&rsquo;El M\u00e9dano 2026 : Ton guide pour la meilleure f\u00eate de plage du sud de Tenerife \ud83c\udfad\ud83c\udf0a","datePublished":"2026-02-28T01:22:51+00:00","dateModified":"2026-02-28T01:38:07+00:00","mainEntityOfPage":{"@id":"https:\/\/nestshostels.com\/fr\/el-medano-carnival-2026-your-guide-to-the-best-beach-party-in-southern-tenerife-%f0%9f%8e%ad%f0%9f%8c%8a\/"},"wordCount":2287,"commentCount":0,"publisher":{"@id":"https:\/\/nestshostels.com\/fr\/#organization"},"image":{"@id":"https:\/\/nestshostels.com\/fr\/el-medano-carnival-2026-your-guide-to-the-best-beach-party-in-southern-tenerife-%f0%9f%8e%ad%f0%9f%8c%8a\/#primaryimage"},"thumbnailUrl":"https:\/\/nestshostels.com\/wp-content\/uploads\/2026\/02\/carnival_medano_tenerife_2026.png","articleSection":["Cultura"],"inLanguage":"fr-FR","potentialAction":[{"@type":"CommentAction","name":"Comment","target":["https:\/\/nestshostels.com\/fr\/el-medano-carnival-2026-your-guide-to-the-best-beach-party-in-southern-tenerife-%f0%9f%8e%ad%f0%9f%8c%8a\/#respond"]}]},{"@type":"WebPage","@id":"https:\/\/nestshostels.com\/fr\/el-medano-carnival-2026-your-guide-to-the-best-beach-party-in-southern-tenerife-%f0%9f%8e%ad%f0%9f%8c%8a\/","url":"https:\/\/nestshostels.com\/fr\/el-medano-carnival-2026-your-guide-to-the-best-beach-party-in-southern-tenerife-%f0%9f%8e%ad%f0%9f%8c%8a\/","name":"Carnaval d'El M\u00e9dano 2026 : Ton guide pour la meilleure f\u00eate de plage du sud de Tenerife \ud83c\udfad\ud83c\udf0a | Nests Hostels","isPartOf":{"@id":"https:\/\/nestshostels.com\/fr\/#website"},"primaryImageOfPage":{"@id":"https:\/\/nestshostels.com\/fr\/el-medano-carnival-2026-your-guide-to-the-best-beach-party-in-southern-tenerife-%f0%9f%8e%ad%f0%9f%8c%8a\/#primaryimage"},"image":{"@id":"https:\/\/nestshostels.com\/fr\/el-medano-carnival-2026-your-guide-to-the-best-beach-party-in-southern-tenerife-%f0%9f%8e%ad%f0%9f%8c%8a\/#primaryimage"},"thumbnailUrl":"https:\/\/nestshostels.com\/wp-content\/uploads\/2026\/02\/carnival_medano_tenerife_2026.png","datePublished":"2026-02-28T01:22:51+00:00","dateModified":"2026-02-28T01:38:07+00:00","description":"Le Carnaval d'El M\u00e9dano 2026 se d\u00e9roule du 27 f\u00e9vrier au 7 mars. Entr\u00e9e gratuite, musique live jusqu'\u00e0 3h du matin, et la meilleure f\u00eate de plage au sud de T\u00e9n\u00e9rife. Votre guide complet sur les dates, \u00e9v\u00e9nements et conseils.","breadcrumb":{"@id":"https:\/\/nestshostels.com\/fr\/el-medano-carnival-2026-your-guide-to-the-best-beach-party-in-southern-tenerife-%f0%9f%8e%ad%f0%9f%8c%8a\/#breadcrumb"},"inLanguage":"fr-FR","potentialAction":[{"@type":"ReadAction","target":["https:\/\/nestshostels.com\/fr\/el-medano-carnival-2026-your-guide-to-the-best-beach-party-in-southern-tenerife-%f0%9f%8e%ad%f0%9f%8c%8a\/"]}]},{"@type":"ImageObject","inLanguage":"fr-FR","@id":"https:\/\/nestshostels.com\/fr\/el-medano-carnival-2026-your-guide-to-the-best-beach-party-in-southern-tenerife-%f0%9f%8e%ad%f0%9f%8c%8a\/#primaryimage","url":"https:\/\/nestshostels.com\/wp-content\/uploads\/2026\/02\/carnival_medano_tenerife_2026.png","contentUrl":"https:\/\/nestshostels.com\/wp-content\/uploads\/2026\/02\/carnival_medano_tenerife_2026.png","width":557,"height":691,"caption":"Colorful carnival costumes at El M\u00e9dano Carnaval de D\u00eda, southern Tenerife"},{"@type":"BreadcrumbList","@id":"https:\/\/nestshostels.com\/fr\/el-medano-carnival-2026-your-guide-to-the-best-beach-party-in-southern-tenerife-%f0%9f%8e%ad%f0%9f%8c%8a\/#breadcrumb","itemListElement":[{"@type":"ListItem","position":1,"name":"Portada","item":"https:\/\/nestshostels.com\/fr\/"},{"@type":"ListItem","position":2,"name":"Carnaval d&#8217;El M\u00e9dano 2026 : Ton guide pour la meilleure f\u00eate de plage du sud de Tenerife \ud83c\udfad\ud83c\udf0a"}]},{"@type":"WebSite","@id":"https:\/\/nestshostels.com\/fr\/#website","url":"https:\/\/nestshostels.com\/fr\/","name":"Nests Hostels","description":"Tenerife Hostels for Travellers &amp; Digital Nomads","publisher":{"@id":"https:\/\/nestshostels.com\/fr\/#organization"},"alternateName":"Nest","potentialAction":[{"@type":"SearchAction","target":{"@type":"EntryPoint","urlTemplate":"https:\/\/nestshostels.com\/fr\/?s={search_term_string}"},"query-input":{"@type":"PropertyValueSpecification","valueRequired":true,"valueName":"search_term_string"}}],"inLanguage":"fr-FR"},{"@type":"Organization","@id":"https:\/\/nestshostels.com\/fr\/#organization","name":"Nests Hostels","alternateName":"Nest","url":"https:\/\/nestshostels.com\/fr\/","logo":{"@type":"ImageObject","inLanguage":"fr-FR","@id":"https:\/\/nestshostels.com\/fr\/#\/schema\/logo\/image\/","url":"https:\/\/nestshostels.com\/wp-content\/uploads\/logo-nests-hostel.webp","contentUrl":"https:\/\/nestshostels.com\/wp-content\/uploads\/logo-nests-hostel.webp","width":200,"height":217,"caption":"Nests Hostels"},"image":{"@id":"https:\/\/nestshostels.com\/fr\/#\/schema\/logo\/image\/"},"sameAs":["https:\/\/www.facebook.com\/nesthosteltenerife\/","https:\/\/www.instagram.com\/nestshostels\/","https:\/\/www.tiktok.com\/@nestshostels","https:\/\/www.threads.com\/@nestshostels\/","https:\/\/www.youtube.com\/@nestshostels\/"]},{"@type":"Person","@id":"https:\/\/nestshostels.com\/fr\/#\/schema\/person\/0e74957900b656bf8bc4abe11337fe43","name":"Artur","image":{"@type":"ImageObject","inLanguage":"fr-FR","@id":"https:\/\/nestshostels.com\/fr\/#\/schema\/person\/image\/","url":"https:\/\/secure.gravatar.com\/avatar\/d6413025fb6a3a11bf24c7b7d4d8c0b223859f4f0de2c17883591c96f4003222?s=96&r=g","contentUrl":"https:\/\/secure.gravatar.com\/avatar\/d6413025fb6a3a11bf24c7b7d4d8c0b223859f4f0de2c17883591c96f4003222?s=96&r=g","caption":"Artur"}}]}},"_links":{"self":[{"href":"https:\/\/nestshostels.com\/fr\/wp-json\/wp\/v2\/posts\/22168","targetHints":{"allow":["GET"]}}],"collection":[{"href":"https:\/\/nestshostels.com\/fr\/wp-json\/wp\/v2\/posts"}],"about":[{"href":"https:\/\/nestshostels.com\/fr\/wp-json\/wp\/v2\/types\/post"}],"author":[{"embeddable":true,"href":"https:\/\/nestshostels.com\/fr\/wp-json\/wp\/v2\/users\/3"}],"replies":[{"embeddable":true,"href":"https:\/\/nestshostels.com\/fr\/wp-json\/wp\/v2\/comments?post=22168"}],"version-history":[{"count":3,"href":"https:\/\/nestshostels.com\/fr\/wp-json\/wp\/v2\/posts\/22168\/revisions"}],"predecessor-version":[{"id":22177,"href":"https:\/\/nestshostels.com\/fr\/wp-json\/wp\/v2\/posts\/22168\/revisions\/22177"}],"wp:featuredmedia":[{"embeddable":true,"href":"https:\/\/nestshostels.com\/fr\/wp-json\/wp\/v2\/media\/22153"}],"wp:attachment":[{"href":"https:\/\/nestshostels.com\/fr\/wp-json\/wp\/v2\/media?parent=22168"}],"wp:term":[{"taxonomy":"category","embeddable":true,"href":"https:\/\/nestshostels.com\/fr\/wp-json\/wp\/v2\/categories?post=22168"},{"taxonomy":"post_tag","embeddable":true,"href":"https:\/\/nestshostels.com\/fr\/wp-json\/wp\/v2\/tags?post=22168"}],"curies":[{"name":"wp","href":"https:\/\/api.w.org\/{rel}","templated":true}]}}