{"id":19454,"date":"2024-05-30T18:26:36","date_gmt":"2024-05-30T18:26:36","guid":{"rendered":"https:\/\/nestshostels.com\/ficmec-26-edicion\/"},"modified":"2025-10-01T13:32:23","modified_gmt":"2025-10-01T13:32:23","slug":"ficmec-26-edicion","status":"publish","type":"post","link":"https:\/\/nestshostels.com\/fr\/ficmec-26-edicion\/","title":{"rendered":"FICMEC (26\u00e8me \u00c9dition)"},"content":{"rendered":"\n<p><strong> <\/strong>Festival International du Film Environnemental des Canaries<\/p>\n\n<div class=\"wp-block-media-text is-stacked-on-mobile is-style-rounded\"><figure class=\"wp-block-media-text__media\"><img loading=\"lazy\" decoding=\"async\" width=\"888\" height=\"536\" src=\"https:\/\/nestshostels.com\/wp-content\/uploads\/ficmec.jpg\" alt=\"\" class=\"wp-image-9492 size-full\" srcset=\"https:\/\/nestshostels.com\/wp-content\/uploads\/ficmec.jpg 888w, https:\/\/nestshostels.com\/wp-content\/uploads\/ficmec-300x181.jpg 300w, https:\/\/nestshostels.com\/wp-content\/uploads\/ficmec-768x464.jpg 768w\" sizes=\"auto, (max-width: 888px) 100vw, 888px\" \/><\/figure><div class=\"wp-block-media-text__content\">\n<p><\/p>\n<\/div><\/div>\n\n<h2 class=\"wp-block-heading\">Tu te demandes quoi faire \u00e0 Tenerife ?<\/h2>\n\n<h4 class=\"wp-block-heading\">Dans le majestueux village de Garachico, au nord de Tenerife, la 26e \u00e9dition du FICMEC se d\u00e9roule !<\/h4>\n\n<p>Le Festival International du Film Environnemental des Canaries (Ficmec) se d\u00e9roule du mardi 28 mai au dimanche 02 juin dans la commune de Garachico.<\/p>\n\n<p>En tout, le public pourra profiter pendant six jours de cette 26e \u00e9dition de Ficmec, avec des films venus de 22 pays, onze longs m\u00e9trages et huit courts m\u00e9trages qui arrivent de tous les coins du monde et qui vont concourir dans la section officielle.<\/p>\n\n<p>Le secteur \u2018Ecoislas\u2019 du Festival de Cin\u00e9ma Environnemental des Canaries pr\u00e9voit ce jeudi la projection de trois films, sign\u00e9s par Pedro Felipe Acosta, Pablo Borges et Pablo Vilas.<br\/><br\/>Le Festival est aussi accompagn\u00e9 du concert Bernegal, une exp\u00e9rience qui arrive gr\u00e2ce \u00e0 l&rsquo;Agrupaci\u00f3n Musical de Garachico, l&rsquo;Association Culturelle Bengara, le cin\u00e9aste tinerfe\u00f1o Dailo Barco et la Filmoteca Canaria elle-m\u00eame. Le spectacle inclut un concert de fusion o\u00f9 des th\u00e8mes folkloriques se m\u00e9langent avec les programmes des bandas de musique municipales.<\/p>\n\n<p><\/p>\n\n<p><strong>Plus d&rsquo;infos sur :<\/strong><br\/><a href=\"https:\/\/ficmec.es\/\" target=\"_blank\" rel=\"noreferrer noopener\">https:\/\/ficmec.es\/<\/a>   <br\/><br\/><a href=\"https:\/\/foro-ecoislas.es\/\" target=\"_blank\" rel=\"noreferrer noopener\">https:\/\/foro-ecoislas.es\/<\/a>   <br\/><br\/><a href=\"https:\/\/www.greenfilmnet.org\/\" target=\"_blank\" rel=\"noreferrer noopener\">https:\/\/www.greenfilmnet.org\/<\/a><br\/><br\/><a href=\"https:\/\/www.tenerife.es\/portalcabtfe\" target=\"_blank\" rel=\"noreferrer noopener\">https:\/\/www.tenerife.es\/portalcabtfe<\/a><\/p>\n\n<p><\/p>\n\n<p><\/p>\n\n<figure class=\"wp-block-embed is-type-video is-provider-vimeo wp-block-embed-vimeo wp-embed-aspect-16-9 wp-has-aspect-ratio\"><div class=\"wp-block-embed__wrapper\">\n<iframe loading=\"lazy\" title=\"SEGUNDO D\u00cdA FICMEC 2024 - Mi\u00e9rcoles 29 de mayo\" src=\"https:\/\/player.vimeo.com\/video\/951864427?dnt=1&amp;app_id=122963\" width=\"500\" height=\"281\" frameborder=\"0\" allow=\"autoplay; fullscreen; picture-in-picture; clipboard-write; encrypted-media; web-share\" referrerpolicy=\"strict-origin-when-cross-origin\"><\/iframe>\n<\/div><figcaption class=\"wp-element-caption\">Source : <a href=\"https:\/\/ficmec.es\/videos-2024\/\" target=\"_blank\" rel=\"noreferrer noopener\">FICMEC 2024<\/a><\/figcaption><\/figure>\n","protected":false},"excerpt":{"rendered":"<p>Le Festival International du Film Environnemental des Canaries (Ficmec) se d\u00e9roule du mardi 28 mai au dimanche 02 juin dans la commune de Garachico.<\/p>\n","protected":false},"author":1,"featured_media":15887,"comment_status":"closed","ping_status":"closed","sticky":false,"template":"","format":"standard","meta":{"footnotes":""},"categories":[84],"tags":[111,126,68,127,85],"class_list":["post-19454","post","type-post","status-publish","format-standard","has-post-thumbnail","hentry","category-excursions-fr","tag-aguere-nest-fr","tag-arena-nest-fr","tag-duque-nest-fr","tag-las-eras-nest-fr","tag-puerto-nest-fr"],"acf":[],"yoast_head":"<!-- This site is optimized with the Yoast SEO plugin v27.1.1 - https:\/\/yoast.com\/product\/yoast-seo-wordpress\/ -->\n<title>FICMEC (26\u00e8me \u00c9dition) | Nests Hostels<\/title>\n<meta name=\"description\" content=\"Le Festival International du Film Environnemental des Canaries (Ficmec) se d\u00e9roule du mardi 28 mai au dimanche 02 juin dans la commune de Garachico.\" \/>\n<meta name=\"robots\" content=\"index, follow, max-snippet:-1, max-image-preview:large, max-video-preview:-1\" \/>\n<link rel=\"canonical\" href=\"https:\/\/nestshostels.com\/fr\/ficmec-26-edicion\/\" \/>\n<meta property=\"og:locale\" content=\"fr_FR\" \/>\n<meta property=\"og:type\" content=\"article\" \/>\n<meta property=\"og:title\" content=\"La Cueva del Viento : Une Joya de la Nature - Tenerife !\" \/>\n<meta property=\"og:description\" content=\"La Cueva del Viento est une cavit\u00e9 volcanique situ\u00e9e \u00e0 Icod de los Vinos. Elle s&#039;est form\u00e9e il y a 27 000 ans \u00e0 partir de laves basaltiques issues de la premi\u00e8re phase \u00e9ruptive du volcan Pico Viejo, pr\u00e8s du Teide (Tenerife, \u00celes Canaries).\" \/>\n<meta property=\"og:url\" content=\"https:\/\/nestshostels.com\/fr\/ficmec-26-edicion\/\" \/>\n<meta property=\"og:site_name\" content=\"Nests Hostels\" \/>\n<meta property=\"article:publisher\" content=\"https:\/\/www.facebook.com\/nesthosteltenerife\/\" \/>\n<meta property=\"article:published_time\" content=\"2024-05-30T18:26:36+00:00\" \/>\n<meta property=\"article:modified_time\" content=\"2025-10-01T13:32:23+00:00\" \/>\n<meta property=\"og:image\" content=\"https:\/\/nestshostels.com\/wp-content\/uploads\/cueva-del-viento.jpg\" \/>\n<meta name=\"author\" content=\"admin\" \/>\n<meta name=\"twitter:card\" content=\"summary_large_image\" \/>\n<meta name=\"twitter:title\" content=\"La Cueva del Viento : Une Joya de la Nature - Tenerife !\" \/>\n<meta name=\"twitter:description\" content=\"La Cueva del Viento est une cavit\u00e9 volcanique situ\u00e9e \u00e0 Icod de los Vinos. Elle s&#039;est form\u00e9e il y a 27 000 ans \u00e0 partir de laves basaltiques issues de la premi\u00e8re phase \u00e9ruptive du volcan Pico Viejo, voisin du Teide (Tenerife, \u00celes Canaries).\" \/>\n<meta name=\"twitter:image\" content=\"https:\/\/nestshostels.com\/wp-content\/uploads\/cueva-del-viento.jpg\" \/>\n<meta name=\"twitter:label1\" content=\"\u00c9crit par\" \/>\n\t<meta name=\"twitter:data1\" content=\"admin\" \/>\n\t<meta name=\"twitter:label2\" content=\"Dur\u00e9e de lecture estim\u00e9e\" \/>\n\t<meta name=\"twitter:data2\" content=\"1 minute\" \/>\n<script type=\"application\/ld+json\" class=\"yoast-schema-graph\">{\"@context\":\"https:\/\/schema.org\",\"@graph\":[{\"@type\":\"Article\",\"@id\":\"https:\/\/nestshostels.com\/fr\/ficmec-26-edicion\/#article\",\"isPartOf\":{\"@id\":\"https:\/\/nestshostels.com\/fr\/ficmec-26-edicion\/\"},\"author\":{\"name\":\"admin\",\"@id\":\"https:\/\/nestshostels.com\/fr\/#\/schema\/person\/a7b8427d0829c2282d0243b0845ba1be\"},\"headline\":\"FICMEC (26\u00e8me \u00c9dition)\",\"datePublished\":\"2024-05-30T18:26:36+00:00\",\"dateModified\":\"2025-10-01T13:32:23+00:00\",\"mainEntityOfPage\":{\"@id\":\"https:\/\/nestshostels.com\/fr\/ficmec-26-edicion\/\"},\"wordCount\":219,\"publisher\":{\"@id\":\"https:\/\/nestshostels.com\/fr\/#organization\"},\"image\":{\"@id\":\"https:\/\/nestshostels.com\/fr\/ficmec-26-edicion\/#primaryimage\"},\"thumbnailUrl\":\"https:\/\/nestshostels.com\/wp-content\/uploads\/ficmec-1.jpg\",\"keywords\":[\"Aguere Nest\",\"Arena Nest\",\"Duque Nest\",\"Las Eras Nest\",\"Puerto Nest\"],\"articleSection\":[\"Excursions\"],\"inLanguage\":\"fr-FR\"},{\"@type\":\"WebPage\",\"@id\":\"https:\/\/nestshostels.com\/fr\/ficmec-26-edicion\/\",\"url\":\"https:\/\/nestshostels.com\/fr\/ficmec-26-edicion\/\",\"name\":\"FICMEC (26\u00e8me \u00c9dition) | Nests Hostels\",\"isPartOf\":{\"@id\":\"https:\/\/nestshostels.com\/fr\/#website\"},\"primaryImageOfPage\":{\"@id\":\"https:\/\/nestshostels.com\/fr\/ficmec-26-edicion\/#primaryimage\"},\"image\":{\"@id\":\"https:\/\/nestshostels.com\/fr\/ficmec-26-edicion\/#primaryimage\"},\"thumbnailUrl\":\"https:\/\/nestshostels.com\/wp-content\/uploads\/ficmec-1.jpg\",\"datePublished\":\"2024-05-30T18:26:36+00:00\",\"dateModified\":\"2025-10-01T13:32:23+00:00\",\"description\":\"Le Festival International du Film Environnemental des Canaries (Ficmec) se d\u00e9roule du mardi 28 mai au dimanche 02 juin dans la commune de Garachico.\",\"breadcrumb\":{\"@id\":\"https:\/\/nestshostels.com\/fr\/ficmec-26-edicion\/#breadcrumb\"},\"inLanguage\":\"fr-FR\",\"potentialAction\":[{\"@type\":\"ReadAction\",\"target\":[\"https:\/\/nestshostels.com\/fr\/ficmec-26-edicion\/\"]}]},{\"@type\":\"ImageObject\",\"inLanguage\":\"fr-FR\",\"@id\":\"https:\/\/nestshostels.com\/fr\/ficmec-26-edicion\/#primaryimage\",\"url\":\"https:\/\/nestshostels.com\/wp-content\/uploads\/ficmec-1.jpg\",\"contentUrl\":\"https:\/\/nestshostels.com\/wp-content\/uploads\/ficmec-1.jpg\",\"width\":888,\"height\":536},{\"@type\":\"BreadcrumbList\",\"@id\":\"https:\/\/nestshostels.com\/fr\/ficmec-26-edicion\/#breadcrumb\",\"itemListElement\":[{\"@type\":\"ListItem\",\"position\":1,\"name\":\"Portada\",\"item\":\"https:\/\/nestshostels.com\/fr\/\"},{\"@type\":\"ListItem\",\"position\":2,\"name\":\"FICMEC (26\u00e8me \u00c9dition)\"}]},{\"@type\":\"WebSite\",\"@id\":\"https:\/\/nestshostels.com\/fr\/#website\",\"url\":\"https:\/\/nestshostels.com\/fr\/\",\"name\":\"Nests Hostels\",\"description\":\"Tenerife Hostels for Travellers &amp; Digital Nomads\",\"publisher\":{\"@id\":\"https:\/\/nestshostels.com\/fr\/#organization\"},\"alternateName\":\"Nest\",\"potentialAction\":[{\"@type\":\"SearchAction\",\"target\":{\"@type\":\"EntryPoint\",\"urlTemplate\":\"https:\/\/nestshostels.com\/fr\/?s={search_term_string}\"},\"query-input\":{\"@type\":\"PropertyValueSpecification\",\"valueRequired\":true,\"valueName\":\"search_term_string\"}}],\"inLanguage\":\"fr-FR\"},{\"@type\":\"Organization\",\"@id\":\"https:\/\/nestshostels.com\/fr\/#organization\",\"name\":\"Nests Hostels\",\"alternateName\":\"Nest\",\"url\":\"https:\/\/nestshostels.com\/fr\/\",\"logo\":{\"@type\":\"ImageObject\",\"inLanguage\":\"fr-FR\",\"@id\":\"https:\/\/nestshostels.com\/fr\/#\/schema\/logo\/image\/\",\"url\":\"https:\/\/nestshostels.com\/wp-content\/uploads\/logo-nests-hostel.webp\",\"contentUrl\":\"https:\/\/nestshostels.com\/wp-content\/uploads\/logo-nests-hostel.webp\",\"width\":200,\"height\":217,\"caption\":\"Nests Hostels\"},\"image\":{\"@id\":\"https:\/\/nestshostels.com\/fr\/#\/schema\/logo\/image\/\"},\"sameAs\":[\"https:\/\/www.facebook.com\/nesthosteltenerife\/\",\"https:\/\/www.instagram.com\/nestshostels\/\",\"https:\/\/www.tiktok.com\/@nestshostels\",\"https:\/\/www.threads.com\/@nestshostels\/\",\"https:\/\/www.youtube.com\/@nestshostels\/\"]},{\"@type\":\"Person\",\"@id\":\"https:\/\/nestshostels.com\/fr\/#\/schema\/person\/a7b8427d0829c2282d0243b0845ba1be\",\"name\":\"admin\",\"image\":{\"@type\":\"ImageObject\",\"inLanguage\":\"fr-FR\",\"@id\":\"https:\/\/nestshostels.com\/fr\/#\/schema\/person\/image\/\",\"url\":\"https:\/\/secure.gravatar.com\/avatar\/0b7f676e2697479b2ae673ab0d2bef598d13c78cc6bdb95666f38b4400b3ee4a?s=96&r=g\",\"contentUrl\":\"https:\/\/secure.gravatar.com\/avatar\/0b7f676e2697479b2ae673ab0d2bef598d13c78cc6bdb95666f38b4400b3ee4a?s=96&r=g\",\"caption\":\"admin\"},\"sameAs\":[\"https:\/\/wpml.nestshostels.com\"]}]}<\/script>\n<!-- \/ Yoast SEO plugin. -->","yoast_head_json":{"title":"FICMEC (26\u00e8me \u00c9dition) | Nests Hostels","description":"Le Festival International du Film Environnemental des Canaries (Ficmec) se d\u00e9roule du mardi 28 mai au dimanche 02 juin dans la commune de Garachico.","robots":{"index":"index","follow":"follow","max-snippet":"max-snippet:-1","max-image-preview":"max-image-preview:large","max-video-preview":"max-video-preview:-1"},"canonical":"https:\/\/nestshostels.com\/fr\/ficmec-26-edicion\/","og_locale":"fr_FR","og_type":"article","og_title":"La Cueva del Viento : Une Joya de la Nature - Tenerife !","og_description":"La Cueva del Viento est une cavit\u00e9 volcanique situ\u00e9e \u00e0 Icod de los Vinos. Elle s'est form\u00e9e il y a 27 000 ans \u00e0 partir de laves basaltiques issues de la premi\u00e8re phase \u00e9ruptive du volcan Pico Viejo, pr\u00e8s du Teide (Tenerife, \u00celes Canaries).","og_url":"https:\/\/nestshostels.com\/fr\/ficmec-26-edicion\/","og_site_name":"Nests Hostels","article_publisher":"https:\/\/www.facebook.com\/nesthosteltenerife\/","article_published_time":"2024-05-30T18:26:36+00:00","article_modified_time":"2025-10-01T13:32:23+00:00","og_image":[{"url":"https:\/\/nestshostels.com\/wp-content\/uploads\/cueva-del-viento.jpg","type":"","width":"","height":""}],"author":"admin","twitter_card":"summary_large_image","twitter_title":"La Cueva del Viento : Une Joya de la Nature - Tenerife !","twitter_description":"La Cueva del Viento est une cavit\u00e9 volcanique situ\u00e9e \u00e0 Icod de los Vinos. Elle s'est form\u00e9e il y a 27 000 ans \u00e0 partir de laves basaltiques issues de la premi\u00e8re phase \u00e9ruptive du volcan Pico Viejo, voisin du Teide (Tenerife, \u00celes Canaries).","twitter_image":"https:\/\/nestshostels.com\/wp-content\/uploads\/cueva-del-viento.jpg","twitter_misc":{"\u00c9crit par":"admin","Dur\u00e9e de lecture estim\u00e9e":"1 minute"},"schema":{"@context":"https:\/\/schema.org","@graph":[{"@type":"Article","@id":"https:\/\/nestshostels.com\/fr\/ficmec-26-edicion\/#article","isPartOf":{"@id":"https:\/\/nestshostels.com\/fr\/ficmec-26-edicion\/"},"author":{"name":"admin","@id":"https:\/\/nestshostels.com\/fr\/#\/schema\/person\/a7b8427d0829c2282d0243b0845ba1be"},"headline":"FICMEC (26\u00e8me \u00c9dition)","datePublished":"2024-05-30T18:26:36+00:00","dateModified":"2025-10-01T13:32:23+00:00","mainEntityOfPage":{"@id":"https:\/\/nestshostels.com\/fr\/ficmec-26-edicion\/"},"wordCount":219,"publisher":{"@id":"https:\/\/nestshostels.com\/fr\/#organization"},"image":{"@id":"https:\/\/nestshostels.com\/fr\/ficmec-26-edicion\/#primaryimage"},"thumbnailUrl":"https:\/\/nestshostels.com\/wp-content\/uploads\/ficmec-1.jpg","keywords":["Aguere Nest","Arena Nest","Duque Nest","Las Eras Nest","Puerto Nest"],"articleSection":["Excursions"],"inLanguage":"fr-FR"},{"@type":"WebPage","@id":"https:\/\/nestshostels.com\/fr\/ficmec-26-edicion\/","url":"https:\/\/nestshostels.com\/fr\/ficmec-26-edicion\/","name":"FICMEC (26\u00e8me \u00c9dition) | Nests Hostels","isPartOf":{"@id":"https:\/\/nestshostels.com\/fr\/#website"},"primaryImageOfPage":{"@id":"https:\/\/nestshostels.com\/fr\/ficmec-26-edicion\/#primaryimage"},"image":{"@id":"https:\/\/nestshostels.com\/fr\/ficmec-26-edicion\/#primaryimage"},"thumbnailUrl":"https:\/\/nestshostels.com\/wp-content\/uploads\/ficmec-1.jpg","datePublished":"2024-05-30T18:26:36+00:00","dateModified":"2025-10-01T13:32:23+00:00","description":"Le Festival International du Film Environnemental des Canaries (Ficmec) se d\u00e9roule du mardi 28 mai au dimanche 02 juin dans la commune de Garachico.","breadcrumb":{"@id":"https:\/\/nestshostels.com\/fr\/ficmec-26-edicion\/#breadcrumb"},"inLanguage":"fr-FR","potentialAction":[{"@type":"ReadAction","target":["https:\/\/nestshostels.com\/fr\/ficmec-26-edicion\/"]}]},{"@type":"ImageObject","inLanguage":"fr-FR","@id":"https:\/\/nestshostels.com\/fr\/ficmec-26-edicion\/#primaryimage","url":"https:\/\/nestshostels.com\/wp-content\/uploads\/ficmec-1.jpg","contentUrl":"https:\/\/nestshostels.com\/wp-content\/uploads\/ficmec-1.jpg","width":888,"height":536},{"@type":"BreadcrumbList","@id":"https:\/\/nestshostels.com\/fr\/ficmec-26-edicion\/#breadcrumb","itemListElement":[{"@type":"ListItem","position":1,"name":"Portada","item":"https:\/\/nestshostels.com\/fr\/"},{"@type":"ListItem","position":2,"name":"FICMEC (26\u00e8me \u00c9dition)"}]},{"@type":"WebSite","@id":"https:\/\/nestshostels.com\/fr\/#website","url":"https:\/\/nestshostels.com\/fr\/","name":"Nests Hostels","description":"Tenerife Hostels for Travellers &amp; Digital Nomads","publisher":{"@id":"https:\/\/nestshostels.com\/fr\/#organization"},"alternateName":"Nest","potentialAction":[{"@type":"SearchAction","target":{"@type":"EntryPoint","urlTemplate":"https:\/\/nestshostels.com\/fr\/?s={search_term_string}"},"query-input":{"@type":"PropertyValueSpecification","valueRequired":true,"valueName":"search_term_string"}}],"inLanguage":"fr-FR"},{"@type":"Organization","@id":"https:\/\/nestshostels.com\/fr\/#organization","name":"Nests Hostels","alternateName":"Nest","url":"https:\/\/nestshostels.com\/fr\/","logo":{"@type":"ImageObject","inLanguage":"fr-FR","@id":"https:\/\/nestshostels.com\/fr\/#\/schema\/logo\/image\/","url":"https:\/\/nestshostels.com\/wp-content\/uploads\/logo-nests-hostel.webp","contentUrl":"https:\/\/nestshostels.com\/wp-content\/uploads\/logo-nests-hostel.webp","width":200,"height":217,"caption":"Nests Hostels"},"image":{"@id":"https:\/\/nestshostels.com\/fr\/#\/schema\/logo\/image\/"},"sameAs":["https:\/\/www.facebook.com\/nesthosteltenerife\/","https:\/\/www.instagram.com\/nestshostels\/","https:\/\/www.tiktok.com\/@nestshostels","https:\/\/www.threads.com\/@nestshostels\/","https:\/\/www.youtube.com\/@nestshostels\/"]},{"@type":"Person","@id":"https:\/\/nestshostels.com\/fr\/#\/schema\/person\/a7b8427d0829c2282d0243b0845ba1be","name":"admin","image":{"@type":"ImageObject","inLanguage":"fr-FR","@id":"https:\/\/nestshostels.com\/fr\/#\/schema\/person\/image\/","url":"https:\/\/secure.gravatar.com\/avatar\/0b7f676e2697479b2ae673ab0d2bef598d13c78cc6bdb95666f38b4400b3ee4a?s=96&r=g","contentUrl":"https:\/\/secure.gravatar.com\/avatar\/0b7f676e2697479b2ae673ab0d2bef598d13c78cc6bdb95666f38b4400b3ee4a?s=96&r=g","caption":"admin"},"sameAs":["https:\/\/wpml.nestshostels.com"]}]}},"_links":{"self":[{"href":"https:\/\/nestshostels.com\/fr\/wp-json\/wp\/v2\/posts\/19454","targetHints":{"allow":["GET"]}}],"collection":[{"href":"https:\/\/nestshostels.com\/fr\/wp-json\/wp\/v2\/posts"}],"about":[{"href":"https:\/\/nestshostels.com\/fr\/wp-json\/wp\/v2\/types\/post"}],"author":[{"embeddable":true,"href":"https:\/\/nestshostels.com\/fr\/wp-json\/wp\/v2\/users\/1"}],"replies":[{"embeddable":true,"href":"https:\/\/nestshostels.com\/fr\/wp-json\/wp\/v2\/comments?post=19454"}],"version-history":[{"count":1,"href":"https:\/\/nestshostels.com\/fr\/wp-json\/wp\/v2\/posts\/19454\/revisions"}],"predecessor-version":[{"id":19455,"href":"https:\/\/nestshostels.com\/fr\/wp-json\/wp\/v2\/posts\/19454\/revisions\/19455"}],"wp:featuredmedia":[{"embeddable":true,"href":"https:\/\/nestshostels.com\/fr\/wp-json\/wp\/v2\/media\/15887"}],"wp:attachment":[{"href":"https:\/\/nestshostels.com\/fr\/wp-json\/wp\/v2\/media?parent=19454"}],"wp:term":[{"taxonomy":"category","embeddable":true,"href":"https:\/\/nestshostels.com\/fr\/wp-json\/wp\/v2\/categories?post=19454"},{"taxonomy":"post_tag","embeddable":true,"href":"https:\/\/nestshostels.com\/fr\/wp-json\/wp\/v2\/tags?post=19454"}],"curies":[{"name":"wp","href":"https:\/\/api.w.org\/{rel}","templated":true}]}}