{"id":19414,"date":"2024-07-07T12:16:50","date_gmt":"2024-07-07T12:16:50","guid":{"rendered":"https:\/\/nestshostels.com\/sunblast-2024-tenerife-sur\/"},"modified":"2025-10-01T13:29:25","modified_gmt":"2025-10-01T13:29:25","slug":"sunblast-2024-tenerife-sur","status":"publish","type":"post","link":"https:\/\/nestshostels.com\/fr\/sunblast-2024-tenerife-sur\/","title":{"rendered":"SUNBLAST 2024 &#8211; TENERIFE SUD"},"content":{"rendered":"\n<p><strong>Festival Sunblast 2024<\/strong><\/p>\n\n<div class=\"wp-block-media-text is-stacked-on-mobile is-style-rounded\"><figure class=\"wp-block-media-text__media\"><img loading=\"lazy\" decoding=\"async\" width=\"1024\" height=\"389\" src=\"https:\/\/nestshostels.com\/wp-content\/uploads\/sunblast-1024x389.jpg\" alt=\"\" class=\"wp-image-9776 size-full\" srcset=\"https:\/\/nestshostels.com\/wp-content\/uploads\/sunblast-1024x389.jpg 1024w, https:\/\/nestshostels.com\/wp-content\/uploads\/sunblast-300x114.jpg 300w, https:\/\/nestshostels.com\/wp-content\/uploads\/sunblast-768x292.jpg 768w, https:\/\/nestshostels.com\/wp-content\/uploads\/sunblast.jpg 1420w\" sizes=\"auto, (max-width: 1024px) 100vw, 1024px\" \/><\/figure><div class=\"wp-block-media-text__content\">\n<p><\/p>\n<\/div><\/div>\n\n<h2 class=\"wp-block-heading\">Tu te demandes quoi faire \u00e0 Tenerife en ao\u00fbt ?<\/h2>\n\n<h4 class=\"wp-block-heading\">Le festival Sunblast arrive \u00e0 Tenerife avec plus de 40 artistes invit\u00e9s.<\/h4>\n\n<p>Sunblast 2024 aura lieu le 10 ao\u00fbt 2024, au Golf Costa Adeje.<\/p>\n\n<p>\u00a1\u00a1 Tu vas assister \u00e0 un concert inoubliable, rempli de fun et d&rsquo;\u00e9motion ! <br\/><br\/>Tu pourras entrer dans le Backstage exclusif 360\u00ba et prendre le selfie parfait avec ton DJ pr\u00e9f\u00e9r\u00e9.<\/p>\n\n<p>Parcours les 6 sc\u00e8nes et d\u00e9couvre la magie de la musique !<\/p>\n\n<p>Tu peux pas manquer la date qui rassemblera les plus grands fans de musique \u00e9lectronique et des artistes TOP du monde, choisis sp\u00e9cialement pour l&rsquo;occasion.<\/p>\n\n<p>Vas vraiment laisser passer l&rsquo;occasion de vivre l&rsquo;\u00e9v\u00e9nement le plus attendu de l&rsquo;ann\u00e9e et de profiter des meilleurs artistes du monde ?<\/p>\n\n<p><\/p>\n\n<p><strong>Plus d&rsquo;infos ici :<\/strong><br\/><a href=\"http:\/\/www.sunblast.es\" target=\"_blank\" rel=\"noreferrer noopener\">http:\/\/www.sunblast.es<\/a><br\/><br\/><a href=\"https:\/\/www.facebook.com\/SunblastFestival\/?locale=es_ES\" target=\"_blank\" rel=\"noreferrer noopener\">https:\/\/www.facebook.com\/SunblastFestival\/?locale=es_ES<\/a><br\/><br\/><a href=\"https:\/\/www.instagram.com\/sunblast_festival\/?hl=es\" target=\"_blank\" rel=\"noreferrer noopener\">https:\/\/www.instagram.com\/sunblast_festival\/?hl=es<\/a><\/p>\n\n<p><\/p>\n\n<p><\/p>\n\n<p><\/p>\n\n<p><\/p>\n\n<figure class=\"wp-block-embed is-type-video is-provider-youtube wp-block-embed-youtube wp-embed-aspect-16-9 wp-has-aspect-ratio\"><div class=\"wp-block-embed__wrapper\">\n<iframe loading=\"lazy\" title=\"SUNBLAST 2024 - TENERIFE SUR\" width=\"500\" height=\"281\" src=\"https:\/\/www.youtube.com\/embed\/4Sog-06tYFY?feature=oembed\" frameborder=\"0\" allow=\"accelerometer; autoplay; clipboard-write; encrypted-media; gyroscope; picture-in-picture; web-share\" referrerpolicy=\"strict-origin-when-cross-origin\" allowfullscreen><\/iframe>\n<\/div><figcaption class=\"wp-element-caption\">Source : <a href=\"https:\/\/www.youtube.com\/watch?v=4Sog-06tYFY\" target=\"_blank\" rel=\"noreferrer noopener\">F<\/a><\/figcaption><\/figure>\n","protected":false},"excerpt":{"rendered":"<p>\ud83d\udd25 SUNBLAST TENERIFE 2024 \ud83d\udd25<\/p>\n<p>Le meilleur jour de l&rsquo;ann\u00e9e, c&rsquo;est de plus en plus proche !!<\/p>\n<p>Plus de 40 artistes diff\u00e9rents sur 6 sc\u00e8nes.<br \/>\n\ud83e\udd29 Samedi 10 ao\u00fbt. Golf Costa Adeje.<\/p>\n","protected":false},"author":1,"featured_media":16479,"comment_status":"closed","ping_status":"closed","sticky":false,"template":"","format":"standard","meta":{"footnotes":""},"categories":[84],"tags":[111,126,68,127,85],"class_list":["post-19414","post","type-post","status-publish","format-standard","has-post-thumbnail","hentry","category-excursions-fr","tag-aguere-nest-fr","tag-arena-nest-fr","tag-duque-nest-fr","tag-las-eras-nest-fr","tag-puerto-nest-fr"],"acf":[],"yoast_head":"<!-- This site is optimized with the Yoast SEO plugin v27.1.1 - https:\/\/yoast.com\/product\/yoast-seo-wordpress\/ -->\n<title>SUNBLAST 2024 - TENERIFE SUD | Nests Hostels<\/title>\n<meta name=\"description\" content=\"Le Festival International du Film Environnemental des Canaries (Ficmec) se d\u00e9roule du mardi 28 mai au dimanche 02 juin dans la commune de Garachico.\" \/>\n<meta name=\"robots\" content=\"index, follow, max-snippet:-1, max-image-preview:large, max-video-preview:-1\" \/>\n<link rel=\"canonical\" href=\"https:\/\/nestshostels.com\/fr\/sunblast-2024-tenerife-sur\/\" \/>\n<meta property=\"og:locale\" content=\"fr_FR\" \/>\n<meta property=\"og:type\" content=\"article\" \/>\n<meta property=\"og:title\" content=\"La Cueva del Viento : Une Joya de la Nature - Tenerife !\" \/>\n<meta property=\"og:description\" content=\"La Cueva del Viento est une cavit\u00e9 volcanique situ\u00e9e \u00e0 Icod de los Vinos. Elle s&#039;est form\u00e9e il y a 27 000 ans \u00e0 partir de laves basaltiques issues de la premi\u00e8re phase \u00e9ruptive du volcan Pico Viejo, pr\u00e8s du Teide (Tenerife, \u00celes Canaries).\" \/>\n<meta property=\"og:url\" content=\"https:\/\/nestshostels.com\/fr\/sunblast-2024-tenerife-sur\/\" \/>\n<meta property=\"og:site_name\" content=\"Nests Hostels\" \/>\n<meta property=\"article:publisher\" content=\"https:\/\/www.facebook.com\/nesthosteltenerife\/\" \/>\n<meta property=\"article:published_time\" content=\"2024-07-07T12:16:50+00:00\" \/>\n<meta property=\"article:modified_time\" content=\"2025-10-01T13:29:25+00:00\" \/>\n<meta property=\"og:image\" content=\"https:\/\/nestshostels.com\/wp-content\/uploads\/cueva-del-viento.jpg\" \/>\n<meta name=\"author\" content=\"admin\" \/>\n<meta name=\"twitter:card\" content=\"summary_large_image\" \/>\n<meta name=\"twitter:title\" content=\"La Cueva del Viento : Une Joya de la Nature - Tenerife !\" \/>\n<meta name=\"twitter:description\" content=\"La Cueva del Viento est une cavit\u00e9 volcanique situ\u00e9e \u00e0 Icod de los Vinos. Elle s&#039;est form\u00e9e il y a 27 000 ans \u00e0 partir de laves basaltiques issues de la premi\u00e8re phase \u00e9ruptive du volcan Pico Viejo, voisin du Teide (Tenerife, \u00celes Canaries).\" \/>\n<meta name=\"twitter:image\" content=\"https:\/\/nestshostels.com\/wp-content\/uploads\/cueva-del-viento.jpg\" \/>\n<meta name=\"twitter:label1\" content=\"\u00c9crit par\" \/>\n\t<meta name=\"twitter:data1\" content=\"admin\" \/>\n\t<meta name=\"twitter:label2\" content=\"Dur\u00e9e de lecture estim\u00e9e\" \/>\n\t<meta name=\"twitter:data2\" content=\"1 minute\" \/>\n<script type=\"application\/ld+json\" class=\"yoast-schema-graph\">{\"@context\":\"https:\/\/schema.org\",\"@graph\":[{\"@type\":\"Article\",\"@id\":\"https:\/\/nestshostels.com\/fr\/sunblast-2024-tenerife-sur\/#article\",\"isPartOf\":{\"@id\":\"https:\/\/nestshostels.com\/fr\/sunblast-2024-tenerife-sur\/\"},\"author\":{\"name\":\"admin\",\"@id\":\"https:\/\/nestshostels.com\/fr\/#\/schema\/person\/a7b8427d0829c2282d0243b0845ba1be\"},\"headline\":\"SUNBLAST 2024 &#8211; TENERIFE SUD\",\"datePublished\":\"2024-07-07T12:16:50+00:00\",\"dateModified\":\"2025-10-01T13:29:25+00:00\",\"mainEntityOfPage\":{\"@id\":\"https:\/\/nestshostels.com\/fr\/sunblast-2024-tenerife-sur\/\"},\"wordCount\":165,\"publisher\":{\"@id\":\"https:\/\/nestshostels.com\/fr\/#organization\"},\"image\":{\"@id\":\"https:\/\/nestshostels.com\/fr\/sunblast-2024-tenerife-sur\/#primaryimage\"},\"thumbnailUrl\":\"https:\/\/nestshostels.com\/wp-content\/uploads\/sunblast.jpg\",\"keywords\":[\"Aguere Nest\",\"Arena Nest\",\"Duque Nest\",\"Las Eras Nest\",\"Puerto Nest\"],\"articleSection\":[\"Excursions\"],\"inLanguage\":\"fr-FR\"},{\"@type\":\"WebPage\",\"@id\":\"https:\/\/nestshostels.com\/fr\/sunblast-2024-tenerife-sur\/\",\"url\":\"https:\/\/nestshostels.com\/fr\/sunblast-2024-tenerife-sur\/\",\"name\":\"SUNBLAST 2024 - TENERIFE SUD | Nests Hostels\",\"isPartOf\":{\"@id\":\"https:\/\/nestshostels.com\/fr\/#website\"},\"primaryImageOfPage\":{\"@id\":\"https:\/\/nestshostels.com\/fr\/sunblast-2024-tenerife-sur\/#primaryimage\"},\"image\":{\"@id\":\"https:\/\/nestshostels.com\/fr\/sunblast-2024-tenerife-sur\/#primaryimage\"},\"thumbnailUrl\":\"https:\/\/nestshostels.com\/wp-content\/uploads\/sunblast.jpg\",\"datePublished\":\"2024-07-07T12:16:50+00:00\",\"dateModified\":\"2025-10-01T13:29:25+00:00\",\"description\":\"Le Festival International du Film Environnemental des Canaries (Ficmec) se d\u00e9roule du mardi 28 mai au dimanche 02 juin dans la commune de Garachico.\",\"breadcrumb\":{\"@id\":\"https:\/\/nestshostels.com\/fr\/sunblast-2024-tenerife-sur\/#breadcrumb\"},\"inLanguage\":\"fr-FR\",\"potentialAction\":[{\"@type\":\"ReadAction\",\"target\":[\"https:\/\/nestshostels.com\/fr\/sunblast-2024-tenerife-sur\/\"]}]},{\"@type\":\"ImageObject\",\"inLanguage\":\"fr-FR\",\"@id\":\"https:\/\/nestshostels.com\/fr\/sunblast-2024-tenerife-sur\/#primaryimage\",\"url\":\"https:\/\/nestshostels.com\/wp-content\/uploads\/sunblast.jpg\",\"contentUrl\":\"https:\/\/nestshostels.com\/wp-content\/uploads\/sunblast.jpg\",\"width\":1420,\"height\":540},{\"@type\":\"BreadcrumbList\",\"@id\":\"https:\/\/nestshostels.com\/fr\/sunblast-2024-tenerife-sur\/#breadcrumb\",\"itemListElement\":[{\"@type\":\"ListItem\",\"position\":1,\"name\":\"Portada\",\"item\":\"https:\/\/nestshostels.com\/fr\/\"},{\"@type\":\"ListItem\",\"position\":2,\"name\":\"SUNBLAST 2024 &#8211; TENERIFE SUD\"}]},{\"@type\":\"WebSite\",\"@id\":\"https:\/\/nestshostels.com\/fr\/#website\",\"url\":\"https:\/\/nestshostels.com\/fr\/\",\"name\":\"Nests Hostels\",\"description\":\"Tenerife Hostels for Travellers &amp; Digital Nomads\",\"publisher\":{\"@id\":\"https:\/\/nestshostels.com\/fr\/#organization\"},\"alternateName\":\"Nest\",\"potentialAction\":[{\"@type\":\"SearchAction\",\"target\":{\"@type\":\"EntryPoint\",\"urlTemplate\":\"https:\/\/nestshostels.com\/fr\/?s={search_term_string}\"},\"query-input\":{\"@type\":\"PropertyValueSpecification\",\"valueRequired\":true,\"valueName\":\"search_term_string\"}}],\"inLanguage\":\"fr-FR\"},{\"@type\":\"Organization\",\"@id\":\"https:\/\/nestshostels.com\/fr\/#organization\",\"name\":\"Nests Hostels\",\"alternateName\":\"Nest\",\"url\":\"https:\/\/nestshostels.com\/fr\/\",\"logo\":{\"@type\":\"ImageObject\",\"inLanguage\":\"fr-FR\",\"@id\":\"https:\/\/nestshostels.com\/fr\/#\/schema\/logo\/image\/\",\"url\":\"https:\/\/nestshostels.com\/wp-content\/uploads\/logo-nests-hostel.webp\",\"contentUrl\":\"https:\/\/nestshostels.com\/wp-content\/uploads\/logo-nests-hostel.webp\",\"width\":200,\"height\":217,\"caption\":\"Nests Hostels\"},\"image\":{\"@id\":\"https:\/\/nestshostels.com\/fr\/#\/schema\/logo\/image\/\"},\"sameAs\":[\"https:\/\/www.facebook.com\/nesthosteltenerife\/\",\"https:\/\/www.instagram.com\/nestshostels\/\",\"https:\/\/www.tiktok.com\/@nestshostels\",\"https:\/\/www.threads.com\/@nestshostels\/\",\"https:\/\/www.youtube.com\/@nestshostels\/\"]},{\"@type\":\"Person\",\"@id\":\"https:\/\/nestshostels.com\/fr\/#\/schema\/person\/a7b8427d0829c2282d0243b0845ba1be\",\"name\":\"admin\",\"image\":{\"@type\":\"ImageObject\",\"inLanguage\":\"fr-FR\",\"@id\":\"https:\/\/nestshostels.com\/fr\/#\/schema\/person\/image\/\",\"url\":\"https:\/\/secure.gravatar.com\/avatar\/0b7f676e2697479b2ae673ab0d2bef598d13c78cc6bdb95666f38b4400b3ee4a?s=96&r=g\",\"contentUrl\":\"https:\/\/secure.gravatar.com\/avatar\/0b7f676e2697479b2ae673ab0d2bef598d13c78cc6bdb95666f38b4400b3ee4a?s=96&r=g\",\"caption\":\"admin\"},\"sameAs\":[\"https:\/\/wpml.nestshostels.com\"]}]}<\/script>\n<!-- \/ Yoast SEO plugin. -->","yoast_head_json":{"title":"SUNBLAST 2024 - TENERIFE SUD | Nests Hostels","description":"Le Festival International du Film Environnemental des Canaries (Ficmec) se d\u00e9roule du mardi 28 mai au dimanche 02 juin dans la commune de Garachico.","robots":{"index":"index","follow":"follow","max-snippet":"max-snippet:-1","max-image-preview":"max-image-preview:large","max-video-preview":"max-video-preview:-1"},"canonical":"https:\/\/nestshostels.com\/fr\/sunblast-2024-tenerife-sur\/","og_locale":"fr_FR","og_type":"article","og_title":"La Cueva del Viento : Une Joya de la Nature - Tenerife !","og_description":"La Cueva del Viento est une cavit\u00e9 volcanique situ\u00e9e \u00e0 Icod de los Vinos. Elle s'est form\u00e9e il y a 27 000 ans \u00e0 partir de laves basaltiques issues de la premi\u00e8re phase \u00e9ruptive du volcan Pico Viejo, pr\u00e8s du Teide (Tenerife, \u00celes Canaries).","og_url":"https:\/\/nestshostels.com\/fr\/sunblast-2024-tenerife-sur\/","og_site_name":"Nests Hostels","article_publisher":"https:\/\/www.facebook.com\/nesthosteltenerife\/","article_published_time":"2024-07-07T12:16:50+00:00","article_modified_time":"2025-10-01T13:29:25+00:00","og_image":[{"url":"https:\/\/nestshostels.com\/wp-content\/uploads\/cueva-del-viento.jpg","type":"","width":"","height":""}],"author":"admin","twitter_card":"summary_large_image","twitter_title":"La Cueva del Viento : Une Joya de la Nature - Tenerife !","twitter_description":"La Cueva del Viento est une cavit\u00e9 volcanique situ\u00e9e \u00e0 Icod de los Vinos. Elle s'est form\u00e9e il y a 27 000 ans \u00e0 partir de laves basaltiques issues de la premi\u00e8re phase \u00e9ruptive du volcan Pico Viejo, voisin du Teide (Tenerife, \u00celes Canaries).","twitter_image":"https:\/\/nestshostels.com\/wp-content\/uploads\/cueva-del-viento.jpg","twitter_misc":{"\u00c9crit par":"admin","Dur\u00e9e de lecture estim\u00e9e":"1 minute"},"schema":{"@context":"https:\/\/schema.org","@graph":[{"@type":"Article","@id":"https:\/\/nestshostels.com\/fr\/sunblast-2024-tenerife-sur\/#article","isPartOf":{"@id":"https:\/\/nestshostels.com\/fr\/sunblast-2024-tenerife-sur\/"},"author":{"name":"admin","@id":"https:\/\/nestshostels.com\/fr\/#\/schema\/person\/a7b8427d0829c2282d0243b0845ba1be"},"headline":"SUNBLAST 2024 &#8211; TENERIFE SUD","datePublished":"2024-07-07T12:16:50+00:00","dateModified":"2025-10-01T13:29:25+00:00","mainEntityOfPage":{"@id":"https:\/\/nestshostels.com\/fr\/sunblast-2024-tenerife-sur\/"},"wordCount":165,"publisher":{"@id":"https:\/\/nestshostels.com\/fr\/#organization"},"image":{"@id":"https:\/\/nestshostels.com\/fr\/sunblast-2024-tenerife-sur\/#primaryimage"},"thumbnailUrl":"https:\/\/nestshostels.com\/wp-content\/uploads\/sunblast.jpg","keywords":["Aguere Nest","Arena Nest","Duque Nest","Las Eras Nest","Puerto Nest"],"articleSection":["Excursions"],"inLanguage":"fr-FR"},{"@type":"WebPage","@id":"https:\/\/nestshostels.com\/fr\/sunblast-2024-tenerife-sur\/","url":"https:\/\/nestshostels.com\/fr\/sunblast-2024-tenerife-sur\/","name":"SUNBLAST 2024 - TENERIFE SUD | Nests Hostels","isPartOf":{"@id":"https:\/\/nestshostels.com\/fr\/#website"},"primaryImageOfPage":{"@id":"https:\/\/nestshostels.com\/fr\/sunblast-2024-tenerife-sur\/#primaryimage"},"image":{"@id":"https:\/\/nestshostels.com\/fr\/sunblast-2024-tenerife-sur\/#primaryimage"},"thumbnailUrl":"https:\/\/nestshostels.com\/wp-content\/uploads\/sunblast.jpg","datePublished":"2024-07-07T12:16:50+00:00","dateModified":"2025-10-01T13:29:25+00:00","description":"Le Festival International du Film Environnemental des Canaries (Ficmec) se d\u00e9roule du mardi 28 mai au dimanche 02 juin dans la commune de Garachico.","breadcrumb":{"@id":"https:\/\/nestshostels.com\/fr\/sunblast-2024-tenerife-sur\/#breadcrumb"},"inLanguage":"fr-FR","potentialAction":[{"@type":"ReadAction","target":["https:\/\/nestshostels.com\/fr\/sunblast-2024-tenerife-sur\/"]}]},{"@type":"ImageObject","inLanguage":"fr-FR","@id":"https:\/\/nestshostels.com\/fr\/sunblast-2024-tenerife-sur\/#primaryimage","url":"https:\/\/nestshostels.com\/wp-content\/uploads\/sunblast.jpg","contentUrl":"https:\/\/nestshostels.com\/wp-content\/uploads\/sunblast.jpg","width":1420,"height":540},{"@type":"BreadcrumbList","@id":"https:\/\/nestshostels.com\/fr\/sunblast-2024-tenerife-sur\/#breadcrumb","itemListElement":[{"@type":"ListItem","position":1,"name":"Portada","item":"https:\/\/nestshostels.com\/fr\/"},{"@type":"ListItem","position":2,"name":"SUNBLAST 2024 &#8211; TENERIFE SUD"}]},{"@type":"WebSite","@id":"https:\/\/nestshostels.com\/fr\/#website","url":"https:\/\/nestshostels.com\/fr\/","name":"Nests Hostels","description":"Tenerife Hostels for Travellers &amp; Digital Nomads","publisher":{"@id":"https:\/\/nestshostels.com\/fr\/#organization"},"alternateName":"Nest","potentialAction":[{"@type":"SearchAction","target":{"@type":"EntryPoint","urlTemplate":"https:\/\/nestshostels.com\/fr\/?s={search_term_string}"},"query-input":{"@type":"PropertyValueSpecification","valueRequired":true,"valueName":"search_term_string"}}],"inLanguage":"fr-FR"},{"@type":"Organization","@id":"https:\/\/nestshostels.com\/fr\/#organization","name":"Nests Hostels","alternateName":"Nest","url":"https:\/\/nestshostels.com\/fr\/","logo":{"@type":"ImageObject","inLanguage":"fr-FR","@id":"https:\/\/nestshostels.com\/fr\/#\/schema\/logo\/image\/","url":"https:\/\/nestshostels.com\/wp-content\/uploads\/logo-nests-hostel.webp","contentUrl":"https:\/\/nestshostels.com\/wp-content\/uploads\/logo-nests-hostel.webp","width":200,"height":217,"caption":"Nests Hostels"},"image":{"@id":"https:\/\/nestshostels.com\/fr\/#\/schema\/logo\/image\/"},"sameAs":["https:\/\/www.facebook.com\/nesthosteltenerife\/","https:\/\/www.instagram.com\/nestshostels\/","https:\/\/www.tiktok.com\/@nestshostels","https:\/\/www.threads.com\/@nestshostels\/","https:\/\/www.youtube.com\/@nestshostels\/"]},{"@type":"Person","@id":"https:\/\/nestshostels.com\/fr\/#\/schema\/person\/a7b8427d0829c2282d0243b0845ba1be","name":"admin","image":{"@type":"ImageObject","inLanguage":"fr-FR","@id":"https:\/\/nestshostels.com\/fr\/#\/schema\/person\/image\/","url":"https:\/\/secure.gravatar.com\/avatar\/0b7f676e2697479b2ae673ab0d2bef598d13c78cc6bdb95666f38b4400b3ee4a?s=96&r=g","contentUrl":"https:\/\/secure.gravatar.com\/avatar\/0b7f676e2697479b2ae673ab0d2bef598d13c78cc6bdb95666f38b4400b3ee4a?s=96&r=g","caption":"admin"},"sameAs":["https:\/\/wpml.nestshostels.com"]}]}},"_links":{"self":[{"href":"https:\/\/nestshostels.com\/fr\/wp-json\/wp\/v2\/posts\/19414","targetHints":{"allow":["GET"]}}],"collection":[{"href":"https:\/\/nestshostels.com\/fr\/wp-json\/wp\/v2\/posts"}],"about":[{"href":"https:\/\/nestshostels.com\/fr\/wp-json\/wp\/v2\/types\/post"}],"author":[{"embeddable":true,"href":"https:\/\/nestshostels.com\/fr\/wp-json\/wp\/v2\/users\/1"}],"replies":[{"embeddable":true,"href":"https:\/\/nestshostels.com\/fr\/wp-json\/wp\/v2\/comments?post=19414"}],"version-history":[{"count":1,"href":"https:\/\/nestshostels.com\/fr\/wp-json\/wp\/v2\/posts\/19414\/revisions"}],"predecessor-version":[{"id":19415,"href":"https:\/\/nestshostels.com\/fr\/wp-json\/wp\/v2\/posts\/19414\/revisions\/19415"}],"wp:featuredmedia":[{"embeddable":true,"href":"https:\/\/nestshostels.com\/fr\/wp-json\/wp\/v2\/media\/16479"}],"wp:attachment":[{"href":"https:\/\/nestshostels.com\/fr\/wp-json\/wp\/v2\/media?parent=19414"}],"wp:term":[{"taxonomy":"category","embeddable":true,"href":"https:\/\/nestshostels.com\/fr\/wp-json\/wp\/v2\/categories?post=19414"},{"taxonomy":"post_tag","embeddable":true,"href":"https:\/\/nestshostels.com\/fr\/wp-json\/wp\/v2\/tags?post=19414"}],"curies":[{"name":"wp","href":"https:\/\/api.w.org\/{rel}","templated":true}]}}