{"id":18825,"date":"2024-03-01T10:00:04","date_gmt":"2024-03-01T10:00:04","guid":{"rendered":"https:\/\/nestshostels.com\/non-categorise\/carnival-gran-canaria-2024\/"},"modified":"2025-09-30T21:23:23","modified_gmt":"2025-09-30T21:23:23","slug":"carnival-gran-canaria-2024","status":"publish","type":"post","link":"https:\/\/nestshostels.com\/fr\/carnival-gran-canaria-2024\/","title":{"rendered":"Carnaval de Maspalomas \u00e0 Gran Canaria 2024 : Dates et C\u00e9l\u00e9brations Incontournables (programme)"},"content":{"rendered":"\n<p><a href=\"https:\/\/nestshostels.com\/cultura\/carnaval-de-gran-canaria-2025-programa\/\">Programme du Carnaval de Gran Canaria 2025 ici<\/a><\/p>\n\n<p><\/p>\n\n<p>Le Carnaval de Gran Canaria est l&rsquo;un des \u00e9v\u00e9nements les plus color\u00e9s, vibrants et attendus des \u00celes Canaries, attirant des milliers de visiteurs du monde entier.<\/p>\n\n<p><strong>Cette ann\u00e9e, la f\u00eate s&rsquo;\u00e9tend \u00e0 travers plusieurs villes de l&rsquo;\u00eele (Maspalomas en fait partie), chacune avec son propre charme et sa programmation unique.<\/strong> Voici un aper\u00e7u des c\u00e9l\u00e9brations de carnaval les plus marquantes de Gran Canaria, un spectacle rempli de musique, de danse et de cr\u00e9ativit\u00e9.<\/p>\n\n<blockquote class=\"tiktok-embed\" cite=\"https:\/\/www.tiktok.com\/@nestshostels\/video\/7342588578033093920\" data-video-id=\"7342588578033093920\" style=\"max-width: 605px;min-width: 325px;\"> <section> <a target=\"_blank\" title=\"@nestshostels\" href=\"https:\/\/www.tiktok.com\/@nestshostels?refer=embed\" rel=\"noopener\">@nestshostels<\/a> THINGS you MUST KNOW about MASPALOMA\u2019S CARNIVAL \ud83c\uddee\ud83c\udde8\ud83c\udfad \ud83d\udc49\ud83c\udffdTe animas a venir?  <a title=\"planesentiktok\" target=\"_blank\" href=\"https:\/\/www.tiktok.com\/tag\/planesentiktok?refer=embed\" rel=\"noopener\">#planesEnTikTok<\/a> <a title=\"maspalomas\" target=\"_blank\" href=\"https:\/\/www.tiktok.com\/tag\/maspalomas?refer=embed\" rel=\"noopener\">#maspalomas<\/a> <a title=\"grancanaria\" target=\"_blank\" href=\"https:\/\/www.tiktok.com\/tag\/grancanaria?refer=embed\" rel=\"noopener\">#grancanaria<\/a> <a title=\"carnaval\" target=\"_blank\" href=\"https:\/\/www.tiktok.com\/tag\/carnaval?refer=embed\" rel=\"noopener\">#carnaval<\/a> <a title=\"carnavaldemaspalomas\" target=\"_blank\" href=\"https:\/\/www.tiktok.com\/tag\/carnavaldemaspalomas?refer=embed\" rel=\"noopener\">#carnavaldemaspalomas<\/a> <a title=\"maspalomascarnival\" target=\"_blank\" href=\"https:\/\/www.tiktok.com\/tag\/maspalomascarnival?refer=embed\" rel=\"noopener\">#maspalomascarnival<\/a> <a title=\"carnival\" target=\"_blank\" href=\"https:\/\/www.tiktok.com\/tag\/carnival?refer=embed\" rel=\"noopener\">#carnival<\/a> <a title=\"canary\" target=\"_blank\" href=\"https:\/\/www.tiktok.com\/tag\/canary?refer=embed\" rel=\"noopener\">#canary<\/a> <a title=\"canaryislands\" target=\"_blank\" href=\"https:\/\/www.tiktok.com\/tag\/canaryislands?refer=embed\" rel=\"noopener\">#canaryislands<\/a> <a title=\"islascanarias\" target=\"_blank\" href=\"https:\/\/www.tiktok.com\/tag\/islascanarias?refer=embed\" rel=\"noopener\">#islascanarias<\/a> <a title=\"parati\" target=\"_blank\" href=\"https:\/\/www.tiktok.com\/tag\/parati?refer=embed\" rel=\"noopener\">#parati<\/a> <a title=\"foryou\" target=\"_blank\" href=\"https:\/\/www.tiktok.com\/tag\/foryou?refer=embed\" rel=\"noopener\">#foryou<\/a> <a target=\"_blank\" title=\"\u266c Dance You Outta My Head - Cat Janice\" href=\"https:\/\/www.tiktok.com\/music\/Dance-You-Outta-My-Head-7320403755933124609?refer=embed\" rel=\"noopener\">\u266c Dance You Outta My Head &#8211; Cat Janice<\/a> <\/section> <\/blockquote> <script async=\"\" src=\"https:\/\/www.tiktok.com\/embed.js\"><\/script>\n\n<p><\/p>\n\n<ul class=\"wp-block-list\">\n<li><strong>Las Palmas de Gran Canaria<\/strong> : Du 26 janvier au 18 f\u00e9vrier\u200b<a href=\"https:\/\/www.guidetocanaryislands.com\/gran-canaria-carnival\/\" target=\"_blank\" rel=\"noreferrer noopener\"><\/a>\u200b.<\/li>\n\n\n\n<li><strong>Maspalomas<\/strong>: Du <strong>6 au 17 mars<\/strong>\u200b<a href=\"https:\/\/www.guidetocanaryislands.com\/gran-canaria-carnival\/\" target=\"_blank\" rel=\"noreferrer noopener\"><\/a>\u200b.<\/li>\n\n\n\n<li><strong>G\u00e1ldar<\/strong> : Du 2 au 17 f\u00e9vrier\u200b<a href=\"https:\/\/www.guidetocanaryislands.com\/gran-canaria-carnival\/\" target=\"_blank\" rel=\"noreferrer noopener\"><\/a>\u200b.<\/li>\n\n\n\n<li><strong>Aguimes<\/strong> : 15 f\u00e9vrier, Jeudi de Carnaval\u200b<a href=\"https:\/\/www.guidetocanaryislands.com\/gran-canaria-carnival\/\" target=\"_blank\" rel=\"noreferrer noopener\"><\/a>\u200b.<\/li>\n\n\n\n<li><strong>Teror<\/strong> : 13 f\u00e9vrier, Mardi de Carnaval\u200b<a href=\"https:\/\/www.guidetocanaryislands.com\/gran-canaria-carnival\/\" target=\"_blank\" rel=\"noreferrer noopener\"><\/a>\u200b.<\/li>\n<\/ul>\n\n<p><\/p>\n\n<h2 class=\"wp-block-heading\">Las Palmas de Gran Canaria : Le C\u0153ur du Carnaval<\/h2>\n\n<p><strong>Du 25 janvier au 18 f\u00e9vrier<\/strong>, la capitale de l&rsquo;\u00eele se transforme en une \u00e9norme sc\u00e8ne en plein air. Las Palmas de Gran Canaria est c\u00e9l\u00e8bre pour sa Grande Cavalcade, la Gala de la Reine et la Gala Drag Queen, des \u00e9v\u00e9nements qui se distinguent par leur ampleur et leur \u00e9clat. Tu ne peux pas rater l&rsquo;occasion de voir les chars d\u00e9cor\u00e9s de mani\u00e8re extravagante et les costumes spectaculaires qui d\u00e9finissent cette c\u00e9l\u00e9bration.<\/p>\n\n<figure class=\"wp-block-gallery has-nested-images columns-default is-cropped wp-block-gallery-1 is-layout-flex wp-block-gallery-is-layout-flex\">\n<figure class=\"wp-block-image size-large\"><a href=\"https:\/\/nestshostels.com\/wp-content\/uploads\/carneval-gran-canaria-2024.jpg\"><img loading=\"lazy\" decoding=\"async\" width=\"898\" height=\"959\" data-id=\"9119\" src=\"https:\/\/nestshostels.com\/wp-content\/uploads\/carneval-gran-canaria-2024.jpg\" alt=\"carnaval gran canaria 2024\" class=\"wp-image-9119\" srcset=\"https:\/\/nestshostels.com\/wp-content\/uploads\/carneval-gran-canaria-2024.jpg 898w, https:\/\/nestshostels.com\/wp-content\/uploads\/carneval-gran-canaria-2024-281x300.jpg 281w, https:\/\/nestshostels.com\/wp-content\/uploads\/carneval-gran-canaria-2024-768x820.jpg 768w\" sizes=\"auto, (max-width: 898px) 100vw, 898px\" \/><\/a><figcaption class=\"wp-element-caption\">carnaval gran canaria 2024<\/figcaption><\/figure>\n\n\n\n<figure class=\"wp-block-image size-large\"><a href=\"https:\/\/nestshostels.com\/wp-content\/uploads\/gran-Canaria-carnival-2024.jpg\"><img loading=\"lazy\" decoding=\"async\" width=\"799\" height=\"533\" data-id=\"9121\" src=\"https:\/\/nestshostels.com\/wp-content\/uploads\/gran-Canaria-carnival-2024.jpg\" alt=\"carnaval de gran canaria 2024\" class=\"wp-image-9121\" srcset=\"https:\/\/nestshostels.com\/wp-content\/uploads\/gran-Canaria-carnival-2024.jpg 799w, https:\/\/nestshostels.com\/wp-content\/uploads\/gran-Canaria-carnival-2024-300x200.jpg 300w, https:\/\/nestshostels.com\/wp-content\/uploads\/gran-Canaria-carnival-2024-768x512.jpg 768w\" sizes=\"auto, (max-width: 799px) 100vw, 799px\" \/><\/a><figcaption class=\"wp-element-caption\">carnaval de gran canaria 2024<\/figcaption><\/figure>\n\n\n\n<figure class=\"wp-block-image size-large\"><a href=\"https:\/\/nestshostels.com\/wp-content\/uploads\/carnival-gran-canaria-2024.jpg\"><img loading=\"lazy\" decoding=\"async\" width=\"768\" height=\"1024\" data-id=\"9120\" src=\"https:\/\/nestshostels.com\/wp-content\/uploads\/carnival-gran-canaria-2024-768x1024.jpg\" alt=\"carnaval gran canaria 2024\" class=\"wp-image-9120\" srcset=\"https:\/\/nestshostels.com\/wp-content\/uploads\/carnival-gran-canaria-2024-768x1024.jpg 768w, https:\/\/nestshostels.com\/wp-content\/uploads\/carnival-gran-canaria-2024-225x300.jpg 225w, https:\/\/nestshostels.com\/wp-content\/uploads\/carnival-gran-canaria-2024-1152x1536.jpg 1152w, https:\/\/nestshostels.com\/wp-content\/uploads\/carnival-gran-canaria-2024.jpg 1200w\" sizes=\"auto, (max-width: 768px) 100vw, 768px\" \/><\/a><figcaption class=\"wp-element-caption\">carnaval gran canaria 2024<\/figcaption><\/figure>\n<\/figure>\n\n<p><\/p>\n\n<p><\/p>\n\n<h2 class=\"wp-block-heading\">Maspalomas : Soleil, Plage et Carnaval<\/h2>\n\n<p><strong>Entre le 6 et le 17 mars 2024<\/strong>, Maspalomas t&rsquo;offre une exp\u00e9rience carnavalesque unique, m\u00e9langeant la <strong>beaut\u00e9 de ses plages avec la joie<\/strong> du carnaval. <strong>La Gala de la Reine et le Parade Internationale<\/strong> sont les moments forts, o\u00f9 des participants de diverses nationalit\u00e9s apportent une touche internationale \u00e0 l&rsquo;\u00e9v\u00e9nement.<\/p>\n\n<h2 class=\"wp-block-heading has-text-align-center\">Le programme du Carnaval de Maspalomas 2024<\/h2>\n\n<div class=\"event-wrapper\" style=\"float: none; clear: both; border: 1px solid #777; padding: 1rem;\" itemscope=\"\" itemtype=\"https:\/\/schema.org\/Event\">\n    <div class=\"event-date\" itemprop=\"startDate\" content=\"2013-09-14T21:30\">\n        <h2 style=\"text-align: left;\">MI\u00c9RCOLES, 6 MARZO 2024<\/h2>\n    <\/div>\n\n    <div class=\"event-name-title\" style=\"display:flex; justify-content: center\">\n        <div class=\"event-time\" style=\"margin-right: 1.5rem;\">\n            <h1>20:00<\/h1>\n        <\/div>\n\n        <div class=\"event-title\" itemprop=\"name\">\n            <h1>GALA PRESENTACI\u00d3N CANDIDAT 2024<\/h1>\n        <\/div>\n    <\/div>\n\n    <div class=\"event-venue\" style=\"float:right;\" itemprop=\"location\" itemscope=\"\" itemtype=\"https:\/\/schema.org\/Place\">\n        <span itemprop=\"name\"><p>FARO DEMASPALOMAS<\/p><\/span>\n        <a href=\"https:\/\/maps.app.goo.gl\/cmXzLdGTgfZfGukV6\" class=\"address\" itemprop=\"address\" itemscope=\"\" itemtype=\"https:\/\/schema.org\/PostalAddress\">\n            <span itemprop=\"streetAddress\">Pl. del Faro, 15<\/span><br\/>\n            <span itemprop=\"addressLocality\">Maspalomas<\/span>, <span itemprop=\"addressRegion\">Las Palmas<\/span> <span itemprop=\"postalCode\">35100<\/span>\n        <\/a>\n    <\/div>\n    <div style=\"float: none; clear: both;\"><\/div>\n<\/div>\n\n<div class=\"event-wrapper\" style=\"float: none; clear: both; border: 1px solid #777; padding: 1rem;\" itemscope=\"\" itemtype=\"https:\/\/schema.org\/Event\">\n    <div class=\"event-date\" itemprop=\"startDate\" content=\"2013-09-14T21:30\">\n        <h2 style=\"text-align: left;\">JUEVES, 7 MARZO 2024<\/h2>\n    <\/div>\n\n    <div class=\"event-name-title\" style=\"display:flex; justify-content: center\">\n        <div class=\"event-time\" style=\"margin-right: 1.5rem;\">\n            <h1>20:30<\/h1>\n        <\/div>\n\n        <div class=\"event-title\" itemprop=\"name\">\n            <h1>GALA INAUGURAL DEL 50 ANIVERSARIO DEL CARNAVAL INTERNACIONAL DE MASPALOMAS GALA GRAN DAMA<\/h1>\n        <\/div>\n    <\/div>\n\n    <div class=\"event-venue\" style=\"float:right;\" itemprop=\"location\" itemscope=\"\" itemtype=\"https:\/\/schema.org\/Place\">\n        <span itemprop=\"name\"><p>C.C.YUMBO<\/p><\/span>\n        <a href=\"https:\/\/maps.app.goo.gl\/wNGFPsm2FTDZrKF96\" class=\"address\" itemprop=\"address\" itemscope=\"\" itemtype=\"https:\/\/schema.org\/PostalAddress\">\n            <span itemprop=\"streetAddress\">Av. Estados Unidos, 54,<\/span><br\/>\n            <span itemprop=\"addressLocality\">Maspalomas<\/span>, <span itemprop=\"addressRegion\">Las Palmas<\/span> <span itemprop=\"postalCode\">35100<\/span>\n        <\/a>\n    <\/div><div style=\"float: none; clear: both;\"><\/div>\n<\/div>\n\n\n<div class=\"event-wrapper\" style=\"float: none; clear: both; border: 1px solid #777; padding: 1rem;\" itemscope=\"\" itemtype=\"https:\/\/schema.org\/Event\">\n    <div class=\"event-date\" itemprop=\"startDate\" content=\"2013-09-14T21:30\">\n        <h2 style=\"text-align: left;\">VIERNES, 8 MARZO 2024<\/h2>\n    <\/div>\n\n    <div class=\"event-name-title\" style=\"display:flex; justify-content: center\">\n        <div class=\"event-time\" style=\"margin-right: 1.5rem;\">\n            <h1>19:30<\/h1>\n        <\/div>\n\n        <div class=\"event-title\" itemprop=\"name\">\n            <h1>GALA REINADO INFANTIL<\/h1>\n        <\/div>\n    <\/div>\n    <div class=\"event-name-title\" style=\"display:flex; justify-content: center\">\n        <div class=\"event-time\" style=\"margin-right: 1.5rem;\">\n            <h1>23:00<\/h1>\n        <\/div>\n\n        <div class=\"event-title\" itemprop=\"name\">\n            <h1>MOGOLL\u00d3N<\/h1>\n        <\/div>\n    <\/div>\n\n    <div class=\"event-venue\" style=\"float:right;\" itemprop=\"location\" itemscope=\"\" itemtype=\"https:\/\/schema.org\/Place\">\n        <span itemprop=\"name\"><p>C.C.YUMBO<\/p><\/span>\n        <a href=\"https:\/\/maps.app.goo.gl\/wNGFPsm2FTDZrKF96\" class=\"address\" itemprop=\"address\" itemscope=\"\" itemtype=\"https:\/\/schema.org\/PostalAddress\">\n            <span itemprop=\"streetAddress\">Av. Estados Unidos, 54,<\/span><br\/>\n            <span itemprop=\"addressLocality\">Maspalomas<\/span>, <span itemprop=\"addressRegion\">Las Palmas<\/span> <span itemprop=\"postalCode\">35100<\/span>\n        <\/a>\n    <\/div><div style=\"float: none; clear: both;\"><\/div>\n<\/div>\n\n<div class=\"event-wrapper\" style=\"float: none; clear: both; border: 1px solid #777; padding: 1rem;\" itemscope=\"\" itemtype=\"https:\/\/schema.org\/Event\">\n    <div class=\"event-date\" itemprop=\"startDate\" content=\"2013-09-14T21:30\">\n        <h2 style=\"text-align: left;\">S\u00c1BADO ,9 MARZO 2024<\/h2>\n    <\/div>\n\n    <div class=\"event-name-title\" style=\"display:flex; justify-content: center\">\n        <div class=\"event-time\" style=\"margin-right: 1.5rem;\">\n            <h1>21:00 &#8211; 21:00<\/h1>\n        <\/div>\n\n        <div class=\"event-title\" itemprop=\"name\">\n            <h1>GALA DE LA REINA<\/h1>\n        <\/div>\n    <\/div>\n    <div class=\"event-name-title\" style=\"display:flex; justify-content: center\">\n        <div class=\"event-time\" style=\"margin-right: 1.5rem;\">\n            <h1>23:00<\/h1>\n        <\/div>\n\n        <div class=\"event-title\" itemprop=\"name\">\n            <h1>MOGOLL\u00d3N<\/h1>\n        <\/div>\n    <\/div>\n\n    <div class=\"event-venue\" style=\"float:right;\" itemprop=\"location\" itemscope=\"\" itemtype=\"https:\/\/schema.org\/Place\">\n        <span itemprop=\"name\"><p>C.C.YUMBO<\/p><\/span>\n        <a href=\"https:\/\/maps.app.goo.gl\/wNGFPsm2FTDZrKF96\" class=\"address\" itemprop=\"address\" itemscope=\"\" itemtype=\"https:\/\/schema.org\/PostalAddress\">\n            <span itemprop=\"streetAddress\">Av. Estados Unidos, 54,<\/span><br\/>\n            <span itemprop=\"addressLocality\">Maspalomas<\/span>, <span itemprop=\"addressRegion\">Las Palmas<\/span> <span itemprop=\"postalCode\">35100<\/span>\n        <\/a>\n    <\/div><div style=\"float: none; clear: both;\"><\/div>\n<\/div>\n\n\n<div class=\"event-wrapper\" style=\"float: none; clear: both; border: 1px solid #777; padding: 1rem;\" itemscope=\"\" itemtype=\"https:\/\/schema.org\/Event\">\n    <div class=\"event-date\" itemprop=\"startDate\" content=\"2013-09-14T21:30\">\n        <h2 style=\"text-align: left;\">DOMINGO, 10 MARZO 2024<\/h2>\n    <\/div>\n\n    <div class=\"event-name-title\" style=\"display:flex; justify-content: center\">\n        <div class=\"event-time\" style=\"margin-right: 1.5rem;\">\n            <h1>11:00 <\/h1>\n        <\/div>\n\n        <div class=\"event-title\" itemprop=\"name\">\n            <h1>CABALGATA INFANTIL<\/h1>\n        <\/div>\n    <\/div>\n    <div class=\"event-name-title\" style=\"display:flex; justify-content: center\">\n        <div class=\"event-time\" style=\"margin-right: 1.5rem;\">\n            <h1>21:00<\/h1>\n        <\/div>\n\n        <div class=\"event-title\" itemprop=\"name\">\n            <h1>ENCUENTRO DE COMPARSAS<\/h1>\n        <\/div>\n    <\/div>\n\n    <div class=\"event-venue\" style=\"float:right;\" itemprop=\"location\" itemscope=\"\" itemtype=\"https:\/\/schema.org\/Place\">\n        <span itemprop=\"name\"><p>Salida desde Mirador de las Dunas hasta C.C.YUMBO<\/p><\/span>\n        <a href=\"https:\/\/maps.app.goo.gl\/wNGFPsm2FTDZrKF96\" class=\"address\" itemprop=\"address\" itemscope=\"\" itemtype=\"https:\/\/schema.org\/PostalAddress\">\n            <span itemprop=\"streetAddress\">Av. Estados Unidos, 54,<\/span><br\/>\n            <span itemprop=\"addressLocality\">Maspalomas<\/span>, <span itemprop=\"addressRegion\">Las Palmas<\/span> <span itemprop=\"postalCode\">35100<\/span>\n        <\/a>\n    <\/div><div style=\"float: none; clear: both;\"><\/div>\n<\/div>\n\n<div class=\"event-wrapper\" style=\"float: none; clear: both; border: 1px solid #777; padding: 1rem;\" itemscope=\"\" itemtype=\"https:\/\/schema.org\/Event\">\n    <div class=\"event-date\" itemprop=\"startDate\" content=\"2013-09-14T21:30\">\n        <h2 style=\"text-align: left;\">LUNES, 11 MARZO 2024<\/h2>\n    <\/div>\n\n    <div class=\"event-name-title\" style=\"display:flex; justify-content: center\">\n        <div class=\"event-time\" style=\"margin-right: 1.5rem;\">\n            <h1>18:00<\/h1>\n        <\/div>\n\n        <div class=\"event-title\" itemprop=\"name\">\n            <h1>GALA SIN BARRERAS<\/h1>\n        <\/div>\n    <\/div>\n\n    <div class=\"event-venue\" style=\"float:right;\" itemprop=\"location\" itemscope=\"\" itemtype=\"https:\/\/schema.org\/Place\">\n        <span itemprop=\"name\"><p>C.C.YUMBO<\/p><\/span>\n        <a href=\"https:\/\/maps.app.goo.gl\/wNGFPsm2FTDZrKF96\" class=\"address\" itemprop=\"address\" itemscope=\"\" itemtype=\"https:\/\/schema.org\/PostalAddress\">\n            <span itemprop=\"streetAddress\">Av. Estados Unidos, 54,<\/span><br\/>\n            <span itemprop=\"addressLocality\">Maspalomas<\/span>, <span itemprop=\"addressRegion\">Las Palmas<\/span> <span itemprop=\"postalCode\">35100<\/span>\n        <\/a>\n    <\/div><div style=\"float: none; clear: both;\"><\/div>\n<\/div>\n\n<div class=\"event-wrapper\" style=\"float: none; clear: both; border: 1px solid #777; padding: 1rem;\" itemscope=\"\" itemtype=\"https:\/\/schema.org\/Event\">\n    <div class=\"event-date\" itemprop=\"startDate\" content=\"2013-09-14T21:30\">\n        <h2 style=\"text-align: left;\">MARTES, 12 MARZO 2024<\/h2>\n    <\/div>\n\n    <div class=\"event-name-title\" style=\"display:flex; justify-content: center\">\n        <div class=\"event-time\" style=\"margin-right: 1.5rem;\">\n            <h1>19:00<\/h1>\n        <\/div>\n\n        <div class=\"event-title\" itemprop=\"name\">\n            <h1>FESTIVAL COREOGR\u00c1FICO<\/h1>\n        <\/div>\n    <\/div>\n\n    <div class=\"event-venue\" style=\"float:right;\" itemprop=\"location\" itemscope=\"\" itemtype=\"https:\/\/schema.org\/Place\">\n        <span itemprop=\"name\"><p>C.C.YUMBO<\/p><\/span>\n        <a href=\"https:\/\/maps.app.goo.gl\/wNGFPsm2FTDZrKF96\" class=\"address\" itemprop=\"address\" itemscope=\"\" itemtype=\"https:\/\/schema.org\/PostalAddress\">\n            <span itemprop=\"streetAddress\">Av. Estados Unidos, 54,<\/span><br\/>\n            <span itemprop=\"addressLocality\">Maspalomas<\/span>, <span itemprop=\"addressRegion\">Las Palmas<\/span> <span itemprop=\"postalCode\">35100<\/span>\n        <\/a>\n    <\/div><div style=\"float: none; clear: both;\"><\/div>\n<\/div>\n\n\n<div class=\"event-wrapper\" style=\"float: none; clear: both; border: 1px solid #777; padding: 1rem;\" itemscope=\"\" itemtype=\"https:\/\/schema.org\/Event\">\n    <div class=\"event-date\" itemprop=\"startDate\" content=\"2013-09-14T21:30\">\n        <h2 style=\"text-align: left;\">MI\u00c9RCOLES, 13 MARZO 2024<\/h2>\n    <\/div>\n\n    <div class=\"event-name-title\" style=\"display:flex; justify-content: center\">\n        <div class=\"event-time\" style=\"margin-right: 1.5rem;\">\n            <h1>17:00<\/h1>\n        <\/div>\n\n        <div class=\"event-title\" itemprop=\"name\">\n            <h1>CARNAVAL CANINO 2024<\/h1>\n        <\/div>\n    <\/div>\n\n    <div class=\"event-venue\" style=\"float:right;\" itemprop=\"location\" itemscope=\"\" itemtype=\"https:\/\/schema.org\/Place\">\n        <span itemprop=\"name\"><p>C.C.YUMBO<\/p><\/span>\n        <a href=\"https:\/\/maps.app.goo.gl\/wNGFPsm2FTDZrKF96\" class=\"address\" itemprop=\"address\" itemscope=\"\" itemtype=\"https:\/\/schema.org\/PostalAddress\">\n            <span itemprop=\"streetAddress\">Av. Estados Unidos, 54,<\/span><br\/>\n            <span itemprop=\"addressLocality\">Maspalomas<\/span>, <span itemprop=\"addressRegion\">Las Palmas<\/span> <span itemprop=\"postalCode\">35100<\/span>\n        <\/a>\n    <\/div><div style=\"float: none; clear: both;\"><\/div>\n<\/div>\n\n\n<div class=\"event-wrapper\" style=\"float: none; clear: both; border: 1px solid #777; padding: 1rem;\" itemscope=\"\" itemtype=\"https:\/\/schema.org\/Event\">\n    <div class=\"event-date\" itemprop=\"startDate\" content=\"2013-09-14T21:30\">\n        <h2 style=\"text-align: left;\">JUEVES, 14 MARZO 2024<\/h2>\n    <\/div>\n\n    <div class=\"event-name-title\" style=\"display:flex; justify-content: center\">\n        <div class=\"event-time\" style=\"margin-right: 1.5rem;\">\n            <h1>21:00<\/h1>\n        <\/div>\n\n        <div class=\"event-title\" itemprop=\"name\">\n            <h1>GALA DRAG QUEEN<\/h1>\n        <\/div>\n    <\/div>\n    <div class=\"event-name-title\" style=\"display:flex; justify-content: center\">\n        <div class=\"event-time\" style=\"margin-right: 1.5rem;\">\n            <h1>23:30<\/h1>\n        <\/div>\n\n        <div class=\"event-title\" itemprop=\"name\">\n            <h1>MOGOLL\u00d3N<\/h1>\n        <\/div>\n    <\/div>\n\n    <div class=\"event-venue\" style=\"float:right;\" itemprop=\"location\" itemscope=\"\" itemtype=\"https:\/\/schema.org\/Place\">\n        <span itemprop=\"name\"><p>C.C.YUMBO<\/p><\/span>\n        <a href=\"https:\/\/maps.app.goo.gl\/wNGFPsm2FTDZrKF96\" class=\"address\" itemprop=\"address\" itemscope=\"\" itemtype=\"https:\/\/schema.org\/PostalAddress\">\n            <span itemprop=\"streetAddress\">Av. Estados Unidos, 54,<\/span><br\/>\n            <span itemprop=\"addressLocality\">Maspalomas<\/span>, <span itemprop=\"addressRegion\">Las Palmas<\/span> <span itemprop=\"postalCode\">35100<\/span>\n        <\/a>\n    <\/div><div style=\"float: none; clear: both;\"><\/div>\n<\/div>\n\n\n<div style=\"float: none; clear: both; border: 1px solid #777; padding: 1rem;\">\n    <div class=\"event-wrapper\" itemscope=\"\" itemtype=\"https:\/\/schema.org\/Event\">\n        <div class=\"event-date\" itemprop=\"startDate\" content=\"2013-09-14T21:30\">\n            <h2 style=\"text-align: left;\">VIERNES, 15 MARZO 2024 <\/h2>\n            <h4 style=\"text-align: left;\">DIA DEL TURISTA<\/h4>\n        <\/div>\n\n        <div class=\"event-name-title\" style=\"display:flex; justify-content: center\">\n            <div class=\"event-time\" style=\"margin-right: 1.5rem;\">\n                <h1>12:00<\/h1>\n            <\/div>\n\n            <div class=\"event-title\" itemprop=\"name\">\n                <h1>RESCATE DE LA SARDINA<\/h1>\n            <\/div>\n        <\/div>\n\n        <div class=\"event-venue\" style=\"float:right;\" itemprop=\"location\" itemscope=\"\" itemtype=\"https:\/\/schema.org\/Place\">\n            <span itemprop=\"name\"><p>PLAYA DE MASPALOMAS \/ PLAYA DEL INGL\u00c9S<\/p><\/span>\n            <a href=\"https:\/\/maps.app.goo.gl\/YrZxMQoPVr7Pwd9t6\" class=\"address\" itemprop=\"address\" itemscope=\"\" itemtype=\"https:\/\/schema.org\/PostalAddress\">\n                <span itemprop=\"streetAddress\">Av. Estados Unidos, 54<\/span><br\/>\n                <span itemprop=\"addressLocality\">Maspalomas<\/span>, <span itemprop=\"addressRegion\">Las Palmas<\/span> <span itemprop=\"postalCode\">35100<\/span>\n            <\/a>\n        <\/div><div style=\"float: none; clear: both;\"><\/div>\n    <\/div>\n    <div class=\"event-wrapper\" itemscope=\"\" itemtype=\"https:\/\/schema.org\/Event\">\n        <div class=\"event-date\" itemprop=\"startDate\" content=\"2013-09-14T21:30\">\n            <h2 style=\"text-align: left; visibility: hidden;\">VIERNES, 15 MARZO 2024 <\/h2>\n        <\/div>\n\n        <div class=\"event-name-title\" style=\"display:flex; justify-content: center\">\n            <div class=\"event-time\" style=\"margin-right: 1.5rem;\">\n                <h1>14:30<\/h1>\n            <\/div>\n\n            <div class=\"event-title\" itemprop=\"name\">\n                <h1>CONCIERTO \u201cCARNAVAL AL SOL\u201d CON LOS 40<\/h1>\n            <\/div>\n        <\/div>\n\n        <div class=\"event-venue\" style=\"float:right;\" itemprop=\"location\" itemscope=\"\" itemtype=\"https:\/\/schema.org\/Place\">\n            <span itemprop=\"name\"><p>C.C.ANEXO II<\/p><\/span>\n            <a href=\"https:\/\/maps.app.goo.gl\/g4quq8GsXtSjM3BM9\" class=\"address\" itemprop=\"address\" itemscope=\"\" itemtype=\"https:\/\/schema.org\/PostalAddress\">\n                <span itemprop=\"streetAddress\">Av. 8 de Marzo, 8<\/span><br\/>\n                <span itemprop=\"addressLocality\">Maspalomas<\/span>, <span itemprop=\"addressRegion\">Las Palmas<\/span> <span itemprop=\"postalCode\">35100<\/span>\n            <\/a>\n        <\/div><div style=\"float: none; clear: both;\"><\/div>\n    <\/div>\n    <div class=\"event-wrapper\" itemscope=\"\" itemtype=\"https:\/\/schema.org\/Event\">\n        <div class=\"event-date\" itemprop=\"startDate\" content=\"2013-09-14T21:30\">\n            <h2 style=\"text-align: left; visibility: hidden;\">VIERNES, 15 MARZO 2024 <\/h2>\n        <\/div>\n\n        <div class=\"event-name-title\" style=\"display:flex; justify-content: center\">\n            <div class=\"event-time\" style=\"margin-right: 1.5rem;\">\n                <h1>21:00<\/h1>\n            <\/div>\n\n            <div class=\"event-title\" itemprop=\"name\">\n                <h1>GALA DEL TURISTA<\/h1>\n            <\/div>\n        <\/div>\n        <div class=\"event-name-title\" style=\"display:flex; justify-content: center\">\n            <div class=\"event-time\" style=\"margin-right: 1.5rem;\">\n                <h1>23:00<\/h1>\n            <\/div>\n\n            <div class=\"event-title\" itemprop=\"name\">\n                <h1>MOGOLL\u00d3N<\/h1>\n            <\/div>\n        <\/div>\n\n        <div class=\"event-venue\" style=\"float:right;\" itemprop=\"location\" itemscope=\"\" itemtype=\"https:\/\/schema.org\/Place\">\n            <span itemprop=\"name\"><p>C.C.YUMBO<\/p><\/span>\n            <a href=\"https:\/\/maps.app.goo.gl\/wNGFPsm2FTDZrKF96\" class=\"address\" itemprop=\"address\" itemscope=\"\" itemtype=\"https:\/\/schema.org\/PostalAddress\">\n                <span itemprop=\"streetAddress\">Av. Estados Unidos, 54,<\/span><br\/>\n                <span itemprop=\"addressLocality\">Maspalomas<\/span>, <span itemprop=\"addressRegion\">Las Palmas<\/span> <span itemprop=\"postalCode\">35100<\/span>\n            <\/a>\n        <\/div><div style=\"float: none; clear: both;\"><\/div>\n    <\/div>\n<\/div>\n\n<div style=\"float: none; clear: both; border: 1px solid #777; padding: 1rem;\">\n    <div class=\"event-wrapper\" itemscope=\"\" itemtype=\"https:\/\/schema.org\/Event\">\n        <div class=\"event-date\" itemprop=\"startDate\" content=\"2013-09-14T21:30\">\n            <h2 style=\"text-align: left;\">S\u00c1BADO, 16 MARZO 2024<\/h2>\n        <\/div>\n\n        <div class=\"event-name-title\" style=\"display:flex; justify-content: center\">\n            <div class=\"event-time\" style=\"margin-right: 1.5rem;\">\n                <h1>17:00<\/h1>\n            <\/div>\n\n            <div class=\"event-title\" itemprop=\"name\">\n                <h1>GRAN CABALGATA DEL CARNAVAL<\/h1>\n            <\/div>\n        <\/div>\n        <div class=\"event-venue\" style=\"float:right;\" itemprop=\"location\" itemscope=\"\" itemtype=\"https:\/\/schema.org\/Place\">\n            <span itemprop=\"name\"><p>Salida desde Parque Tropical<\/p><\/span>\n            <a href=\"https:\/\/maps.app.goo.gl\/pTUaWfuYWgK9msdX6\" class=\"address\" itemprop=\"address\" itemscope=\"\" itemtype=\"https:\/\/schema.org\/PostalAddress\">\n                <span itemprop=\"streetAddress\">Avda. de Italia,\n     Avda.de Gran Canaria, Avda. 8 De Marzo, finaliza en Avda.Touroperador Tui.<\/span><br\/>\n                <span itemprop=\"addressLocality\">Maspalomas<\/span>, <span itemprop=\"addressRegion\">Las Palmas<\/span> <span itemprop=\"postalCode\">35100<\/span>\n            <\/a>\n        <\/div><div style=\"float: none; clear: both;\"><\/div>\n    <\/div>\n    <div class=\"event-wrapper\" itemscope=\"\" itemtype=\"https:\/\/schema.org\/Event\">\n        <div class=\"event-date\" itemprop=\"startDate\" content=\"2013-09-14T21:30\">\n            <h2 style=\"text-align: left; visibility: hidden;\">S\u00c1BADO, 16 MARZO 2024<\/h2>\n        <\/div>\n\n        <div class=\"event-name-title\" style=\"display:flex; justify-content: center\">\n            <div class=\"event-time\" style=\"margin-right: 1.5rem;\">\n                <h1>20:00<\/h1>\n            <\/div>\n\n            <div class=\"event-title\" itemprop=\"name\">\n                <h1>GRAN MOGOLL\u00d3N<\/h1>\n            <\/div>\n        <\/div>\n\n\n        <div class=\"event-venue\" style=\"float:right;\" itemprop=\"location\" itemscope=\"\" itemtype=\"https:\/\/schema.org\/Place\">\n            <span itemprop=\"name\"><p>C.C.YUMBO<\/p><\/span>\n            <a href=\"https:\/\/maps.app.goo.gl\/wNGFPsm2FTDZrKF96\" class=\"address\" itemprop=\"address\" itemscope=\"\" itemtype=\"https:\/\/schema.org\/PostalAddress\">\n                <span itemprop=\"streetAddress\">Av. Estados Unidos, 54,<\/span><br\/>\n                <span itemprop=\"addressLocality\">Maspalomas<\/span>, <span itemprop=\"addressRegion\">Las Palmas<\/span> <span itemprop=\"postalCode\">35100<\/span>\n            <\/a>\n        <\/div><div style=\"float: none; clear: both;\"><\/div>\n    <\/div>\n<\/div>\n\n\n\n<div style=\"float: none; clear: both; border: 1px solid #777; padding: 1rem;\">\n    <div class=\"event-wrapper\" itemscope=\"\" itemtype=\"https:\/\/schema.org\/Event\">\n        <div class=\"event-date\" itemprop=\"startDate\" content=\"2013-09-14T21:30\">\n            <h2 style=\"text-align: left;\">DOMINGO, 17 MARZO 2024<\/h2>\n        <\/div>\n\n        <div class=\"event-name-title\" style=\"display:flex; justify-content: center\">\n            <div class=\"event-time\" style=\"margin-right: 1.5rem;\">\n                <h1>19:00<\/h1>\n            <\/div>\n\n            <div class=\"event-title\" itemprop=\"name\">\n                <h1>RECORRIDO DE LA SARDINA<\/h1>\n            <\/div>\n        <\/div>\n\n        <div class=\"event-venue\" style=\"float:right;\" itemprop=\"location\" itemscope=\"\" itemtype=\"https:\/\/schema.org\/Place\">\n            <span itemprop=\"name\"><p>Salida desde Avda. de Espa\u00f1a, Avda. 8 De Marzo,\n    finalizaen C.C. Anexo II.<\/p><\/span>\n            <a href=\"https:\/\/maps.app.goo.gl\/iD6SfdXJmdtN91NU9\" class=\"address\" itemprop=\"address\" itemscope=\"\" itemtype=\"https:\/\/schema.org\/PostalAddress\">\n                <span itemprop=\"streetAddress\">Avda. de Espa\u00f1a<\/span><br\/>\n                <span itemprop=\"addressLocality\">Maspalomas<\/span>, <span itemprop=\"addressRegion\">Las Palmas<\/span> <span itemprop=\"postalCode\">35100<\/span>\n            <\/a>\n        <\/div><div style=\"float: none; clear: both;\"><\/div>\n    <\/div>\n    <div class=\"event-wrapper\" itemscope=\"\" itemtype=\"https:\/\/schema.org\/Event\">\n        <div class=\"event-date\" itemprop=\"startDate\" content=\"2013-09-14T21:30\">\n            <h2 style=\"text-align: left; visibility: hidden;\">DOMINGO, 17 MARZO 2024<\/h2>\n        <\/div>\n\n        <div class=\"event-name-title\" style=\"display:flex; justify-content: center\">\n            <div class=\"event-time\" style=\"margin-right: 1.5rem;\">\n                <h1>20:00<\/h1>\n            <\/div>\n\n            <div class=\"event-title\" itemprop=\"name\">\n                <h1>LECTURA DEL TESTAMENTO<\/h1>\n            <\/div>\n        <\/div>\n\n        <div class=\"event-venue\" style=\"float:right;\" itemprop=\"location\" itemscope=\"\" itemtype=\"https:\/\/schema.org\/Place\">\n            <span itemprop=\"name\"><p>C.C.ANEXO II<\/p><\/span>\n            <a href=\"https:\/\/maps.app.goo.gl\/g4quq8GsXtSjM3BM9\" class=\"address\" itemprop=\"address\" itemscope=\"\" itemtype=\"https:\/\/schema.org\/PostalAddress\">\n                <span itemprop=\"streetAddress\">Av. 8 de Marzo, 8<\/span><br\/>\n                <span itemprop=\"addressLocality\">Maspalomas<\/span>, <span itemprop=\"addressRegion\">Las Palmas<\/span> <span itemprop=\"postalCode\">35100<\/span>\n            <\/a>\n        <\/div><div style=\"float: none; clear: both;\"><\/div>\n    <\/div>\n    <div class=\"event-wrapper\" itemscope=\"\" itemtype=\"https:\/\/schema.org\/Event\">\n        <div class=\"event-date\" itemprop=\"startDate\" content=\"2013-09-14T21:30\">\n            <h2 style=\"text-align: left; visibility: hidden;\">DOMINGO, 17 MARZO 2024<\/h2>\n        <\/div>\n\n        <div class=\"event-name-title\" style=\"display:flex; justify-content: center\">\n            <div class=\"event-time\" style=\"margin-right: 1.5rem;\">\n                <h1>20:30<\/h1>\n            <\/div>\n\n            <div class=\"event-title\" itemprop=\"name\">\n                <h1>ENTIERRO DE LA SARDINA<\/h1>\n            <\/div>\n        <\/div>\n\n        <div class=\"event-venue\" style=\"float:right;\" itemprop=\"location\" itemscope=\"\" itemtype=\"https:\/\/schema.org\/Place\">\n            <span itemprop=\"name\"><p>C.C.ANEXO II<\/p><\/span>\n            <a href=\"https:\/\/maps.app.goo.gl\/g4quq8GsXtSjM3BM9\" class=\"address\" itemprop=\"address\" itemscope=\"\" itemtype=\"https:\/\/schema.org\/PostalAddress\">\n                <span itemprop=\"streetAddress\">Av. 8 de Marzo, 8<\/span><br\/>\n                <span itemprop=\"addressLocality\">Maspalomas<\/span>, <span itemprop=\"addressRegion\">Las Palmas<\/span> <span itemprop=\"postalCode\">35100<\/span>\n            <\/a>\n        <\/div><div style=\"float: none; clear: both;\"><\/div>\n    <\/div>\n    <div class=\"event-wrapper\" itemscope=\"\" itemtype=\"https:\/\/schema.org\/Event\">\n        <div class=\"event-date\" itemprop=\"startDate\" content=\"2013-09-14T21:30\">\n            <h2 style=\"text-align: left; visibility: hidden;\">DOMINGO, 17 MARZO 2024<\/h2>\n        <\/div>\n\n        <div class=\"event-name-title\" style=\"display:flex; justify-content: center\">\n            <div class=\"event-time\" style=\"margin-right: 1.5rem;\">\n                <h1>21:00<\/h1>\n            <\/div>\n\n            <div class=\"event-title\" itemprop=\"name\">\n                <h1>CONCIERTO Y FUEGOS ARTIFICIALES<\/h1>\n            <\/div>\n        <\/div>\n\n        <div class=\"event-venue\" style=\"float:right;\" itemprop=\"location\" itemscope=\"\" itemtype=\"https:\/\/schema.org\/Place\">\n            <span itemprop=\"name\"><p>C.C.ANEXO II<\/p><\/span>\n            <a href=\"https:\/\/maps.app.goo.gl\/g4quq8GsXtSjM3BM9\" class=\"address\" itemprop=\"address\" itemscope=\"\" itemtype=\"https:\/\/schema.org\/PostalAddress\">\n                <span itemprop=\"streetAddress\">Av. 8 de Marzo, 8<\/span><br\/>\n                <span itemprop=\"addressLocality\">Maspalomas<\/span>, <span itemprop=\"addressRegion\">Las Palmas<\/span> <span itemprop=\"postalCode\">35100<\/span>\n            <\/a>\n        <\/div><div style=\"float: none; clear: both;\"><\/div>\n    <\/div>\n<\/div>\n\n<p>Et voici le <strong>programme du carnaval de Maspalomas 2024, plein d&rsquo;\u00e9v\u00e9nements \u00e0 ne pas manquer, <\/strong>ne le rate pas ! Le carnaval Gran Canaria 2024 et le carnaval Maspalomas 2024 promettent d&rsquo;\u00eatre des festivit\u00e9s color\u00e9es, musicales et joyeuses, avec un programme con\u00e7u pour s\u00e9duire tous les publics.<\/p>\n\n<p>Le programme du carnaval de Maspalomas 2024 <strong>inclut aussi des \u00e9v\u00e9nements innovants comme le carnaval canin<\/strong> 2024, un \u00e9v\u00e9nement qui montre que la f\u00eate n&rsquo;est pas r\u00e9serv\u00e9e qu&rsquo;aux humains.<\/p>\n\n<p>Pour tous ceux qui adorent <strong le=\"\" rythme=\"\" et=\"\" la=\"\" danse=\"\" les=\"\" comparsas=\"\" de=\"\" carnaval=\"\" vont=\"\" d=\"\" leur=\"\" talent=\"\" cr=\"\">, transformant les rues en un spectacle vibrant de sons et de couleurs.<\/strong><\/p>\n\n<p>Parmi les \u00e9v\u00e9nements du carnaval, <strong>tu ne veux pas rater la Gala Drag Queen,<\/strong> un spectacle qui se distingue par son originalit\u00e9 et qui promeut l&rsquo;inclusion et la diversit\u00e9.<\/p>\n\n<p><strong>On t&rsquo;attend<\/strong> pour partager ensemble la magie du carnaval !<\/p>\n\n<p><\/p>\n\n<figure class=\"wp-block-gallery has-nested-images columns-default is-cropped wp-block-gallery-2 is-layout-flex wp-block-gallery-is-layout-flex\">\n<figure class=\"wp-block-image size-large\"><img loading=\"lazy\" decoding=\"async\" width=\"1024\" height=\"738\" data-id=\"9124\" src=\"https:\/\/nestshostels.com\/wp-content\/uploads\/carnaval-canino-gran-canaria.jpg\" alt=\"\" class=\"wp-image-9124\" srcset=\"https:\/\/nestshostels.com\/wp-content\/uploads\/carnaval-canino-gran-canaria.jpg 1024w, https:\/\/nestshostels.com\/wp-content\/uploads\/carnaval-canino-gran-canaria-300x216.jpg 300w, https:\/\/nestshostels.com\/wp-content\/uploads\/carnaval-canino-gran-canaria-768x554.jpg 768w\" sizes=\"auto, (max-width: 1024px) 100vw, 1024px\" \/><\/figure>\n\n\n\n<figure class=\"wp-block-image size-large\"><img loading=\"lazy\" decoding=\"async\" width=\"1024\" height=\"657\" data-id=\"9122\" src=\"https:\/\/nestshostels.com\/wp-content\/uploads\/carneval-canino-las-palmas-gran-canaria-1024x657.jpg\" alt=\"\" class=\"wp-image-9122\" srcset=\"https:\/\/nestshostels.com\/wp-content\/uploads\/carneval-canino-las-palmas-gran-canaria-1024x657.jpg 1024w, https:\/\/nestshostels.com\/wp-content\/uploads\/carneval-canino-las-palmas-gran-canaria-300x192.jpg 300w, https:\/\/nestshostels.com\/wp-content\/uploads\/carneval-canino-las-palmas-gran-canaria-768x493.jpg 768w, https:\/\/nestshostels.com\/wp-content\/uploads\/carneval-canino-las-palmas-gran-canaria-1536x986.jpg 1536w, https:\/\/nestshostels.com\/wp-content\/uploads\/carneval-canino-las-palmas-gran-canaria.jpg 2048w\" sizes=\"auto, (max-width: 1024px) 100vw, 1024px\" \/><\/figure>\n\n\n\n<figure class=\"wp-block-image size-large\"><img loading=\"lazy\" decoding=\"async\" width=\"1024\" height=\"683\" data-id=\"9123\" src=\"https:\/\/nestshostels.com\/wp-content\/uploads\/carneval-canino-maspalomas-2024-1024x683.jpeg\" alt=\"\" class=\"wp-image-9123\" srcset=\"https:\/\/nestshostels.com\/wp-content\/uploads\/carneval-canino-maspalomas-2024-1024x683.jpeg 1024w, https:\/\/nestshostels.com\/wp-content\/uploads\/carneval-canino-maspalomas-2024-300x200.jpeg 300w, https:\/\/nestshostels.com\/wp-content\/uploads\/carneval-canino-maspalomas-2024-768x512.jpeg 768w, https:\/\/nestshostels.com\/wp-content\/uploads\/carneval-canino-maspalomas-2024.jpeg 1402w\" sizes=\"auto, (max-width: 1024px) 100vw, 1024px\" \/><\/figure>\n\n\n\n<figure class=\"wp-block-image size-large\"><img loading=\"lazy\" decoding=\"async\" width=\"1024\" height=\"713\" data-id=\"9125\" src=\"https:\/\/nestshostels.com\/wp-content\/uploads\/carneval-canino-maspalomas-1024x713.jpg\" alt=\"\" class=\"wp-image-9125\" srcset=\"https:\/\/nestshostels.com\/wp-content\/uploads\/carneval-canino-maspalomas-1024x713.jpg 1024w, https:\/\/nestshostels.com\/wp-content\/uploads\/carneval-canino-maspalomas-300x209.jpg 300w, https:\/\/nestshostels.com\/wp-content\/uploads\/carneval-canino-maspalomas-768x535.jpg 768w, https:\/\/nestshostels.com\/wp-content\/uploads\/carneval-canino-maspalomas-1536x1070.jpg 1536w, https:\/\/nestshostels.com\/wp-content\/uploads\/carneval-canino-maspalomas.jpg 2048w\" sizes=\"auto, (max-width: 1024px) 100vw, 1024px\" \/><\/figure>\n<\/figure>\n\n<p><\/p>\n\n<h2 class=\"wp-block-heading\">G\u00e1ldar : Tradition et Couleurs<\/h2>\n\n<p>G\u00e1ldar rejoint la f\u00eate du <strong>2 au 17 f\u00e9vrier,<\/strong> avec des \u00e9v\u00e9nements qui mettent en avant la tradition et le folklore. L&rsquo;Entierro de la Sardina est l&rsquo;un de ses actes les plus embl\u00e9matiques, une repr\u00e9sentation th\u00e9\u00e2trale pleine d&rsquo;humour et de critique sociale.<\/p>\n\n<p><\/p>\n\n<h2 class=\"wp-block-heading\">Aguimes et Teror : L&rsquo;Esprit du Carnaval dans les Villages<\/h2>\n\n<p>Aguimes c\u00e9l\u00e8bre son Carnaval <strong>le 15 f\u00e9vrier, tandis que Teror le fait le 13 f\u00e9vrier<\/strong>. Les deux municipalit\u00e9s se distinguent par leurs c\u00e9l\u00e9brations plus intimes mais tout aussi significatives, o\u00f9 la participation de la communaut\u00e9 et l&rsquo;esprit festif remplissent les rues d&rsquo;histoire et de culture.<\/p>\n\n<p><\/p>\n\n<h3 class=\"wp-block-heading\">Conclusions<\/h3>\n\n<p><strong>Le Carnaval 2024 de Gran Canaria est une exp\u00e9rience \u00e0 ne pas manquer<\/strong> qui offre quelque chose pour tout le monde, des spectacles massifs \u00e0 Las Palmas et Maspalomas aux c\u00e9l\u00e9brations plus traditionnelles \u00e0 G\u00e1ldar, Aguimes et Teror. <strong>L&rsquo;\u00eele se transforme en un tapis de musique, de danse et de couleur o\u00f9 la joie et le plaisir sont les protagonistes<\/strong>. Si tu as l&rsquo;opportunit\u00e9 de visiter Gran Canaria pendant ces dates, pr\u00e9pare-toi \u00e0 vivre l&rsquo;une des f\u00eates les plus m\u00e9morables de ta vie.<strong> <\/strong><\/p>\n\n<p><a href=\"https:\/\/nestshostels.com\/cultura\/carnaval-de-gran-canaria-2025-programa\/\">Programme du Carnaval de Gran Canaria 2025 ici<\/a><\/p>\n\n<p><strong>N&rsquo;oublie pas ton d\u00e9guisement !<\/strong><\/p>\n\n<iframe loading=\"lazy\" width=\"560\" height=\"315\" src=\"https:\/\/www.youtube.com\/embed\/efbaMVaYm3o?si=sm8-h47xAq6BAsRL\" title=\"YouTube video player\" frameborder=\"0\" allow=\"accelerometer; autoplay; clipboard-write; encrypted-media; gyroscope; picture-in-picture; web-share\" allowfullscreen=\"\"><\/iframe>\n","protected":false},"excerpt":{"rendered":"<p>Entre le 7 et le 17 mars 2024, Maspalomas te propose une exp\u00e9rience carnavalesque unique, m\u00ealant la beaut\u00e9 de ses plages \u00e0 la joie du carnaval. La Gala de la Reine et le D\u00e9fil\u00e9 International sont les moments forts,<\/p>\n","protected":false},"author":1,"featured_media":15579,"comment_status":"closed","ping_status":"closed","sticky":false,"template":"","format":"standard","meta":{"footnotes":""},"categories":[72,100],"tags":[],"class_list":["post-18825","post","type-post","status-publish","format-standard","has-post-thumbnail","hentry","category-cultura-fr","category-evenements"],"acf":[],"yoast_head":"<!-- This site is optimized with the Yoast SEO plugin v27.1.1 - https:\/\/yoast.com\/product\/yoast-seo-wordpress\/ -->\n<title>Carnaval de Maspalomas \u00e0 Gran Canaria 2024 : Dates et C\u00e9l\u00e9brations Incontournables (programme) | Nests Hostels<\/title>\n<meta name=\"description\" content=\"Entre le 7 et le 17 mars 2024, Maspalomas offre une exp\u00e9rience carnavalesque unique, m\u00ealant la beaut\u00e9 de ses plages \u00e0 la joie du carnaval. La Gala de la Reine et le D\u00e9fil\u00e9 International sont les moments forts \u00e0 ne pas manquer. Profitez de votre s\u00e9jour dans une auberge agr\u00e9able et d\u00e9couvrez les activit\u00e9s touristiques de la r\u00e9gion pour un voyage inoubliable.\" \/>\n<meta name=\"robots\" content=\"index, follow, max-snippet:-1, max-image-preview:large, max-video-preview:-1\" \/>\n<link rel=\"canonical\" href=\"https:\/\/nestshostels.com\/fr\/carnival-gran-canaria-2024\/\" \/>\n<meta property=\"og:locale\" content=\"fr_FR\" \/>\n<meta property=\"og:type\" content=\"article\" \/>\n<meta property=\"og:title\" content=\"Carnaval de Maspalomas \u00e0 Gran Canaria 2024 : Dates et C\u00e9l\u00e9brations Incontournables (programme) | Nests Hostels\" \/>\n<meta property=\"og:description\" content=\"Entre le 7 et le 17 mars 2024, Maspalomas offre une exp\u00e9rience carnavalesque unique, m\u00ealant la beaut\u00e9 de ses plages \u00e0 la joie du carnaval. La Gala de la Reine et le D\u00e9fil\u00e9 International sont les moments forts \u00e0 ne pas manquer. Profitez de votre s\u00e9jour dans une auberge agr\u00e9able et d\u00e9couvrez les activit\u00e9s touristiques de la r\u00e9gion pour un voyage inoubliable.\" \/>\n<meta property=\"og:url\" content=\"https:\/\/nestshostels.com\/fr\/carnival-gran-canaria-2024\/\" \/>\n<meta property=\"og:site_name\" content=\"Nests Hostels\" \/>\n<meta property=\"article:publisher\" content=\"https:\/\/www.facebook.com\/nesthosteltenerife\/\" \/>\n<meta property=\"article:published_time\" content=\"2024-03-01T10:00:04+00:00\" \/>\n<meta property=\"article:modified_time\" content=\"2025-09-30T21:23:23+00:00\" \/>\n<meta property=\"og:image\" content=\"https:\/\/nestshostels.com\/wp-content\/uploads\/carnaval-gran-canaria-2024.jpg\" \/>\n\t<meta property=\"og:image:width\" content=\"799\" \/>\n\t<meta property=\"og:image:height\" content=\"533\" \/>\n\t<meta property=\"og:image:type\" content=\"image\/jpeg\" \/>\n<meta name=\"author\" content=\"admin\" \/>\n<meta name=\"twitter:card\" content=\"summary_large_image\" \/>\n<meta name=\"twitter:label1\" content=\"\u00c9crit par\" \/>\n\t<meta name=\"twitter:data1\" content=\"admin\" \/>\n\t<meta name=\"twitter:label2\" content=\"Dur\u00e9e de lecture estim\u00e9e\" \/>\n\t<meta name=\"twitter:data2\" content=\"5 minutes\" \/>\n<script type=\"application\/ld+json\" class=\"yoast-schema-graph\">{\"@context\":\"https:\/\/schema.org\",\"@graph\":[{\"@type\":\"Article\",\"@id\":\"https:\/\/nestshostels.com\/fr\/carnival-gran-canaria-2024\/#article\",\"isPartOf\":{\"@id\":\"https:\/\/nestshostels.com\/fr\/carnival-gran-canaria-2024\/\"},\"author\":{\"name\":\"admin\",\"@id\":\"https:\/\/nestshostels.com\/fr\/#\/schema\/person\/a7b8427d0829c2282d0243b0845ba1be\"},\"headline\":\"Carnaval de Maspalomas \u00e0 Gran Canaria 2024 : Dates et C\u00e9l\u00e9brations Incontournables (programme)\",\"datePublished\":\"2024-03-01T10:00:04+00:00\",\"dateModified\":\"2025-09-30T21:23:23+00:00\",\"mainEntityOfPage\":{\"@id\":\"https:\/\/nestshostels.com\/fr\/carnival-gran-canaria-2024\/\"},\"wordCount\":1022,\"publisher\":{\"@id\":\"https:\/\/nestshostels.com\/fr\/#organization\"},\"image\":{\"@id\":\"https:\/\/nestshostels.com\/fr\/carnival-gran-canaria-2024\/#primaryimage\"},\"thumbnailUrl\":\"https:\/\/nestshostels.com\/wp-content\/uploads\/carnaval-gran-canaria-2024.jpg\",\"articleSection\":[\"Cultura\",\"\u00c9v\u00e9nements\"],\"inLanguage\":\"fr-FR\"},{\"@type\":\"WebPage\",\"@id\":\"https:\/\/nestshostels.com\/fr\/carnival-gran-canaria-2024\/\",\"url\":\"https:\/\/nestshostels.com\/fr\/carnival-gran-canaria-2024\/\",\"name\":\"Carnaval de Maspalomas \u00e0 Gran Canaria 2024 : Dates et C\u00e9l\u00e9brations Incontournables (programme) | Nests Hostels\",\"isPartOf\":{\"@id\":\"https:\/\/nestshostels.com\/fr\/#website\"},\"primaryImageOfPage\":{\"@id\":\"https:\/\/nestshostels.com\/fr\/carnival-gran-canaria-2024\/#primaryimage\"},\"image\":{\"@id\":\"https:\/\/nestshostels.com\/fr\/carnival-gran-canaria-2024\/#primaryimage\"},\"thumbnailUrl\":\"https:\/\/nestshostels.com\/wp-content\/uploads\/carnaval-gran-canaria-2024.jpg\",\"datePublished\":\"2024-03-01T10:00:04+00:00\",\"dateModified\":\"2025-09-30T21:23:23+00:00\",\"description\":\"Entre le 7 et le 17 mars 2024, Maspalomas offre une exp\u00e9rience carnavalesque unique, m\u00ealant la beaut\u00e9 de ses plages \u00e0 la joie du carnaval. La Gala de la Reine et le D\u00e9fil\u00e9 International sont les moments forts \u00e0 ne pas manquer. Profitez de votre s\u00e9jour dans une auberge agr\u00e9able et d\u00e9couvrez les activit\u00e9s touristiques de la r\u00e9gion pour un voyage inoubliable.\",\"breadcrumb\":{\"@id\":\"https:\/\/nestshostels.com\/fr\/carnival-gran-canaria-2024\/#breadcrumb\"},\"inLanguage\":\"fr-FR\",\"potentialAction\":[{\"@type\":\"ReadAction\",\"target\":[\"https:\/\/nestshostels.com\/fr\/carnival-gran-canaria-2024\/\"]}]},{\"@type\":\"ImageObject\",\"inLanguage\":\"fr-FR\",\"@id\":\"https:\/\/nestshostels.com\/fr\/carnival-gran-canaria-2024\/#primaryimage\",\"url\":\"https:\/\/nestshostels.com\/wp-content\/uploads\/carnaval-gran-canaria-2024.jpg\",\"contentUrl\":\"https:\/\/nestshostels.com\/wp-content\/uploads\/carnaval-gran-canaria-2024.jpg\",\"width\":799,\"height\":533},{\"@type\":\"BreadcrumbList\",\"@id\":\"https:\/\/nestshostels.com\/fr\/carnival-gran-canaria-2024\/#breadcrumb\",\"itemListElement\":[{\"@type\":\"ListItem\",\"position\":1,\"name\":\"Portada\",\"item\":\"https:\/\/nestshostels.com\/fr\/\"},{\"@type\":\"ListItem\",\"position\":2,\"name\":\"Carnaval de Maspalomas \u00e0 Gran Canaria 2024 : Dates et C\u00e9l\u00e9brations Incontournables (programme)\"}]},{\"@type\":\"WebSite\",\"@id\":\"https:\/\/nestshostels.com\/fr\/#website\",\"url\":\"https:\/\/nestshostels.com\/fr\/\",\"name\":\"Nests Hostels\",\"description\":\"Tenerife Hostels for Travellers &amp; Digital Nomads\",\"publisher\":{\"@id\":\"https:\/\/nestshostels.com\/fr\/#organization\"},\"alternateName\":\"Nest\",\"potentialAction\":[{\"@type\":\"SearchAction\",\"target\":{\"@type\":\"EntryPoint\",\"urlTemplate\":\"https:\/\/nestshostels.com\/fr\/?s={search_term_string}\"},\"query-input\":{\"@type\":\"PropertyValueSpecification\",\"valueRequired\":true,\"valueName\":\"search_term_string\"}}],\"inLanguage\":\"fr-FR\"},{\"@type\":\"Organization\",\"@id\":\"https:\/\/nestshostels.com\/fr\/#organization\",\"name\":\"Nests Hostels\",\"alternateName\":\"Nest\",\"url\":\"https:\/\/nestshostels.com\/fr\/\",\"logo\":{\"@type\":\"ImageObject\",\"inLanguage\":\"fr-FR\",\"@id\":\"https:\/\/nestshostels.com\/fr\/#\/schema\/logo\/image\/\",\"url\":\"https:\/\/nestshostels.com\/wp-content\/uploads\/logo-nests-hostel.webp\",\"contentUrl\":\"https:\/\/nestshostels.com\/wp-content\/uploads\/logo-nests-hostel.webp\",\"width\":200,\"height\":217,\"caption\":\"Nests Hostels\"},\"image\":{\"@id\":\"https:\/\/nestshostels.com\/fr\/#\/schema\/logo\/image\/\"},\"sameAs\":[\"https:\/\/www.facebook.com\/nesthosteltenerife\/\",\"https:\/\/www.instagram.com\/nestshostels\/\",\"https:\/\/www.tiktok.com\/@nestshostels\",\"https:\/\/www.threads.com\/@nestshostels\/\",\"https:\/\/www.youtube.com\/@nestshostels\/\"]},{\"@type\":\"Person\",\"@id\":\"https:\/\/nestshostels.com\/fr\/#\/schema\/person\/a7b8427d0829c2282d0243b0845ba1be\",\"name\":\"admin\",\"image\":{\"@type\":\"ImageObject\",\"inLanguage\":\"fr-FR\",\"@id\":\"https:\/\/nestshostels.com\/fr\/#\/schema\/person\/image\/\",\"url\":\"https:\/\/secure.gravatar.com\/avatar\/0b7f676e2697479b2ae673ab0d2bef598d13c78cc6bdb95666f38b4400b3ee4a?s=96&r=g\",\"contentUrl\":\"https:\/\/secure.gravatar.com\/avatar\/0b7f676e2697479b2ae673ab0d2bef598d13c78cc6bdb95666f38b4400b3ee4a?s=96&r=g\",\"caption\":\"admin\"},\"sameAs\":[\"https:\/\/wpml.nestshostels.com\"]}]}<\/script>\n<!-- \/ Yoast SEO plugin. -->","yoast_head_json":{"title":"Carnaval de Maspalomas \u00e0 Gran Canaria 2024 : Dates et C\u00e9l\u00e9brations Incontournables (programme) | Nests Hostels","description":"Entre le 7 et le 17 mars 2024, Maspalomas offre une exp\u00e9rience carnavalesque unique, m\u00ealant la beaut\u00e9 de ses plages \u00e0 la joie du carnaval. La Gala de la Reine et le D\u00e9fil\u00e9 International sont les moments forts \u00e0 ne pas manquer. Profitez de votre s\u00e9jour dans une auberge agr\u00e9able et d\u00e9couvrez les activit\u00e9s touristiques de la r\u00e9gion pour un voyage inoubliable.","robots":{"index":"index","follow":"follow","max-snippet":"max-snippet:-1","max-image-preview":"max-image-preview:large","max-video-preview":"max-video-preview:-1"},"canonical":"https:\/\/nestshostels.com\/fr\/carnival-gran-canaria-2024\/","og_locale":"fr_FR","og_type":"article","og_title":"Carnaval de Maspalomas \u00e0 Gran Canaria 2024 : Dates et C\u00e9l\u00e9brations Incontournables (programme) | Nests Hostels","og_description":"Entre le 7 et le 17 mars 2024, Maspalomas offre une exp\u00e9rience carnavalesque unique, m\u00ealant la beaut\u00e9 de ses plages \u00e0 la joie du carnaval. La Gala de la Reine et le D\u00e9fil\u00e9 International sont les moments forts \u00e0 ne pas manquer. Profitez de votre s\u00e9jour dans une auberge agr\u00e9able et d\u00e9couvrez les activit\u00e9s touristiques de la r\u00e9gion pour un voyage inoubliable.","og_url":"https:\/\/nestshostels.com\/fr\/carnival-gran-canaria-2024\/","og_site_name":"Nests Hostels","article_publisher":"https:\/\/www.facebook.com\/nesthosteltenerife\/","article_published_time":"2024-03-01T10:00:04+00:00","article_modified_time":"2025-09-30T21:23:23+00:00","og_image":[{"width":799,"height":533,"url":"https:\/\/nestshostels.com\/wp-content\/uploads\/carnaval-gran-canaria-2024.jpg","type":"image\/jpeg"}],"author":"admin","twitter_card":"summary_large_image","twitter_misc":{"\u00c9crit par":"admin","Dur\u00e9e de lecture estim\u00e9e":"5 minutes"},"schema":{"@context":"https:\/\/schema.org","@graph":[{"@type":"Article","@id":"https:\/\/nestshostels.com\/fr\/carnival-gran-canaria-2024\/#article","isPartOf":{"@id":"https:\/\/nestshostels.com\/fr\/carnival-gran-canaria-2024\/"},"author":{"name":"admin","@id":"https:\/\/nestshostels.com\/fr\/#\/schema\/person\/a7b8427d0829c2282d0243b0845ba1be"},"headline":"Carnaval de Maspalomas \u00e0 Gran Canaria 2024 : Dates et C\u00e9l\u00e9brations Incontournables (programme)","datePublished":"2024-03-01T10:00:04+00:00","dateModified":"2025-09-30T21:23:23+00:00","mainEntityOfPage":{"@id":"https:\/\/nestshostels.com\/fr\/carnival-gran-canaria-2024\/"},"wordCount":1022,"publisher":{"@id":"https:\/\/nestshostels.com\/fr\/#organization"},"image":{"@id":"https:\/\/nestshostels.com\/fr\/carnival-gran-canaria-2024\/#primaryimage"},"thumbnailUrl":"https:\/\/nestshostels.com\/wp-content\/uploads\/carnaval-gran-canaria-2024.jpg","articleSection":["Cultura","\u00c9v\u00e9nements"],"inLanguage":"fr-FR"},{"@type":"WebPage","@id":"https:\/\/nestshostels.com\/fr\/carnival-gran-canaria-2024\/","url":"https:\/\/nestshostels.com\/fr\/carnival-gran-canaria-2024\/","name":"Carnaval de Maspalomas \u00e0 Gran Canaria 2024 : Dates et C\u00e9l\u00e9brations Incontournables (programme) | Nests Hostels","isPartOf":{"@id":"https:\/\/nestshostels.com\/fr\/#website"},"primaryImageOfPage":{"@id":"https:\/\/nestshostels.com\/fr\/carnival-gran-canaria-2024\/#primaryimage"},"image":{"@id":"https:\/\/nestshostels.com\/fr\/carnival-gran-canaria-2024\/#primaryimage"},"thumbnailUrl":"https:\/\/nestshostels.com\/wp-content\/uploads\/carnaval-gran-canaria-2024.jpg","datePublished":"2024-03-01T10:00:04+00:00","dateModified":"2025-09-30T21:23:23+00:00","description":"Entre le 7 et le 17 mars 2024, Maspalomas offre une exp\u00e9rience carnavalesque unique, m\u00ealant la beaut\u00e9 de ses plages \u00e0 la joie du carnaval. La Gala de la Reine et le D\u00e9fil\u00e9 International sont les moments forts \u00e0 ne pas manquer. Profitez de votre s\u00e9jour dans une auberge agr\u00e9able et d\u00e9couvrez les activit\u00e9s touristiques de la r\u00e9gion pour un voyage inoubliable.","breadcrumb":{"@id":"https:\/\/nestshostels.com\/fr\/carnival-gran-canaria-2024\/#breadcrumb"},"inLanguage":"fr-FR","potentialAction":[{"@type":"ReadAction","target":["https:\/\/nestshostels.com\/fr\/carnival-gran-canaria-2024\/"]}]},{"@type":"ImageObject","inLanguage":"fr-FR","@id":"https:\/\/nestshostels.com\/fr\/carnival-gran-canaria-2024\/#primaryimage","url":"https:\/\/nestshostels.com\/wp-content\/uploads\/carnaval-gran-canaria-2024.jpg","contentUrl":"https:\/\/nestshostels.com\/wp-content\/uploads\/carnaval-gran-canaria-2024.jpg","width":799,"height":533},{"@type":"BreadcrumbList","@id":"https:\/\/nestshostels.com\/fr\/carnival-gran-canaria-2024\/#breadcrumb","itemListElement":[{"@type":"ListItem","position":1,"name":"Portada","item":"https:\/\/nestshostels.com\/fr\/"},{"@type":"ListItem","position":2,"name":"Carnaval de Maspalomas \u00e0 Gran Canaria 2024 : Dates et C\u00e9l\u00e9brations Incontournables (programme)"}]},{"@type":"WebSite","@id":"https:\/\/nestshostels.com\/fr\/#website","url":"https:\/\/nestshostels.com\/fr\/","name":"Nests Hostels","description":"Tenerife Hostels for Travellers &amp; Digital Nomads","publisher":{"@id":"https:\/\/nestshostels.com\/fr\/#organization"},"alternateName":"Nest","potentialAction":[{"@type":"SearchAction","target":{"@type":"EntryPoint","urlTemplate":"https:\/\/nestshostels.com\/fr\/?s={search_term_string}"},"query-input":{"@type":"PropertyValueSpecification","valueRequired":true,"valueName":"search_term_string"}}],"inLanguage":"fr-FR"},{"@type":"Organization","@id":"https:\/\/nestshostels.com\/fr\/#organization","name":"Nests Hostels","alternateName":"Nest","url":"https:\/\/nestshostels.com\/fr\/","logo":{"@type":"ImageObject","inLanguage":"fr-FR","@id":"https:\/\/nestshostels.com\/fr\/#\/schema\/logo\/image\/","url":"https:\/\/nestshostels.com\/wp-content\/uploads\/logo-nests-hostel.webp","contentUrl":"https:\/\/nestshostels.com\/wp-content\/uploads\/logo-nests-hostel.webp","width":200,"height":217,"caption":"Nests Hostels"},"image":{"@id":"https:\/\/nestshostels.com\/fr\/#\/schema\/logo\/image\/"},"sameAs":["https:\/\/www.facebook.com\/nesthosteltenerife\/","https:\/\/www.instagram.com\/nestshostels\/","https:\/\/www.tiktok.com\/@nestshostels","https:\/\/www.threads.com\/@nestshostels\/","https:\/\/www.youtube.com\/@nestshostels\/"]},{"@type":"Person","@id":"https:\/\/nestshostels.com\/fr\/#\/schema\/person\/a7b8427d0829c2282d0243b0845ba1be","name":"admin","image":{"@type":"ImageObject","inLanguage":"fr-FR","@id":"https:\/\/nestshostels.com\/fr\/#\/schema\/person\/image\/","url":"https:\/\/secure.gravatar.com\/avatar\/0b7f676e2697479b2ae673ab0d2bef598d13c78cc6bdb95666f38b4400b3ee4a?s=96&r=g","contentUrl":"https:\/\/secure.gravatar.com\/avatar\/0b7f676e2697479b2ae673ab0d2bef598d13c78cc6bdb95666f38b4400b3ee4a?s=96&r=g","caption":"admin"},"sameAs":["https:\/\/wpml.nestshostels.com"]}]}},"_links":{"self":[{"href":"https:\/\/nestshostels.com\/fr\/wp-json\/wp\/v2\/posts\/18825","targetHints":{"allow":["GET"]}}],"collection":[{"href":"https:\/\/nestshostels.com\/fr\/wp-json\/wp\/v2\/posts"}],"about":[{"href":"https:\/\/nestshostels.com\/fr\/wp-json\/wp\/v2\/types\/post"}],"author":[{"embeddable":true,"href":"https:\/\/nestshostels.com\/fr\/wp-json\/wp\/v2\/users\/1"}],"replies":[{"embeddable":true,"href":"https:\/\/nestshostels.com\/fr\/wp-json\/wp\/v2\/comments?post=18825"}],"version-history":[{"count":3,"href":"https:\/\/nestshostels.com\/fr\/wp-json\/wp\/v2\/posts\/18825\/revisions"}],"predecessor-version":[{"id":19167,"href":"https:\/\/nestshostels.com\/fr\/wp-json\/wp\/v2\/posts\/18825\/revisions\/19167"}],"wp:featuredmedia":[{"embeddable":true,"href":"https:\/\/nestshostels.com\/fr\/wp-json\/wp\/v2\/media\/15579"}],"wp:attachment":[{"href":"https:\/\/nestshostels.com\/fr\/wp-json\/wp\/v2\/media?parent=18825"}],"wp:term":[{"taxonomy":"category","embeddable":true,"href":"https:\/\/nestshostels.com\/fr\/wp-json\/wp\/v2\/categories?post=18825"},{"taxonomy":"post_tag","embeddable":true,"href":"https:\/\/nestshostels.com\/fr\/wp-json\/wp\/v2\/tags?post=18825"}],"curies":[{"name":"wp","href":"https:\/\/api.w.org\/{rel}","templated":true}]}}