{"id":22399,"date":"2026-03-13T15:48:04","date_gmt":"2026-03-13T15:48:04","guid":{"rendered":"https:\/\/nestshostels.com\/music-festivals-tenerife-2026\/"},"modified":"2026-04-17T07:39:17","modified_gmt":"2026-04-17T06:39:17","slug":"music-festivals-tenerife-2026","status":"publish","type":"post","link":"https:\/\/nestshostels.com\/de\/music-festivals-tenerife-2026\/","title":{"rendered":"Die besten Musikfestivals in Teneriffa 2026 \u2013 Voller Kalender, Termine und alles, was du wissen musst!"},"content":{"rendered":"\n<p>Teneriffa hat keine Festivalsaison. Sie hat ein Festivaljahr. Von einem erstklassigen klassischen Musikprogramm im Januar bis zu einer elektrisierenden Party im August und einem Rock-Indie-Wochenende Ende Oktober \u2013 die Insel bietet ein wirklich prall gef\u00fclltes 12-Monats-Programm, das die meisten in Europa noch nicht entdeckt haben. \ud83c\udf0a\ud83c\udfb6<\/p>\n\n<figure class=\"wp-block-image size-full\"><img loading=\"lazy\" decoding=\"async\" width=\"1280\" height=\"720\" src=\"https:\/\/nestshostels.com\/wp-content\/uploads\/2026\/03\/farra-world-SANBLAST-tenerfie.jpg\" alt=\"Farra Welt Sonnenblast Teneriffa 2026\" class=\"wp-image-22356\" srcset=\"https:\/\/nestshostels.com\/wp-content\/uploads\/2026\/03\/farra-world-SANBLAST-tenerfie.jpg 1280w, https:\/\/nestshostels.com\/wp-content\/uploads\/2026\/03\/farra-world-SANBLAST-tenerfie-300x169.jpg 300w, https:\/\/nestshostels.com\/wp-content\/uploads\/2026\/03\/farra-world-SANBLAST-tenerfie-1024x576.jpg 1024w, https:\/\/nestshostels.com\/wp-content\/uploads\/2026\/03\/farra-world-SANBLAST-tenerfie-768x432.jpg 768w\" sizes=\"auto, (max-width: 1280px) 100vw, 1280px\" \/><figcaption class=\"wp-element-caption\">Dieser Guide konzentriert sich auf den Kalender f\u00fcr elektronische Musikfestivals in Teneriffa 2026 \u2013 aber wir haben auch die wichtigsten Konzerte und kulturellen Events auf der Insel hinzugef\u00fcgt, damit du deine gesamte Reise planen kannst.<\/figcaption><\/figure>\n\n<p>Dieser Guide deckt alle best\u00e4tigten Musik- und Festivaltermine f\u00fcr 2026 ab, plus die erwarteten Events mit starken Mehrjahres-Traditionen. Du findest Daten, Veranstaltungsorte, Ticketpreise, bekannte Lineups und eine praktische \u00dcbersicht, wo du \u00fcbernachten kannst \u2013 egal, ob du ein gro\u00dfes Wochenende oder den ganzen Sommer planst. \ud83c\udfd6\ufe0f<\/p>\n\n<h2 class=\"wp-block-heading\" id=\"events-table\">Voller Festivalkalender 2026 auf einen Blick<\/h2>\n\n<figure class=\"wp-block-table is-style-stripes\"><table><thead><tr><th><strong>Datum<\/strong><\/th><th><strong>Veranstaltung<\/strong><\/th><th><strong>Warum es sich lohnt<\/strong><\/th><\/tr><\/thead><tbody><tr><td><a href=\"#fimc\"><strong>\ud83d\udd17 8. Jan \u2013 7. Feb<\/strong><\/a><\/td><td>\ud83c\udfbb Internationales Musikfestival der Kanaren<\/td><td>42nd edition. World-class orchestras and soloists at the Auditorio Ad\u00e1n Mart\u00edn \u2014 think Gustavo Dudamel, Yuja Wang, Jacob Collier.<\/td><\/tr><tr><td><a href=\"#fito\"><strong>\ud83d\udd17 14. M\u00e4r<\/strong><\/a><\/td><td>\ud83c\udfb8 Fito y Fitipaldis \u2014 Aullidos Tour<\/td><td>Eine der beliebtesten Rockbands Spaniens. Rohe Blues-Rock-Energie im Recinto Ferial.<\/td><\/tr><tr><td><a href=\"#laura-pausini\"><strong>\ud83d\udd17 29. M\u00e4r<\/strong><\/a><\/td><td>\ud83c\udfa4 Laura Pausini \u2014 Yo Canto Welttour<\/td><td>Italienischer Pop-Superstar, Los Cristianos. Gro\u00dfe Menschenmenge, gro\u00dfe Emotionen, tolle Nacht!<\/td><\/tr><tr><td><a href=\"#lost-nomads\"><strong>\ud83d\udd17 4. Apr<\/strong><\/a><\/td><td>\ud83d\udd25 Verlorene Nomaden Teneriffa<\/td><td>Erste Ausgabe auf Teneriffa. Premium-Tag-zu-Nacht-Event mit Ibiza\/Dubai Flair.<\/td><\/tr><tr><td><a href=\"#las-rocas\"><strong>\ud83d\udd17 Laufend<\/strong><\/a><\/td><td>\ud83c\udf0a Las Rocas Beach Club Sessions<\/td><td>Das ganze Jahr \u00fcber elektronische Sessions im Beach Club. TUMBAO und AGUASANTA N\u00e4chte \u2013 mit atlantischem Blick inklusive.<\/td><\/tr><tr><td><a href=\"#la-misa\"><strong>\ud83d\udd17 Fr\u00fchling (TBC)<\/strong><\/a><\/td><td>\ud83d\udda4 La Misa<\/td><td>Kult-Techno-Festival. All-black Dresscode, quasi-religi\u00f6se \u00c4sthetik, Carl Cox \/ Marco Carola Abstammung.<\/td><\/tr><tr><td><a href=\"#mueca\"><strong>\ud83d\udd17 Mai (TBC)<\/strong><\/a><\/td><td>\ud83c\udfaa MUECA Stra\u00dfenkunstfestival<\/td><td>22nd edition. Four days of free international theatre, circus and music in Puerto de la Cruz.<\/td><\/tr><tr><td><a href=\"#tenerife-music-festival\"><strong>\ud83d\udd17 12.\u201313. Juni<\/strong><\/a><\/td><td>\ud83c\udfb5 Teneriffa Musikfestival<\/td><td>Zwei Tage Pop-\/Urban-Festival am Hafen von Santa Cruz. Rels B, Nathy Peluso, Camilo und Pablo Albor\u00e1n sind am Start.<\/td><\/tr><tr><td><a href=\"#san-juan\"><strong>\ud83d\udd17 23.\u201324. Juni<\/strong><\/a><\/td><td>\ud83d\udd25 Nacht von San Juan<\/td><td>Lagerfeuer am Strand auf der ganzen Insel. Kostenlos, authentisch, einer der besten N\u00e4chte des kanarischen Sommers.<\/td><\/tr><tr><td><a href=\"#sting\"><strong>\ud83d\udd17 10. Jul<\/strong><\/a><\/td><td>\ud83c\udfb8 Sting \u2014 STING 3.0 Tour<\/td><td>Ein Icon, der ein intimes Open-Air-Show im Anexo Palmetum macht. Das wird ausverkauft sein!<\/td><\/tr><tr><td><a href=\"#canarias-jazz\"><strong>\ud83d\udd17 Juli (TBC)<\/strong><\/a><\/td><td>\ud83c\udfb7 Festival Canarias Jazz &amp; M\u00e1s \u2014 35. Ausgabe<\/td><td>Jacob Collier ist der Headliner. Ernstzunehmende Jazz-Credibility im Auditorio Ad\u00e1n Mart\u00edn.<\/td><\/tr><tr><td><a href=\"#bresh\"><strong>\ud83d\udd17 Sommer (TBC)<\/strong><\/a><\/td><td>\ud83d\udc96 BRESH Teneriffa<\/td><td>&#8222;Die sch\u00f6nste Party der Welt&#8220; \u2014 Reggaeton, Konfetti, purer Spa\u00df. Gruppen lieben das hier.<\/td><\/tr><tr><td><a href=\"#sunblast\"><strong>\ud83d\udd17 8. Aug<\/strong><\/a><\/td><td>\ud83d\ude80 Sunblast Festival<\/td><td>Das gr\u00f6\u00dfte elektronische Festival der Insel. 9+ Stunden, 6\u20137 B\u00fchnen, \u00fcber 20.000 Leute. Das ist das Flaggschiff!<\/td><\/tr><tr><td><a href=\"#phe-festival\"><strong>\ud83d\udd17 4.\u20135. Sep<\/strong><\/a><\/td><td>\ud83c\udfb8 Phe Festival<\/td><td>11th edition, indie\/alternative on the Puerto de la Cruz seafront. Tenerife&#8217;s most loved indie event.<\/td><\/tr><tr><td><a href=\"#noctambula\"><strong>\ud83d\udd17 12. Sep<\/strong><\/a><\/td><td>\u26a1 Nachtschw\u00e4rmer<\/td><td>Deb\u00fct-Edition. Tomorrowlands Symphony of Unity \u2013 das EINZIGE Datum in Spanien 2026. Das ist riesig!<\/td><\/tr><tr><td><a href=\"#penon-fest\"><strong>\ud83d\udd17 23.\u201324. Okt<\/strong><\/a><\/td><td>\ud83e\udd18 Teneriffa Pe\u00f1\u00f3n Fest<\/td><td>Zweit\u00e4giges Rock\/Indie-Festival an neuem Ort in Santa Cruz. Pignoise, Maika Makovski und Carlos Sadness sind am Start!<\/td><\/tr><tr><td><a href=\"#elrow-xxl\"><strong>\ud83d\udd17 Oktober (TBC)<\/strong><\/a><\/td><td>\ud83c\udfad Elrow XXL<\/td><td>\u00dcber 20.000 Teilnehmer bei einer immersiven Produktion in Costa Adeje. Eines der wildesten elektronischen Events Spaniens!<\/td><\/tr><\/tbody><\/table><\/figure>\n\n<hr class=\"wp-block-separator has-alpha-channel-opacity\"\/>\n\n<figure class=\"wp-block-image size-full\"><img decoding=\"async\" src=\"https:\/\/nestshostels.com\/wp-content\/uploads\/2026\/03\/image-6.jpeg\" alt=\"Sonnenuntergang elektronische Musikveranstaltung im Golf Costa Adeje, Teneriffa, S&#xFC;d-Teneriffa\"\/><\/figure>\n\n<h2 class=\"wp-block-heading\" id=\"farra-world\">Farra World Teneriffa 2026: der Saison-Schirm erkl\u00e4rt<\/h2>\n\n<p>Wenn du immer wieder &#8222;Farra World&#8220; neben jedem gro\u00dfen elektronischen Event im S\u00fcden von Teneriffa siehst, fragst du dich wahrscheinlich, was das bedeutet. <strong>Farra World<\/strong> ist die Produktionsfirma hinter den meisten gro\u00dfen elektronischen Events auf der Insel \u2014 Lost Nomads, La Misa, Sunblast, Elrow XXL und die Las Rocas Beach Club Sessions fallen alle unter dieses Banner. Sie haben einen \u00e4hnlichen Produktionsstandard, eine \u00e4hnliche geographische Lage im S\u00fcden Teneriffas und ein \u00e4hnliches Publikum.<\/p>\n\n<p>F\u00fcr Reisende ist es echt praktisch zu wissen: Eine smarte Basis in Costa Adeje bringt dich in die N\u00e4he der meisten Events des elektronischen Kalenders dieser Saison, ohne dass du umziehen musst. Du baust keinen separaten Trip f\u00fcr jedes Event auf \u2013 du hast eine Basis in S\u00fcd-Teneriffa und f\u00fcgst die Termine hinzu, sobald sie best\u00e4tigt sind.<\/p>\n\n<hr class=\"wp-block-separator has-alpha-channel-opacity\"\/>\n\n<h2 class=\"wp-block-heading\" id=\"fimc\">Festival Internacional de M\u00fasica de Canarias 2026 \ud83c\udfbb<\/h2>\n\n<p>Der Startschuss f\u00fcr das Jahr in Teneriffa mit echtem Prestige. In seiner <strong>42. Ausgabe<\/strong> breitet das Festival de M\u00fasica de Canarias \u00fcber 60 Konzerte auf allen Kanarischen Inseln im Januar und Februar aus \u2013 und der Teil in Teneriffa, der im au\u00dfergew\u00f6hnlichen <strong>Auditorio Ad\u00e1n Mart\u00edn<\/strong> stattfindet, ist wirklich weltklasse. Diese von Santiago Calatrava gestaltete Konzerthalle liegt direkt an der Uferpromenade von Santa Cruz, und das Programm f\u00fcr 2026 f\u00fcllt sie mit Namen, f\u00fcr die du in jeder Hauptstadt anstehen w\u00fcrdest.<\/p>\n\n<p>Gustavo Dudamel dirigiert das Bayerische Radiosymphonieorchester. Yuja Wang mit dem Mahler Kammerorchester. Arcadi Volodos solo. Estrella Morente. Vadim Repin. Das ist kein Nischen-Event \u2014 es ist ein richtig internationales klassisches Programm, das in einem atemberaubend sch\u00f6nen Geb\u00e4ude am Atlantik stattfindet. Wenn du im Januar oder Februar aus irgendeinem Grund in Teneriffa bist, solltest du dir unbedingt einen Abend daf\u00fcr einplanen.<\/p>\n\n<div class=\"event-meta\">\n  <ul>\n    <li><strong>\ud83d\udcc5 Wann:<\/strong> 8. Januar \u2013 7. Februar 2026<\/li>\n    <li><strong>\ud83d\udccd Wo:<\/strong> Auditorio de Tenerife Ad\u00e1n Mart\u00edn, Santa Cruz de Tenerife<\/li>\n    <li><strong>\ud83c\udfb5 Typ:<\/strong> Klassisch \/ Orchester \/ Kammermusik<\/li>\n    <li><strong>\ud83c\udfa4 Best\u00e4tigte K\u00fcnstler:<\/strong> Gustavo Dudamel + Bayerisches Rundfunkorchester \u00b7 Yuja Wang + Mahler Kammerorchester \u00b7 Sol Gabetta + Bamberg Symphony \u00b7 Arcadi Volodos \u00b7 Vadim Repin + Sinf\u00f3nica de Tenerife \u00b7 Estrella Morente + Philharmoniker von Gran Canaria<\/li>\n    <li><strong>\ud83c\udf9f\ufe0f Tickets:<\/strong> 10 \u20ac\u201380 \u20ac \u2014 <a href=\"https:\/\/icdcultural.org\" target=\"_blank\" rel=\"noopener\">icdcultural.org<\/a><\/li>\n    <li><strong>\ud83c\udf10 Webseite:<\/strong> <a href=\"https:\/\/icdcultural.org\" target=\"_blank\" rel=\"noopener\">icdcultural.org<\/a><\/li>\n    <li><strong>\ud83d\udcf8 Instagram:<\/strong> <a href=\"https:\/\/instagram.com\/icdcultural\" target=\"_blank\" rel=\"noopener\">@icdcultural<\/a><\/li>\n    <li><strong>\u2705 Status:<\/strong> Best\u00e4tigt \u2014 42. Ausgabe, vollst\u00e4ndiges Programm ver\u00f6ffentlicht<\/li>\n    <li><strong>\ud83d\udca1 Extra:<\/strong> Headline-Konzerte sind schnell ausverkauft. Das Auditorio ist nur 10 Gehminuten von der Uferpromenade in Santa Cruz entfernt \u2014 kombiniere es mit einem Abendessen in der Stadt vorher.<\/li>\n<\/ul>\n<\/div>\n\n<hr class=\"wp-block-separator has-alpha-channel-opacity\"\/>\n\n<h2 class=\"wp-block-heading\" id=\"fito\">Fito y Fitipaldis \u2014 Aullidos Tour \ud83c\udfb8<\/h2>\n\n<p>Bevor der Sommer richtig loslegt, bekommt Teneriffa eine Rocknacht im M\u00e4rz, auf die die spanischsprachige Crowd absolut bereit ist. <strong>Fito y Fitipaldis<\/strong> geh\u00f6ren zu den beliebtesten Rockbands in Spanien \u2013 die Art von Band, bei der jeder im Raum jeden Text kennt und die Stimmung eher wie ein Fu\u00dfballfinale als ein Konzert ist. Ihr bluesbeeinflusster Rock und die kraftvollen Texte haben eine Fangemeinde aufgebaut, die reist, und Teneriffa ist ein spannender Halt.<\/p>\n\n<div class=\"event-meta\">\n  <ul>\n    <li><strong>\ud83d\udcc5 Wann:<\/strong> 14. M\u00e4rz 2026<\/li>\n    <li><strong>\ud83d\udccd Wo:<\/strong> Recinto Ferial de Tenerife, Santa Cruz de Tenerife<\/li>\n    <li><strong>\ud83c\udfb5 Typ:<\/strong> Rock \/ Blues Rock<\/li>\n    <li><strong>\ud83c\udfa4 K\u00fcnstler:<\/strong> Fito y Fitipaldis<\/li>\n    <li><strong>\ud83c\udf9f\ufe0f Tickets:<\/strong> 30 \u20ac\u201375 \u20ac \u2014 <a href=\"https:\/\/www.canariasviaja.com\" target=\"_blank\" rel=\"noopener\">canariasviaja.com<\/a><\/li>\n    <li><strong>\ud83d\udcf8 Instagram:<\/strong> <a href=\"https:\/\/instagram.com\/fitoyfitipaldis\" target=\"_blank\" rel=\"noopener\">@fitoyfitipaldis<\/a><\/li>\n    <li><strong>\u2705 Status:<\/strong> Best\u00e4tigt<\/li>\n    <li><strong>\ud83d\udca1 Extra:<\/strong> Teil ihrer Aullidos Tour 2025\/26. Spanische Rockfans sollten das nicht verpassen.<\/li>\n<\/ul>\n<\/div>\n\n<hr class=\"wp-block-separator has-alpha-channel-opacity\"\/>\n\n<h2 class=\"wp-block-heading\" id=\"laura-pausini\">Laura Pausini \u2014 Yo Canto Welt Tour \ud83c\udfa4<\/h2>\n\n<p>Einer der gr\u00f6\u00dften Namen der italienischen Popmusik bringt ihre Welttournee Ende M\u00e4rz in den S\u00fcden von Teneriffa. Laura Pausinis Fanbase auf den Kanaren ist riesig \u2013 und ihr italienisches Publikum, das einen der st\u00e4rksten internationalen M\u00e4rkte im Archipel repr\u00e4sentiert, wird in gro\u00dfer Zahl da sein. Wenn deine Crew eine Mischung aus \u201eFestival-Leuten\u201c und \u201egro\u00dfen Pop-Nacht\u201c-Fans hat, solltest du dir dieses Event auf jeden Fall im Kalender markieren!<\/p>\n\n<div class=\"event-meta\">\n  <ul>\n    <li><strong>\ud83d\udcc5 Wann:<\/strong> 29. M\u00e4rz 2026<\/li>\n    <li><strong>\ud83d\udccd Wo:<\/strong> Los Cristianos, Teneriffa (genauer Veranstaltungsort wird noch bekannt gegeben)<\/li>\n    <li><strong>\ud83c\udfb5 Art:<\/strong> Popkonzert<\/li>\n    <li><strong>\ud83c\udfa4 K\u00fcnstler:<\/strong> Laura Pausini<\/li>\n    <li><strong>\ud83c\udf9f\ufe0f Tickets:<\/strong> 40 \u20ac\u2013100 \u20ac \u2014 <a href=\"https:\/\/www.canariasviaja.com\" target=\"_blank\" rel=\"noopener\">canariasviaja.com<\/a><\/li>\n    <li><strong>\ud83d\udcf8 Instagram:<\/strong> <a href=\"https:\/\/instagram.com\/laurapausini\" target=\"_blank\" rel=\"noopener\">@laurapausini<\/a><\/li>\n    <li><strong>\u2705 Status:<\/strong> Best\u00e4tigt \u2014 genauer Veranstaltungsort in Los Cristianos wird noch bekannt gegeben<\/li>\n    <li><strong>\ud83d\udca1 Extra:<\/strong> Los Cristianos liegt im S\u00fcden \u2014 wenn du bereits in der N\u00e4he von Costa Adeje f\u00fcr die gesamte Festivalsaison bist, ist das eine nat\u00fcrliche Erg\u00e4nzung.<\/li>\n<\/ul>\n<\/div>\n\n<hr class=\"wp-block-separator has-alpha-channel-opacity\"\/>\n\n<h2 class=\"wp-block-heading\" id=\"lost-nomads\">Lost Nomads Tenerife \u2014 4. April 2026 \ud83d\udd25<\/h2>\n\n<p>Das Event, das die elektronische Saison im S\u00fcden Teneriffas richtig einl\u00e4utet. <strong>Lost Nomads<\/strong> hat sich durch Ausgaben in Ibiza, Marrakesch und Dubai einen ernsthaften Ruf aufgebaut \u2013 erstklassige Produktion, eine internationale Line-up, und ein Publikum, das wirklich kommt, um zuzuh\u00f6ren und zu tanzen. Am 4. April findet die <strong>erste Ausgabe in Teneriffa<\/strong> statt, und sie k\u00fcndigt sich mit einem Format an, das du verstehen solltest, bevor du buchst.<\/p>\n\n<p>Die Tagsession (<strong>Solar<\/strong>) findet im Golf Costa Adeje statt \u2013 im Freien, mit Nachmittags Sonne und dem Atlantik im Hintergrund. Wenn es dunkel wird, zieht die Menge zu <strong>Magma Arte &amp; Congresos<\/strong> f\u00fcr die n\u00e4chtliche Lunar-Session: eine richtig coole Indoor-Produktion mit perfektem Licht- und Sounddesign. Es ist ein durchdachtes Erlebnis von Tag zu Nacht, nichts wahllos zusammengeschustert. Wenn du an diesem Wochenende nach Teneriffa kommst und ein paar Tage bleibst, machst du alles richtig. \ud83c\udf05<\/p>\n\n<div class=\"event-meta\">\n  <ul>\n    <li><strong>\ud83d\udcc5 Wann:<\/strong> 4. April 2026<\/li>\n    <li><strong>\ud83d\udccd Wo:<\/strong> Golf Costa Adeje (Tags\u00fcber, Solar) + Magma Arte &#038; Congresos (Nachts, Lunar) \u2014 Costa Adeje<\/li>\n    <li><strong>\ud83c\udfb5 Typ:<\/strong> Elektronisch \/ Premium-Erlebnis-Event<\/li>\n    <li><strong>\ud83c\udfa4 Lineup:<\/strong> TBC \u2014 fr\u00fchere Ausgaben (Ibiza): weltklasse elektronische Namen aus allen Sub-Genres<\/li>\n    <li><strong>\ud83c\udf9f\ufe0f Tickets:<\/strong> TBC \u2014 <a href=\"https:\/\/farra.world\/lost-nomads-tenerife\" target=\"_blank\" rel=\"noopener\">farra.world\/lost-nomads-tenerife<\/a><\/li>\n    <li><strong>\ud83c\udf10 Webseite:<\/strong> <a href=\"https:\/\/farra.world\/lost-nomads-tenerife\" target=\"_blank\" rel=\"noopener\">farra.world\/lost-nomads-tenerife<\/a><\/li>\n    <li><strong>\ud83d\udcf8 Instagram:<\/strong> <a href=\"https:\/\/instagram.com\/lostnomadsfest\" target=\"_blank\" rel=\"noopener\">@lostnomadsfest<\/a><\/li>\n    <li><strong>\u2705 Status:<\/strong> Best\u00e4tigt \u2014 erste Edition auf Teneriffa, organisiert von Farra World<\/li>\n    <li><strong>\ud83d\udca1 Extra:<\/strong> Fr\u00fchere Ibiza-Ausgaben waren schnell ausverkauft. Schau dir die Farra World Kan\u00e4le f\u00fcr Ank\u00fcndigungen zum Lineup an und warte nicht zu lange mit dem Ticketkauf.<\/li>\n<\/ul>\n<\/div>\n\n<figure class=\"wp-block-embed is-type-video is-provider-youtube wp-block-embed-youtube wp-embed-aspect-16-9 wp-has-aspect-ratio\"><div class=\"wp-block-embed__wrapper\">\n<iframe loading=\"lazy\" title=\"Lost Nomads\" width=\"500\" height=\"281\" src=\"https:\/\/www.youtube.com\/embed\/ro7OkBkJ5XQ?feature=oembed\" frameborder=\"0\" allow=\"accelerometer; autoplay; clipboard-write; encrypted-media; gyroscope; picture-in-picture; web-share\" referrerpolicy=\"strict-origin-when-cross-origin\" allowfullscreen><\/iframe>\n<\/div><\/figure>\n\n<hr class=\"wp-block-separator has-alpha-channel-opacity\"\/>\n\n<h2 class=\"wp-block-heading\" id=\"las-rocas\">Las Rocas Beach Club Sessions \u2014 l\u00e4uft gerade \ud83c\udf0a<\/h2>\n\n<p>Nicht nur ein einmaliges Event, sondern eine wiederkehrende Reihe, die du kennen solltest. <strong>Las Rocas Beach Club<\/strong> in Costa Adeje (Calle Gran Breta\u00f1a 5) ist die Farra World Location, die die ganze Saison \u00fcber l\u00e4uft \u2014 spezielle Sessions wie <strong>TUMBAO<\/strong> und <strong>AGUASANTA<\/strong> bringen internationale DJs in eine intime Beachclub-Atmosph\u00e4re, wo der Atlantik quasi Teil der Show ist. Wenn du im S\u00fcden bist und eine Nacht erleben m\u00f6chtest, die nicht den Aufwand eines gro\u00dfen Festivals erfordert, ist das der Place to be.<\/p>\n\n<div class=\"event-meta\">\n  <ul>\n    <li><strong>\ud83d\udcc5 Wann:<\/strong> Ganzj\u00e4hrig 2026 \u2014 spezifische Daten werden pro Session \u00fcber soziale Medien bekannt gegeben<\/li>\n    <li><strong>\ud83d\udccd Wo:<\/strong> Las Rocas Beach Club, Calle Gran Breta\u00f1a 5, Costa Adeje<\/li>\n    <li><strong>\ud83c\udfb5 Typ:<\/strong> Elektronisch \/ House \u2014 Strandclub-Sessions<\/li>\n    <li><strong>\ud83c\udfa4 Lineup:<\/strong> Rotierende internationale DJs \u2014 TUMBAO und AGUASANTA Themenabende<\/li>\n    <li><strong>\ud83c\udf9f\ufe0f Tickets:<\/strong> \u20ac10\u2013\u20ac30 \u2014 <a href=\"https:\/\/farra.world\/las-rocas-beach-club\" target=\"_blank\" rel=\"noopener\">farra.world\/las-rocas-beach-club<\/a><\/li>\n    <li><strong>\ud83c\udf10 Webseite:<\/strong> <a href=\"https:\/\/lasrocasbeachclub.com\" target=\"_blank\" rel=\"noopener\">lasrocasbeachclub.com<\/a><\/li>\n    <li><strong>\ud83d\udcf8 Instagram:<\/strong> <a href=\"https:\/\/instagram.com\/lasrocasbeachclub\" target=\"_blank\" rel=\"noopener\">@lasrocasbeachclub<\/a><\/li>\n    <li><strong>\ud83d\udd04 Status:<\/strong> Laufende Reihe \u2014 folge den sozialen Kan\u00e4len f\u00fcr individuelle Veranstaltungsdaten<\/li>\n    <li><strong>\ud83d\udca1 Extra:<\/strong> In fu\u00dfl\u00e4ufiger Entfernung vom Duque Nest Hostel in Costa Adeje. Ideal f\u00fcr einen spontanen n\u00e4chtlichen Ausflug mitten im Trip ohne vorherige Planung.<\/li>\n<\/ul>\n<\/div>\n\n<hr class=\"wp-block-separator has-alpha-channel-opacity\"\/>\n\n<h2 class=\"wp-block-heading\" id=\"la-misa\">La Misa \u2014 Fr\u00fchling 2026 \ud83d\udda4<\/h2>\n\n<p>Es gibt nichts Vergleichbares zu diesem Event. <strong>La Misa<\/strong> ist eine Kult-Techno-Veranstaltung mit einem strengen <strong>schwarz-wei\u00dfen Dresscode<\/strong> und einer bewusst theatralischen \u00c4sthetik \u2013 denk an immersive Beleuchtung, religi\u00f6se visuelle Referenzen und ein Publikum, das das Ganze ernst nimmt. Die Produktion ist kompromisslos und die Line-ups sind echt au\u00dfergew\u00f6hnlich: Carl Cox, Marco Carola, Joseph Capriati, Mochakk. Wenn du in der Welt des Underground-Techno bist, planst du dieses Event auf jeden Fall ein.<\/p>\n\n<p>Das genaue Datum f\u00fcr 2026 steht noch nicht fest \u2014 La Misa best\u00e4tigt normalerweise um Ostern herum und lag historisch gesehen im April oder Juni. Folg den Farra World Kan\u00e4len und sei bereit, schnell zu handeln, wenn es soweit ist, denn es verkauft sich rasend schnell.<\/p>\n\n<div class=\"event-meta\">\n  <ul>\n    <li><strong>\ud83d\udcc5 Wann:<\/strong> Fr\u00fchling 2026 \u2014 genaues Datum steht noch aus (historisch April \/ Fr\u00fchsommer)<\/li>\n    <li><strong>\ud83d\udccd Wo:<\/strong> Golf Costa Adeje, Costa Adeje<\/li>\n    <li><strong>\ud83c\udfb5 Art:<\/strong> Techno \/ Tech House \/ Underground elektronische Musik<\/li>\n    <li><strong>\ud83c\udfa4 Fr\u00fchere Headliner:<\/strong> Carl Cox \u00b7 Marco Carola \u00b7 Joseph Capriati \u00b7 Mochakk<\/li>\n    <li><strong>\ud83c\udf9f\ufe0f Tickets:<\/strong> \u20ac30\u2013\u20ac80 \u2014 <a href=\"https:\/\/farra.world\/la-misa\" target=\"_blank\" rel=\"noopener\">farra.world\/la-misa<\/a><\/li>\n    <li><strong>\ud83c\udf10 Webseite:<\/strong> <a href=\"https:\/\/lamisafestival.com\" target=\"_blank\" rel=\"noopener\">lamisafestival.com<\/a><\/li>\n    <li><strong>\ud83d\udcf8 Instagram:<\/strong> <a href=\"https:\/\/instagram.com\/lamisafestival\" target=\"_blank\" rel=\"noopener\">@lamisafestival<\/a><\/li>\n    <li><strong>\u23f3 Status:<\/strong> Erwartet \u2014 kein Datum f\u00fcr 2026 best\u00e4tigt. Starke mehrj\u00e4hrige Erfolgsbilanz.<\/li>\n    <li><strong>\ud83d\udca1 Extra:<\/strong> Dresscode ist ALLES SCHWARZ \u2014 strikt durchgesetzt. Nicht verhandelbar, nicht optional.<\/li>\n<\/ul>\n<\/div>\n\n<figure class=\"wp-block-embed is-type-video is-provider-youtube wp-block-embed-youtube wp-embed-aspect-16-9 wp-has-aspect-ratio\"><div class=\"wp-block-embed__wrapper\">\n<iframe loading=\"lazy\" title=\"LA MISA FESTIVAL - FARRAWORLD - TENERIFE\" width=\"500\" height=\"281\" src=\"https:\/\/www.youtube.com\/embed\/Yob73SQEpe8?feature=oembed\" frameborder=\"0\" allow=\"accelerometer; autoplay; clipboard-write; encrypted-media; gyroscope; picture-in-picture; web-share\" referrerpolicy=\"strict-origin-when-cross-origin\" allowfullscreen><\/iframe>\n<\/div><\/figure>\n\n<hr class=\"wp-block-separator has-alpha-channel-opacity\"\/>\n\n<h2 class=\"wp-block-heading\" id=\"mueca\">MUECA International Street Arts Festival \u2014 Mai 2026 \ud83c\udfaa<\/h2>\n\n<p>Etwas ganz anderes und wirklich Besonderes. Bei der <strong>22. Ausgabe<\/strong> verwandelt MUECA die Stra\u00dfen und \u00f6ffentlichen Pl\u00e4tze von Puerto de la Cruz f\u00fcr vier Tage in eine Open-Air-B\u00fchne \u2014 internationale Gruppen bringen Theater, Zirkus, Clown, Tanz und Live-Musik in eine Stadt, die das alles wunderbar meistert. Es ist kostenlos. Das Ganze ist kostenlos. Komm einfach vorbei und schlender durch die Stra\u00dfen.<\/p>\n\n<p>Wenn du im September schon im Norden f\u00fcr das Phe Festival bist, solltest du wissen, dass dies das andere gro\u00dfe kostenlose Kultur-Event in Puerto de la Cruz ist. Aber MUECA im Mai hat ihre eigene Logik \u2013 das Wetter wird w\u00e4rmer, die Stadt ist noch relativ ruhig, und die Auff\u00fchrungen sind einfach anders, wenn du Zirkus in einem kolonialen Platz siehst. \ud83c\udfad<\/p>\n\n<div class=\"event-meta\">\n  <ul>\n    <li><strong>\ud83d\udcc5 Wann:<\/strong> Mai 2026 \u2014 genaue Daten werden noch bekannt gegeben (historisch Anfang Mai)<\/li>\n    <li><strong>\ud83d\udccd Wo:<\/strong> Stra\u00dfen und \u00f6ffentliche Pl\u00e4tze in ganz Puerto de la Cruz<\/li>\n    <li><strong>\ud83c\udfb5 Art:<\/strong> Stra\u00dfenkunst \/ Theater \/ Zirkus \/ Tanz \/ Musik<\/li>\n    <li><strong>\ud83c\udfa4 Lineup:<\/strong> Internationale Stra\u00dfenkunstunternehmen (werden je Ausgabe bekannt gegeben)<\/li>\n    <li><strong>\ud83c\udf9f\ufe0f Tickets:<\/strong> Freier Eintritt \u2014 alle Auff\u00fchrungen im Freien und f\u00fcr alle zug\u00e4nglich<\/li>\n    <li><strong>\ud83d\udcf8 Instagram:<\/strong> <a href=\"https:\/\/instagram.com\/muecafestival\" target=\"_blank\" rel=\"noopener\">@muecafestival<\/a><\/li>\n    <li><strong>\u23f3 Status:<\/strong> Erwartet \u2014 22. Ausgabe. Noch keine spezifischen Daten f\u00fcr 2026 best\u00e4tigt. Finanziert von Cabildo de Tenerife.<\/li>\n    <li><strong>\ud83d\udca1 Extra:<\/strong> Das Puerto Nest Hostel ist zu Fu\u00df vom Festivalbereich erreichbar. V\u00f6llig kostenlos und familienfreundlich \u2014 gro\u00dfartig f\u00fcr einen kulturellen Umweg w\u00e4hrend der Reise.<\/li>\n<\/ul>\n<\/div>\n\n<figure class=\"wp-block-embed is-type-video is-provider-youtube wp-block-embed-youtube wp-embed-aspect-16-9 wp-has-aspect-ratio\"><div class=\"wp-block-embed__wrapper\">\n<iframe loading=\"lazy\" title=\"MUECA - Street Art Festival in Puerto de la Cruz, Tenerife\" width=\"500\" height=\"281\" src=\"https:\/\/www.youtube.com\/embed\/tqXmS5Mphb4?feature=oembed\" frameborder=\"0\" allow=\"accelerometer; autoplay; clipboard-write; encrypted-media; gyroscope; picture-in-picture; web-share\" referrerpolicy=\"strict-origin-when-cross-origin\" allowfullscreen><\/iframe>\n<\/div><\/figure>\n\n<hr class=\"wp-block-separator has-alpha-channel-opacity\"\/>\n\n<h2 class=\"wp-block-heading\" id=\"tenerife-music-festival\">Tenerife Musikfestival \u2014 12.\u201313. Juni 2026 \ud83c\udfb5<\/h2>\n\n<figure class=\"wp-block-image size-full\"><img decoding=\"async\" src=\"https:\/\/nestshostels.com\/wp-content\/uploads\/2026\/03\/image-7.jpeg\" alt=\"Las Rocas Beach Club elektronische Musik-Session, Costa Adeje, Teneriffa\"\/><\/figure>\n\n<p>Zwei N\u00e4chte am <strong>Hafen von Santa Cruz<\/strong>, im Freien, mit einem der st\u00e4rksten Pop- und Urban-Lineups, die du 2026 auf der Insel finden wirst. Das Farra World&#8217;s Tenerife Music Festival hat ein klares Programm: Tag 1 (12. Juni) setzt auf Urban und Latin \u2014 <strong>Rels B, Nathy Peluso, Club Grasa, El Arrebato<\/strong>. Tag 2 (13. Juni) dreht sich um Mainstream-spanischen Pop \u2014 <strong>Camilo, Pablo Albor\u00e1n, Ana Mena, Iv\u00e1n Ferreiro<\/strong>. Zwei v\u00f6llig unterschiedliche Crowd-Vibes, was es zu einem ungew\u00f6hnlich flexiblen Zwei-Tage-Pass f\u00fcr Gruppen mit gemischten Geschm\u00e4ckern macht.<\/p>\n\n<p>Die Hafenatmosph\u00e4re macht den Gro\u00dfteil der Stimmung aus \u2014 warme Juni-Nacht, Meeresluft und ein Blick auf die Skyline. So eine Show sieht live viel besser aus, als es auf dem Plakat klingt. Tickets sind jetzt verf\u00fcgbar \u00fcber tickety.es.<\/p>\n\n<div class=\"event-meta\">\n  <ul>\n    <li><strong>\ud83d\udcc5 Wann:<\/strong> 12.\u201313. Juni 2026<\/li>\n    <li><strong>\ud83d\udccd Wo:<\/strong> Puerto de Santa Cruz de Tenerife (Freiluft-Hafenbereich)<\/li>\n    <li><strong>\ud83c\udfb5 Typ:<\/strong> Pop \/ Latin \/ Urban \u2014 zweit\u00e4giges Festival<\/li>\n    <li><strong>\ud83c\udfa4 Tag 1 (12. Jun):<\/strong> Rels B \u00b7 Nathy Peluso \u00b7 Club Grasa \u00b7 El Arrebato<\/li>\n    <li><strong>\ud83c\udfa4 Tag 2 (13. Jun):<\/strong> Camilo \u00b7 Pablo Albor\u00e1n \u00b7 Ana Mena \u00b7 Iv\u00e1n Ferreiro<\/li>\n    <li><strong>\ud83c\udf9f\ufe0f Tickets:<\/strong> \u20ac30\u2013\u20ac75 \u2014 <a href=\"https:\/\/tickety.es\" target=\"_blank\" rel=\"noopener\">tickety.es<\/a><\/li>\n    <li><strong>\ud83c\udf10 Webseite:<\/strong> <a href=\"https:\/\/farra.world\" target=\"_blank\" rel=\"noopener\">farra.world<\/a><\/li>\n    <li><strong>\ud83d\udcf8 Instagram:<\/strong> <a href=\"https:\/\/www.instagram.com\/tenerifemusicfestival\/\" target=\"_blank\" rel=\"noopener\">https:\/\/www.instagram.com\/tenerifemusicfestival\/<\/a> &#8211; <a href=\"https:\/\/instagram.com\/farraworld\" target=\"_blank\" rel=\"noopener\">@farraworld<\/a><\/li>\n    <li><strong>\u2705 Status:<\/strong> Best\u00e4tigt \u2014 Programm und Daten ver\u00f6ffentlicht, Tickets im Verkauf<\/li>\n    <li><strong>\ud83d\udca1 Extra:<\/strong> Tag 1 ist ideal f\u00fcr Urban\/Latin-Fans; Tag 2 ist reiner Mainstream spanischer Pop. Kauf dir Tickets f\u00fcr beide Tage, wenn deine Gruppe unterschiedliche Vorlieben hat \u2014 das Erlebnis ist jede Nacht v\u00f6llig anders.<\/li>\n<\/ul>\n<\/div>\n\n<figure class=\"wp-block-embed is-type-video is-provider-youtube wp-block-embed-youtube wp-embed-aspect-16-9 wp-has-aspect-ratio\"><div class=\"wp-block-embed__wrapper\">\n<iframe loading=\"lazy\" title=\"TENERIFE MUSIC FESTIVAL - 12 Y 13 DE JUNIO 2026\" width=\"500\" height=\"281\" src=\"https:\/\/www.youtube.com\/embed\/mQH6ae7KnJ4?feature=oembed\" frameborder=\"0\" allow=\"accelerometer; autoplay; clipboard-write; encrypted-media; gyroscope; picture-in-picture; web-share\" referrerpolicy=\"strict-origin-when-cross-origin\" allowfullscreen><\/iframe>\n<\/div><\/figure>\n\n<hr class=\"wp-block-separator has-alpha-channel-opacity\"\/>\n\n<h2 class=\"wp-block-heading\" id=\"san-juan\">Noche de San Juan \u2014 23.\u201324. Juni \ud83d\udd25<\/h2>\n\n<p>Kein Ticketfestival. Besser. Die <strong>Noche de San Juan<\/strong> (Mittsommernacht) ist eine dieser spanischen Traditionen, die so tief in der Kultur verwurzelt ist, dass sie keine gro\u00dfen Aufwendungen braucht \u2013 jede Strandpromenade auf Teneriffa f\u00fcllt sich um Mitternacht mit Menschen, Feuer werden entz\u00fcndet, und das Springen \u00fcber die Flammen wird sehr ernst genommen. Es ist kostenlos, es findet \u00fcberall auf der Insel statt, und es ist eine der atmosph\u00e4rischsten N\u00e4chte, die du auf Teneriffa erleben kannst, wenn du gerade dort bist. \ud83c\udf19<\/p>\n\n<div class=\"event-meta\">\n  <ul>\n    <li><strong>\ud83d\udcc5 Wann:<\/strong> 23.\u201324. Juni 2026<\/li>\n    <li><strong>\ud83d\udccd Wo:<\/strong> Str\u00e4nde auf Teneriffa \u2014 beliebte Orte sind Playa de las Teresitas (Santa Cruz) und Playa de Los Cristianos (S\u00fcden)<\/li>\n    <li><strong>\ud83c\udfb5 Art:<\/strong> Traditionelles Fest \/ Kultur<\/li>\n    <li><strong>\ud83c\udf9f\ufe0f Tickets:<\/strong> Kostenlos \u2014 kein Ticket erforderlich<\/li>\n    <li><strong>\u23f3 Status:<\/strong> J\u00e4hrliche Tradition \u2014 fester Termin jedes Jahr (23.\u201324. Juni)<\/li>\n    <li><strong>\ud83d\udca1 Extra:<\/strong> Spring \u00fcber ein Lagerfeuer um Mitternacht f\u00fcr Gl\u00fcck. Wirklich. Das ist nicht verhandelbar. \ud83d\udd25<\/li>\n<\/ul>\n<\/div>\n\n<figure class=\"wp-block-embed is-type-video is-provider-youtube wp-block-embed-youtube wp-embed-aspect-16-9 wp-has-aspect-ratio\"><div class=\"wp-block-embed__wrapper\">\n<iframe loading=\"lazy\" title=\"Noche de San Juan 2024: Una Noche M\u00e1gica en El M\u00e9dano, Tenerife | Tradiciones y Fuegos Artificiales\" width=\"500\" height=\"281\" src=\"https:\/\/www.youtube.com\/embed\/t1mUGhSEgyc?feature=oembed\" frameborder=\"0\" allow=\"accelerometer; autoplay; clipboard-write; encrypted-media; gyroscope; picture-in-picture; web-share\" referrerpolicy=\"strict-origin-when-cross-origin\" allowfullscreen><\/iframe>\n<\/div><\/figure>\n\n<hr class=\"wp-block-separator has-alpha-channel-opacity\"\/>\n\n<h2 class=\"wp-block-heading\" id=\"sting\">Sting \u2014 STING 3.0 Tour \ud83c\udfb8<\/h2>\n\n<p>Zwischen dem Jazz-Festival und dem H\u00f6hepunkt des Sommers bekommt Teneriffa einen der ikonischsten Namen in der Musik. <strong>Stings STING 3.0 Welttournee<\/strong> kommt am 10. Juli ins <strong>Anexo Palmetum<\/strong> in Santa Cruz \u2013 einen Tag nach seinem Auftritt auf Gran Canaria. Das bedeutet, es ist eine echte Zwei-Insel-Tour f\u00fcr alle, die ihm folgen wollen. Es ist ein Open-Air-Event, es ist Juli, und es ist Sting. Die Klassiker werden genau so gut klingen, wie du es brauchst. \ud83c\udf1f<\/p>\n\n<figure class=\"wp-block-image size-large\"><img loading=\"lazy\" decoding=\"async\" width=\"1024\" height=\"440\" src=\"https:\/\/nestshostels.com\/wp-content\/uploads\/2026\/03\/sting-1024x440.jpg\" alt=\"Sting &#x2014; STING 3.0 Tour &#x1F3B8;\" class=\"wp-image-22384\" srcset=\"https:\/\/nestshostels.com\/wp-content\/uploads\/2026\/03\/sting-1024x440.jpg 1024w, https:\/\/nestshostels.com\/wp-content\/uploads\/2026\/03\/sting-300x129.jpg 300w, https:\/\/nestshostels.com\/wp-content\/uploads\/2026\/03\/sting-768x330.jpg 768w, https:\/\/nestshostels.com\/wp-content\/uploads\/2026\/03\/sting.jpg 1408w\" sizes=\"auto, (max-width: 1024px) 100vw, 1024px\" \/><\/figure>\n\n<div class=\"event-meta\">\n  <ul>\n    <li><strong>\ud83d\udcc5 Wann:<\/strong> 10. Juli 2026<\/li>\n    <li><strong>\ud83d\udccd Wo:<\/strong> Anexo Palmetum, Santa Cruz de Tenerife<\/li>\n    <li><strong>\ud83c\udfb5 Art:<\/strong> Pop \/ Rock Konzert<\/li>\n    <li><strong>\ud83c\udfa4 K\u00fcnstler:<\/strong> Sting<\/li>\n    <li><strong>\ud83c\udf9f\ufe0f Tickets:<\/strong> 50 \u20ac\u2013120 \u20ac \u2014 <a href=\"https:\/\/www.canariasviaja.com\" target=\"_blank\" rel=\"noopener\">canariasviaja.com<\/a><\/li>\n    <li><strong>\ud83d\udcf8 Instagram:<\/strong> <a href=\"https:\/\/instagram.com\/theofficialsting\" target=\"_blank\" rel=\"noopener\">@theofficialsting<\/a><\/li>\n    <li><strong>\u2705 Status:<\/strong> Best\u00e4tigt<\/li>\n    <li><strong>\ud83d\udca1 Extra:<\/strong> Das Datum auf Gran Canaria ist der 9. Juli. Wenn du in dieser Woche Insel-Hopping machst, kannst du beide Konzerte erleben.<\/li>\n<\/ul>\n<\/div>\n\n<hr class=\"wp-block-separator has-alpha-channel-opacity\"\/>\n\n<h2 class=\"wp-block-heading\" id=\"canarias-jazz\">Festival Internacional Canarias Jazz &amp; M\u00e1s \u2014 Juli 2026 \ud83c\udfb7<\/h2>\n\n<figure class=\"wp-block-image size-large\"><img loading=\"lazy\" decoding=\"async\" width=\"1024\" height=\"505\" src=\"https:\/\/nestshostels.com\/wp-content\/uploads\/2026\/03\/jazz-1024x505.jpg\" alt=\"Festival Internacional Canarias Jazz &amp; M&#xE1;s &#x2014; Juli 2026 &#x1F3B7;\" class=\"wp-image-22389\" srcset=\"https:\/\/nestshostels.com\/wp-content\/uploads\/2026\/03\/jazz-1024x505.jpg 1024w, https:\/\/nestshostels.com\/wp-content\/uploads\/2026\/03\/jazz-300x148.jpg 300w, https:\/\/nestshostels.com\/wp-content\/uploads\/2026\/03\/jazz-768x379.jpg 768w, https:\/\/nestshostels.com\/wp-content\/uploads\/2026\/03\/jazz.jpg 1053w\" sizes=\"auto, (max-width: 1024px) 100vw, 1024px\" \/><\/figure>\n\n<p>F\u00fcnfunddrei\u00dfig Ausgaben und immer noch Konzerte, die \u00fcberall in Europa ausverkauft w\u00e4ren. Das <strong>Canarias Jazz &amp; M\u00e1s<\/strong> Festival erstreckt sich \u00fcber mehrere Inseln, aber der Auftritt auf Teneriffa \u2014 im <strong>Auditorio Ad\u00e1n Mart\u00edn<\/strong> \u2014 zieht die gro\u00dfen Namen an. Dieses Jahr ist <strong>Jacob Collier<\/strong> der Headliner, der mit der Orquesta Filarm\u00f3nica de Gran Canaria auftritt. Das Konzert verspricht genau das spektakul\u00e4re Crossover-Event zu sein, f\u00fcr das er bekannt ist. Er spielt auf Gran Canaria am 21. Juli und auf Teneriffa am 22. Juli.<\/p>\n\n<p>Der Rest des Programms umfasst Yellowjackets, Tigran Hamasyan und Luc\u00eda Rey. Neben den Ticketkonzerten im Auditorium gibt&#8217;s auch kostenlose Outdoor-Events, die normalerweise w\u00e4hrend des Festivals stattfinden \u2013 schau dir den Zeitplan an, wenn er komplett ver\u00f6ffentlicht ist, es lohnt sich!<\/p>\n\n<div class=\"event-meta\">\n  <ul>\n    <li><strong>\ud83d\udcc5 Wann:<\/strong> Juli 2026 \u2014 Jacob Collier hat den 22. Juli in Teneriffa best\u00e4tigt<\/li>\n    <li><strong>\ud83d\udccd Wo:<\/strong> Auditorio de Tenerife Ad\u00e1n Mart\u00edn, Santa Cruz de Tenerife<\/li>\n    <li><strong>\ud83c\udfb5 Typ:<\/strong> Jazz \/ Klassik-Crossover \/ Weltmusik<\/li>\n    <li><strong>\ud83c\udfa4 Best\u00e4tigte K\u00fcnstler:<\/strong> Jacob Collier \u00b7 Yellowjackets \u00b7 Tigran Hamasyan \u00b7 Luc\u00eda Rey<\/li>\n    <li><strong>\ud83c\udf9f\ufe0f Tickets:<\/strong> \u20ac15\u2013\u20ac60 \u2014 <a href=\"https:\/\/canariasjazz.com\" target=\"_blank\" rel=\"noopener\">canariasjazz.com<\/a><\/li>\n    <li><strong>\ud83c\udf10 Webseite:<\/strong> <a href=\"https:\/\/canariasjazz.com\" target=\"_blank\" rel=\"noopener\">canariasjazz.com<\/a><\/li>\n    <li><strong>\ud83d\udcf8 Instagram:<\/strong> <a href=\"https:\/\/instagram.com\/canariasjazz\" target=\"_blank\" rel=\"noopener\">@canariasjazz<\/a><\/li>\n    <li><strong>\u2705 Status:<\/strong> 35. Ausgabe best\u00e4tigt \u2014 vollst\u00e4ndiger Zeitplan f\u00fcr Teneriffa steht noch aus<\/li>\n    <li><strong>\ud83d\udca1 Extra:<\/strong> Kostenlose Open-Air-Konzerte werden typischerweise parallel zu den Ticketveranstaltungen im Auditorium programmiert. Es lohnt sich, @canariasjazz f\u00fcr den vollst\u00e4ndigen Zeitplan zu folgen.<\/li>\n<\/ul>\n<\/div>\n\n<hr class=\"wp-block-separator has-alpha-channel-opacity\"\/>\n\n<h2 class=\"wp-block-heading\" id=\"bresh\">BRESH Teneriffa 2026 \ud83d\udc96<\/h2>\n\n<p>Wenn du die beste Nacht mit gemischten Musikgeschm\u00e4ckern suchst, dann ist <strong>BRESH<\/strong> wahrscheinlich genau das Richtige. Die selbsternannte &#8222;la fiesta m\u00e1s linda del mundo&#8220; (die sch\u00f6nste Party der Welt) ist eine in Buenos Aires geborene Partymarke, die ihr Flair \u2013 Konfetti-Kanonen, theatrale Produktionen, Reggaeton und Latin Pop in einer Lautst\u00e4rke, die einfach zum Tanzen einl\u00e4dt \u2013 in Clubs und Veranstaltungsorte weltweit bringt. Die Teneriffa-Edition findet typischerweise im <strong>Anfiteatro Siam Park<\/strong> statt, das Platz f\u00fcr rund 5.000 Leute bietet und perfekt f\u00fcr so eine gro\u00dfe Produktionsnacht ist. \ud83c\udf8a<\/p>\n\n<p>Noch kein Datum f\u00fcr 2026 best\u00e4tigt, aber es ist seit mehreren Jahren ein fester Bestandteil des Sommerkalenders der Insel. Folge dem @bresh Instagram \u2014 wenn&#8217;s angek\u00fcndigt wird, passiert das meist 4\u20138 Wochen vor der Veranstaltung und die Tickets sind schnell ausverkauft.<\/p>\n\n<div class=\"event-meta\">\n  <ul>\n    <li><strong>\ud83d\udcc5 Wann:<\/strong> Sommer 2026 \u2014 genaues Datum TBC (historisch August\/September)<\/li>\n    <li><strong>\ud83d\udccd Wo:<\/strong> Anfiteatro Siam Park (erwartet), Costa Adeje<\/li>\n    <li><strong>\ud83c\udfb5 Typ:<\/strong> Reggaeton \/ Latin Pop \/ Urban<\/li>\n    <li><strong>\ud83c\udf9f\ufe0f Tickets:<\/strong> \u20ac25\u2013\u20ac60 \u2014 <a href=\"https:\/\/bresh.com\" target=\"_blank\" rel=\"noopener\">bresh.com<\/a><\/li>\n    <li><strong>\ud83c\udf10 Webseite:<\/strong> <a href=\"https:\/\/bresh.com\" target=\"_blank\" rel=\"noopener\">bresh.com<\/a><\/li>\n    <li><strong>\ud83d\udcf8 Instagram:<\/strong> <a href=\"https:\/\/instagram.com\/bresh\" target=\"_blank\" rel=\"noopener\">@bresh<\/a><\/li>\n    <li><strong>\u23f3 Status:<\/strong> Erwartet \u2014 starke mehrj\u00e4hrige Pr\u00e4senz auf Teneriffa. Schau dir die sozialen Kan\u00e4le f\u00fcr die Ank\u00fcndigung 2026 an.<\/li>\n    <li><strong>\ud83d\udca1 Extra:<\/strong> Super f\u00fcr Gruppen. Die Stimmung ist sozial und inklusiv, eher als &#8222;ernster Clubblick.&#8220; Komm bereit, wirklich Spa\u00df zu haben.<\/li>\n<\/ul>\n<\/div>\n\n<figure class=\"wp-block-image size-full\"><img decoding=\"async\" src=\"https:\/\/nestshostels.com\/wp-content\/uploads\/2026\/03\/ten.jpg\" alt=\"Luftaufnahme des Festivalgel&#xE4;ndes Golf Costa Adeje bei Nacht, Teneriffa\"\/><\/figure>\n\n<hr class=\"wp-block-separator has-alpha-channel-opacity\"\/>\n\n<h2 class=\"wp-block-heading\" id=\"sunblast\">Sunblast Festival \u2014 8. August 2026 \ud83d\ude80<\/h2>\n\n<p>Das ist das Ding. <strong>Sunblast<\/strong> ist das gr\u00f6\u00dfte elektronische Musikfestival auf den Kanarischen Inseln \u2014 ein eint\u00e4giges Event von \u00fcber neun Stunden auf <strong>sechs oder sieben B\u00fchnen<\/strong> im Golf Costa Adeje, mit einer Produktionsgr\u00f6\u00dfe, die wirklich international wirkt. Die Ausgabe 2025 zog ein sichtbar diverses Publikum an \u2014 Spanier, Deutsche, Italiener, Briten und eine Gruppe von Leuten, die ihren gesamten Urlaub klar um diesen speziellen Samstag herum geplant hatten. So ein Event ist das.<\/p>\n\n<p>Fr\u00fche Ausgaben hatten <strong>Boris Brejcha, Bad Gyal und Steve Aoki<\/strong> unter den Headlinern. Die Line-up f\u00fcr 2026 steht noch nicht fest, aber das Datum am 8. August ist best\u00e4tigt \u2014 Organisator Farra World hat es via @sunblast_festival bekanntgegeben, bevor die Saison startete. Buch dir so schnell wie m\u00f6glich eine Unterkunft, denn Costa Adeje f\u00fcllt sich schnell, wenn Sunblast stattfindet. \ud83d\udd0a<\/p>\n\n<p>Der Rhythmus, der am besten f\u00fcr das Sunblast-Wochenende funktioniert: Komm am Freitag an, chill am Freitag am Strand und entspanne dich. Samstag ist Festival, Sonntag ist f\u00fcr die volle Erholung am Ozean reserviert. Versuch nicht, zu viel zu machen \u2014 das Festival selbst ist der Plan.<\/p>\n\n<div class=\"event-meta\">\n  <ul>\n    <li><strong>\ud83d\udcc5 Wann:<\/strong> 8. August 2026<\/li>\n    <li><strong>\ud83d\udccd Wo:<\/strong> Golf Costa Adeje, Costa Adeje, Teneriffa<\/li>\n    <li><strong>\ud83c\udfb5 Typ:<\/strong> Elektronisch \/ Mehrb\u00fchnenfestival \u2014 9+ Stunden, 6\u20137 B\u00fchnen<\/li>\n    <li><strong>\ud83c\udfa4 Lineup:<\/strong> Wird noch bekannt gegeben \u2014 fr\u00fchere Headliner: Boris Brejcha \u00b7 Bad Gyal \u00b7 Steve Aoki<\/li>\n    <li><strong>\ud83c\udf9f\ufe0f Tickets:<\/strong> \u20ac40\u2013\u20ac100 \u2014 <a href=\"https:\/\/farra.world\/sunblast\" target=\"_blank\" rel=\"noopener\">farra.world\/sunblast<\/a><\/li>\n    <li><strong>\ud83c\udf10 Webseite:<\/strong> <a href=\"https:\/\/sunblastfestival.com\" target=\"_blank\" rel=\"noopener\">sunblastfestival.com<\/a><\/li>\n    <li><strong>\ud83d\udcf8 Instagram:<\/strong> <a href=\"https:\/\/instagram.com\/sunblast_festival\" target=\"_blank\" rel=\"noopener\">@sunblast_festival<\/a><\/li>\n    <li><strong>\u2705 Status:<\/strong> Best\u00e4tigt \u2014 Datum 8. August wurde \u00fcber das offizielle Instagram bekannt gegeben. Lineup wird noch bekannt gegeben.<\/li>\n    <li><strong>\ud83d\udca1 Extra:<\/strong> Das gr\u00f6\u00dfte elektronische Event im Kalender der Kanarischen Inseln. Buche Betten in Costa Adeje fr\u00fchzeitig \u2014 hier wird es teuer, wenn man zu sp\u00e4t plant. Wenn du eine Gruppe von 4+ bist, sichere dir jetzt deine Unterkunft und k\u00fcmmere dich sp\u00e4ter um die Tickets.<\/li>\n<\/ul>\n<\/div>\n\n<figure class=\"wp-block-embed is-type-video is-provider-youtube wp-block-embed-youtube wp-embed-aspect-16-9 wp-has-aspect-ratio\"><div class=\"wp-block-embed__wrapper\">\n<iframe loading=\"lazy\" title=\"SUNBLAST FESTIVAL 2019 | LineUP Teaser\" width=\"500\" height=\"281\" src=\"https:\/\/www.youtube.com\/embed\/4ZKNOk3tapU?feature=oembed\" frameborder=\"0\" allow=\"accelerometer; autoplay; clipboard-write; encrypted-media; gyroscope; picture-in-picture; web-share\" referrerpolicy=\"strict-origin-when-cross-origin\" allowfullscreen><\/iframe>\n<\/div><\/figure>\n\n<hr class=\"wp-block-separator has-alpha-channel-opacity\"\/>\n\n<h2 class=\"wp-block-heading\" id=\"phe-festival\">Phe Festival \u2014 4.\u20135. September 2026 \ud83c\udfb8<\/h2>\n\n<p>Wenn Sunblast Teneriffas Antwort auf ein gro\u00dfes europ\u00e4isches Elektronikfestival ist, dann ist <strong>Phe<\/strong> die Antwort auf ein richtiges Indie-Festival mit Seele. In seiner <strong>11. Auflage<\/strong> \u00fcbernimmt Phe die <strong>Explanada del Muelle<\/strong> \u2013 die Uferpromenade von Puerto de la Cruz \u2013 f\u00fcr zwei Tage voller Indie-, Alternative- und elektronischer Musik, die echt in der lokalen Szene verwurzelt ist, ohne sich von der breiteren Welt abzukapseln.<\/p>\n\n<p>Die Line-up f\u00fcr 2026 umfasst <strong>Carlos Ares, Rufus T. Firefly, Barry B, Natalia Doco, Ona Mafalda und Choclock<\/strong> \u2014 eine tolle Mischung aus kanarischen und internationalen Acts mit starkem Indie-Charme. Die Early Bird Tickets sind schon f\u00fcr 25 \u20ac erh\u00e4ltlich, was ein super Preis f\u00fcr ein zweit\u00e4giges Festival am Meer ist. Es ist das Event, das jedes Jahr mehr wert ist, als es kostet. \ud83c\udf0a<\/p>\n\n<div class=\"event-meta\">\n  <ul>\n    <li><strong>\ud83d\udcc5 Wann:<\/strong> 4.\u20135. September 2026<\/li>\n    <li><strong>\ud83d\udccd Wo:<\/strong> Explanada del Muelle (Hafenpromenade), Puerto de la Cruz<\/li>\n    <li><strong>\ud83c\udfb5 Typ:<\/strong> Indie \/ Alternative \/ Elektronisch \u2014 zweit\u00e4giges Festival<\/li>\n    <li><strong>\ud83c\udfa4 Best\u00e4tigte K\u00fcnstler:<\/strong> Carlos Ares \u00b7 Rufus T. Firefly \u00b7 Barry B \u00b7 Natalia Doco \u00b7 Ona Mafalda \u00b7 Choclock<\/li>\n    <li><strong>\ud83c\udf9f\ufe0f Tickets:<\/strong> 25 \u20ac\u201355 \u20ac (Fr\u00fchbucher aktiv) \u2014 <a href=\"https:\/\/phefestival.es\" target=\"_blank\" rel=\"noopener\">phefestival.es<\/a><\/li>\n    <li><strong>\ud83c\udf10 Webseite:<\/strong> <a href=\"https:\/\/phefestival.es\" target=\"_blank\" rel=\"noopener\">phefestival.es<\/a><\/li>\n    <li><strong>\ud83d\udcf8 Instagram:<\/strong> <a href=\"https:\/\/instagram.com\/phefestival\" target=\"_blank\" rel=\"noopener\">@phefestival<\/a><\/li>\n    <li><strong>\u2705 Status:<\/strong> Best\u00e4tigt \u2014 11. Ausgabe, Daten und teilweise Line-up ver\u00f6ffentlicht, Fr\u00fchbucher im Verkauf<\/li>\n    <li><strong>\ud83d\udca1 Extra:<\/strong> Das Puerto Nest Hostel ist fu\u00dfl\u00e4ufig von der Explanada del Muelle entfernt. September in Puerto de la Cruz bedeutet warme Abende, kleinere Touristenmengen und eine Stadt, die dieses Festival wirklich lebt.<\/li>\n<\/ul>\n<\/div>\n\n<figure class=\"wp-block-embed is-type-video is-provider-youtube wp-block-embed-youtube wp-embed-aspect-16-9 wp-has-aspect-ratio\"><div class=\"wp-block-embed__wrapper\">\n<iframe loading=\"lazy\" title=\"\ud83c\udfb5\ud83d\udc9b Aftermovie S\u00e1bado 24 | PHE FESTIVAL 2024  - #tenerife #islascanarias #puertodelacruz\" width=\"500\" height=\"281\" src=\"https:\/\/www.youtube.com\/embed\/iZsAQezuFt8?feature=oembed\" frameborder=\"0\" allow=\"accelerometer; autoplay; clipboard-write; encrypted-media; gyroscope; picture-in-picture; web-share\" referrerpolicy=\"strict-origin-when-cross-origin\" allowfullscreen><\/iframe>\n<\/div><\/figure>\n\n<hr class=\"wp-block-separator has-alpha-channel-opacity\"\/>\n\n<h2 class=\"wp-block-heading\" id=\"noctambula\">Noct\u00e1mbula Festival \u2014 12. September 2026 \u26a1<\/h2>\n\n<p>Brandneues Event, aber der Headliner allein macht es unvergesslich. <strong>Noct\u00e1mbula<\/strong> ist ein Deb\u00fct-Festival im <strong>Recinto Ferial de Tenerife<\/strong>, das auf immersiver Produktion und einem filmischen audiovisuellen Erlebnis basiert \u2014 und dessen Headliner ist <strong>Symphony of Unity<\/strong>, das symphonische Projekt von Tomorrowland, das orchestrale und elektronische Musik auf eine Art und Weise verbindet, die das Wort &#8222;spektakul\u00e4r&#8220; wirklich verdient. Das ist der <strong>einzige Termin in Spanien 2026<\/strong>. Wenn du im September irgendwo in der N\u00e4he von Teneriffa bist, ist das Grund genug, am 12. in Santa Cruz zu sein.<\/p>\n\n<p>Tickets gehen anscheinend schnell weg f\u00fcr dieses erste Event, was ein gutes Zeichen daf\u00fcr ist, wie die elektronische Community darauf reagiert hat. Deb\u00fctfestivals mit so einem Hauptact landen entweder voll im Ziel oder bringen dir eine Lektion bei \u2013 aber mit Symphony of Unity im Line-Up ist das Potenzial, wie gro\u00dfartig das werden kann, ziemlich hoch. \u26a1<\/p>\n\n<div class=\"event-meta\">\n  <ul>\n    <li><strong>\ud83d\udcc5 Wann:<\/strong> 12. September 2026<\/li>\n    <li><strong>\ud83d\udccd Wo:<\/strong> Recinto Ferial de Tenerife, Santa Cruz de Tenerife<\/li>\n    <li><strong>\ud83c\udfb5 Typ:<\/strong> Elektronisch \/ Symphonisch \/ Immersiv \u2014 gro\u00dfe Produktion<\/li>\n    <li><strong>\ud83c\udfa4 Best\u00e4tigte K\u00fcnstler:<\/strong> Symphony of Unity (Tomorrowland-Symphonieprojekt) \u00b7 DJ Bjones<\/li>\n    <li><strong>\ud83c\udf9f\ufe0f Tickets:<\/strong> 35 \u20ac\u201380 \u20ac \u2014 <a href=\"https:\/\/noctambulatenerife.com\" target=\"_blank\" rel=\"noopener\">noctambulatenerife.com<\/a><\/li>\n    <li><strong>\ud83c\udf10 Webseite:<\/strong> <a href=\"https:\/\/noctambulatenerife.com\" target=\"_blank\" rel=\"noopener\">noctambulatenerife.com<\/a><\/li>\n    <li><strong>\ud83d\udcf8 Instagram:<\/strong> <a href=\"https:\/\/instagram.com\/noctambulatenerife\" target=\"_blank\" rel=\"noopener\">@noctambulatenerife<\/a><\/li>\n    <li><strong>\u2705 Status:<\/strong> Best\u00e4tigt \u2014 erste Ausgabe. Tickets verkaufen sich schnell.<\/li>\n    <li><strong>\ud83d\udca1 Extra:<\/strong> Symphony of Unity ist das EINZIGE Datum in Spanien f\u00fcr 2026 f\u00fcr dieses Tomorrowland-Projekt. Wenn du sie schon einmal gesehen hast, wei\u00dft du, was dich erwartet. Wenn nicht, ist das deine Chance.<\/li>\n<\/ul>\n<\/div>\n\n<hr class=\"wp-block-separator has-alpha-channel-opacity\"\/>\n\n<h2 class=\"wp-block-heading\" id=\"penon-fest\">Tenerife Pe\u00f1\u00f3n Fest \u2014 23.\u201324. Oktober 2026 \ud83e\udd18<\/h2>\n\n<p>Der Beweis, dass die Festival-Saison in Teneriffa nicht endet, wenn der Sommer vorbei ist. Das <strong>Tenerife Pe\u00f1\u00f3n Fest<\/strong> zieht f\u00fcr seine Ausgabe 2026 vom Puerto de la Cruz zum <strong>Palmetum-Parkplatz in Santa Cruz<\/strong>. Freu dich auf ein wirklich starkes Rock- und Indie-Line-up: <strong>Pignoise, Maika Makovski, La La Love You, Biznaga, Carlos Sadness, Melifluo und Postcode<\/strong> an zwei Tagen. Dieses Festival zieht die Leute nicht nur wegen eines bestimmten Headliners an, sondern weil das ganze Wochenende einfach ihr Ding ist. \ud83c\udfb8<\/p>\n\n<p>Der Oktober auf Teneriffa ist einfach gro\u00dfartig \u2013 die Temperaturen sind immer noch warm (typisch 24\u201326\u00b0C), die Touristenmengen sind gesunken und die Insel hat einen anderen Rhythmus. Wenn du Festival-Feeling ohne die Menschenmassen und Preise der Hochsaison willst, ist das deine Chance.<\/p>\n\n<div class=\"event-meta\">\n  <ul>\n    <li><strong>\ud83d\udcc5 Wann:<\/strong> 23.\u201324. Oktober 2026<\/li>\n    <li><strong>\ud83d\udccd Wo:<\/strong> Palmetum Parkplatz, Santa Cruz de Tenerife<\/li>\n    <li><strong>\ud83c\udfb5 Typ:<\/strong> Rock \/ Indie \/ Pop Punk \u2014 zweit\u00e4giges Festival<\/li>\n    <li><strong>\ud83c\udfa4 Best\u00e4tigtes Line-up:<\/strong> Pignoise \u00b7 Maika Makovski \u00b7 La La Love You \u00b7 Biznaga \u00b7 Carlos Sadness \u00b7 Melifluo \u00b7 Postcode<\/li>\n    <li><strong>\ud83c\udf9f\ufe0f Tickets:<\/strong> 25 \u20ac\u201355 \u20ac \u2014 <a href=\"https:\/\/tenerifepenonfest.es\" target=\"_blank\" rel=\"noopener\">tenerifepenonfest.es<\/a> \/ <a href=\"https:\/\/tomaticket.es\" target=\"_blank\" rel=\"noopener\">tomaticket.es<\/a><\/li>\n    <li><strong>\ud83c\udf10 Webseite:<\/strong> <a href=\"https:\/\/tenerifepenonfest.es\" target=\"_blank\" rel=\"noopener\">tenerifepenonfest.es<\/a><\/li>\n    <li><strong>\ud83d\udcf8 Instagram:<\/strong> <a href=\"https:\/\/instagram.com\/tenerifepenonfest\" target=\"_blank\" rel=\"noopener\">@tenerifepenonfest<\/a><\/li>\n    <li><strong>\u2705 Status:<\/strong> Best\u00e4tigt \u2014 Standortwechsel nach Santa Cruz best\u00e4tigt. Tickets im Verkauf.<\/li>\n    <li><strong>\ud83d\udca1 Extra:<\/strong> Das beste Festivalwochenende des Jahres f\u00fcr Rock\/Indie-Fans. Die Preise im Oktober in Teneriffa sind deutlich niedriger als im August \u2014 Fl\u00fcge, Betten, alles.<\/li>\n<\/ul>\n<\/div>\n\n<figure class=\"wp-block-embed is-type-video is-provider-youtube wp-block-embed-youtube wp-embed-aspect-16-9 wp-has-aspect-ratio\"><div class=\"wp-block-embed__wrapper\">\n<iframe loading=\"lazy\" title=\"Tenerife Pe\u00f1\u00f3n Fest 2025 aftermovie\" width=\"500\" height=\"281\" src=\"https:\/\/www.youtube.com\/embed\/qt73RUX__9s?feature=oembed\" frameborder=\"0\" allow=\"accelerometer; autoplay; clipboard-write; encrypted-media; gyroscope; picture-in-picture; web-share\" referrerpolicy=\"strict-origin-when-cross-origin\" allowfullscreen><\/iframe>\n<\/div><\/figure>\n\n<hr class=\"wp-block-separator has-alpha-channel-opacity\"\/>\n\n<h2 class=\"wp-block-heading\" id=\"elrow-xxl\">Elrow XXL Tenerife \u2014 Oktober 2026 \ud83c\udfad<\/h2>\n\n<p>Die elektronische Saison endet mit einem Knall. <strong>Elrow XXL<\/strong> ist die XXL-Ausgabe von Teneriffa der in Barcelona gegr\u00fcndeten immersiven Party-Marke \u2014 zur\u00fcck im <strong>Golf Costa Adeje<\/strong> f\u00fcr eine Produktion, die das gesamte Gel\u00e4nde f\u00fcllt und die Art von Konfetti-Mengen, umherziehenden K\u00fcnstlern und thematischem visuellen Chaos bietet, die du entweder sofort liebst oder zwei Minuten brauchst, um dich daran zu gew\u00f6hnen, bevor du es sofort liebst. Die Kapazit\u00e4t betr\u00e4gt <strong>20.000+<\/strong>, was es zu einem der gr\u00f6\u00dften eint\u00e4gigen elektronischen Events in Spanien macht.<\/p>\n\n<p>Das genaue Datum im Oktober steht noch nicht fest \u2014 die Ausgabe 2025 war am 11. Oktober \u2014 aber die Farra World Kan\u00e4le werden es rechtzeitig ank\u00fcndigen, damit du planen kannst. Wenn Sunblast das Sommer-Flaggschiff ist, dann ist Elrow XXL der kr\u00f6nende Abschluss der Saison. \ud83c\udf8a<\/p>\n\n<div class=\"event-meta\">\n  <ul>\n    <li><strong>\ud83d\udcc5 Wann:<\/strong> Oktober 2026 \u2014 genaues Datum wird noch bekannt gegeben (Ausgabe 2025: 11. Oktober)<\/li>\n    <li><strong>\ud83d\udccd Wo:<\/strong> Golf Costa Adeje, Costa Adeje<\/li>\n    <li><strong>\ud83c\udfb5 Typ:<\/strong> Elektronisch \/ House \/ Techno \u2014 immersive Gro\u00dfproduktion<\/li>\n    <li><strong>\ud83c\udfa4 Lineup:<\/strong> Wird noch bekannt gegeben \u2014 in der Regel 2\u20133 Monate vor der Veranstaltung angek\u00fcndigt<\/li>\n    <li><strong>\ud83c\udf9f\ufe0f Tickets:<\/strong> 35 \u20ac\u201390 \u20ac \u2014 <a href=\"https:\/\/farra.world\/elrow\" target=\"_blank\" rel=\"noopener\">farra.world\/elrow<\/a><\/li>\n    <li><strong>\ud83c\udf10 Webseite:<\/strong> <a href=\"https:\/\/elrow.com\" target=\"_blank\" rel=\"noopener\">elrow.com<\/a><\/li>\n    <li><strong>\ud83d\udcf8 Instagram:<\/strong> <a href=\"https:\/\/instagram.com\/elrow\" target=\"_blank\" rel=\"noopener\">@elrow<\/a><\/li>\n    <li><strong>\u23f3 Status:<\/strong> Erwatet \u2014 starke j\u00e4hrliche Pr\u00e4senz. Noch kein Datum f\u00fcr 2026 best\u00e4tigt. Organisiert von Farra World.<\/li>\n    <li><strong>\ud83d\udca1 Extra:<\/strong> Das XXL-Format ist einzigartig auf Teneriffa \u2014 erheblich gr\u00f6\u00dfer und aufwendiger als die Standard-Elrow-Events. Denke an eine vollst\u00e4ndige Festivalproduktion, nicht an eine Clubnacht.<\/li>\n<\/ul>\n<\/div>\n\n<figure class=\"wp-block-embed is-type-video is-provider-youtube wp-block-embed-youtube wp-embed-aspect-16-9 wp-has-aspect-ratio\"><div class=\"wp-block-embed__wrapper\">\n<iframe loading=\"lazy\" title=\"ELROW Tenerife XXL Iphone 15 Pro Max Prores Log test\" width=\"500\" height=\"281\" src=\"https:\/\/www.youtube.com\/embed\/MWnsGNb9yF8?feature=oembed\" frameborder=\"0\" allow=\"accelerometer; autoplay; clipboard-write; encrypted-media; gyroscope; picture-in-picture; web-share\" referrerpolicy=\"strict-origin-when-cross-origin\" allowfullscreen><\/iframe>\n<\/div><\/figure>\n\n<hr class=\"wp-block-separator has-alpha-channel-opacity\"\/>\n\n<h2 class=\"wp-block-heading\" id=\"where-to-stay\">Wo du w\u00e4hrend deines Festival-Trips nach Teneriffa \u00fcbernachten kannst \ud83d\udccd<\/h2>\n\n<p>Die kurze Version: <strong>Basis im S\u00fcden f\u00fcr elektronische Events, Basis im Norden f\u00fcr Indie-\/Kunst-Events<\/strong>, und wenn du eine Multi-Event-Reise planst, ist der Nest Pass echt eine \u00dcberlegung wert.<\/p>\n\n<h3 class=\"wp-block-heading\">S\u00fcd-Teneriffa (Costa Adeje-Gebiet) \u2014 Lost Nomads, La Misa, Sunblast, BRESH, Elrow XXL, Las Rocas<\/h3>\n\n<p>Fast jede gro\u00dfe elektronische Veranstaltung im Jahr 2026 nutzt <strong>Golf Costa Adeje<\/strong> oder die Siam Park Zone als Veranstaltungsort. Das macht <strong>Costa Adeje<\/strong> zum logischen Zentrum der Festivalkarte. Du bist mit dem Taxi in 5\u201310 Minuten bei den Hauptveranstaltungen, kannst einige der besten Str\u00e4nde von Teneriffa zu Fu\u00df erreichen und bist nur einen kurzen Spaziergang oder Uber-Fahrt von Los Cristianos entfernt, falls du die Gegend erkunden m\u00f6chtest.<\/p>\n\n<p><a href=\"https:\/\/nestshostels.com\/Duque-Nest-hostel-tenerife\/\">Duque Nest Hostel<\/a> ist unsere Basis im S\u00fcden von Teneriffa. Ein super angebundener Spot f\u00fcr den elektronischen Festival-Kalender \u2014 buche so fr\u00fch wie m\u00f6glich f\u00fcr das Sunblast-Wochenende, denn die Betten im S\u00fcden sind im August schnell ausgebucht. Schau dir auch <a href=\"https:\/\/nestshostels.com\/fr\/hostel\/hostal-los-amigos-tenerife\/\">Los Amigos<\/a>, <a href=\"https:\/\/nestshostels.com\/fr\/hostel\/medano-nest-hostel\/\">El Medano<\/a>, <a href=\"https:\/\/nestshostels.com\/fr\/hostel\/ashavana-nest-hostel\/\">Ashavana<\/a> an.<\/p>\n\n<figure class=\"wp-block-gallery has-nested-images columns-default is-cropped wp-block-gallery-1 is-layout-flex wp-block-gallery-is-layout-flex\">\n<figure data-wp-context=\"{&quot;imageId&quot;:&quot;69f1b9f091993&quot;}\" data-wp-interactive=\"core\/image\" data-wp-key=\"69f1b9f091993\" class=\"wp-block-image size-large wp-lightbox-container\"><img loading=\"lazy\" decoding=\"async\" width=\"1024\" height=\"768\" data-wp-class--hide=\"state.isContentHidden\" data-wp-class--show=\"state.isContentVisible\" data-wp-init=\"callbacks.setButtonStyles\" data-wp-on--click=\"actions.showLightbox\" data-wp-on--load=\"callbacks.setButtonStyles\" data-wp-on-window--resize=\"callbacks.setButtonStyles\" data-id=\"15670\" src=\"https:\/\/nestshostels.com\/wp-content\/uploads\/Duque-Social-Night-Hostels-1024x768.jpg\" alt=\"Duque Social Night Hostels\" class=\"wp-image-15670\" srcset=\"https:\/\/nestshostels.com\/wp-content\/uploads\/Duque-Social-Night-Hostels-1024x768.jpg 1024w, https:\/\/nestshostels.com\/wp-content\/uploads\/Duque-Social-Night-Hostels-300x225.jpg 300w, https:\/\/nestshostels.com\/wp-content\/uploads\/Duque-Social-Night-Hostels-768x576.jpg 768w, https:\/\/nestshostels.com\/wp-content\/uploads\/Duque-Social-Night-Hostels-1536x1152.jpg 1536w, https:\/\/nestshostels.com\/wp-content\/uploads\/Duque-Social-Night-Hostels-2048x1536.jpg 2048w\" sizes=\"auto, (max-width: 1024px) 100vw, 1024px\" \/><button\n\t\t\tclass=\"lightbox-trigger\"\n\t\t\ttype=\"button\"\n\t\t\taria-haspopup=\"dialog\"\n\t\t\taria-label=\"Vergr\u00f6\u00dfern\"\n\t\t\tdata-wp-init=\"callbacks.initTriggerButton\"\n\t\t\tdata-wp-on--click=\"actions.showLightbox\"\n\t\t\tdata-wp-style--right=\"state.imageButtonRight\"\n\t\t\tdata-wp-style--top=\"state.imageButtonTop\"\n\t\t>\n\t\t\t<svg xmlns=\"http:\/\/www.w3.org\/2000\/svg\" width=\"12\" height=\"12\" fill=\"none\" viewBox=\"0 0 12 12\">\n\t\t\t\t<path fill=\"#fff\" d=\"M2 0a2 2 0 0 0-2 2v2h1.5V2a.5.5 0 0 1 .5-.5h2V0H2Zm2 10.5H2a.5.5 0 0 1-.5-.5V8H0v2a2 2 0 0 0 2 2h2v-1.5ZM8 12v-1.5h2a.5.5 0 0 0 .5-.5V8H12v2a2 2 0 0 1-2 2H8Zm2-12a2 2 0 0 1 2 2v2h-1.5V2a.5.5 0 0 0-.5-.5H8V0h2Z\" \/>\n\t\t\t<\/svg>\n\t\t<\/button><figcaption class=\"wp-element-caption\">Duque Social Night Hostels<\/figcaption><\/figure>\n\n\n\n<figure data-wp-context=\"{&quot;imageId&quot;:&quot;69f1b9f0924fe&quot;}\" data-wp-interactive=\"core\/image\" data-wp-key=\"69f1b9f0924fe\" class=\"wp-block-image size-large wp-lightbox-container\"><img loading=\"lazy\" decoding=\"async\" width=\"768\" height=\"1024\" data-wp-class--hide=\"state.isContentHidden\" data-wp-class--show=\"state.isContentVisible\" data-wp-init=\"callbacks.setButtonStyles\" data-wp-on--click=\"actions.showLightbox\" data-wp-on--load=\"callbacks.setButtonStyles\" data-wp-on-window--resize=\"callbacks.setButtonStyles\" data-id=\"17618\" src=\"https:\/\/nestshostels.com\/wp-content\/uploads\/Medano-Ping-Pong-Activity-768x1024.jpg\" alt=\"El Medano Nest Hostel Ping Pong Aktivit&#xE4;t\" class=\"wp-image-17618\" srcset=\"https:\/\/nestshostels.com\/wp-content\/uploads\/Medano-Ping-Pong-Activity-768x1024.jpg 768w, https:\/\/nestshostels.com\/wp-content\/uploads\/Medano-Ping-Pong-Activity-225x300.jpg 225w, https:\/\/nestshostels.com\/wp-content\/uploads\/Medano-Ping-Pong-Activity-1152x1536.jpg 1152w, https:\/\/nestshostels.com\/wp-content\/uploads\/Medano-Ping-Pong-Activity-1536x2048.jpg 1536w, https:\/\/nestshostels.com\/wp-content\/uploads\/Medano-Ping-Pong-Activity-scaled.jpg 1920w\" sizes=\"auto, (max-width: 768px) 100vw, 768px\" \/><button\n\t\t\tclass=\"lightbox-trigger\"\n\t\t\ttype=\"button\"\n\t\t\taria-haspopup=\"dialog\"\n\t\t\taria-label=\"Vergr\u00f6\u00dfern\"\n\t\t\tdata-wp-init=\"callbacks.initTriggerButton\"\n\t\t\tdata-wp-on--click=\"actions.showLightbox\"\n\t\t\tdata-wp-style--right=\"state.imageButtonRight\"\n\t\t\tdata-wp-style--top=\"state.imageButtonTop\"\n\t\t>\n\t\t\t<svg xmlns=\"http:\/\/www.w3.org\/2000\/svg\" width=\"12\" height=\"12\" fill=\"none\" viewBox=\"0 0 12 12\">\n\t\t\t\t<path fill=\"#fff\" d=\"M2 0a2 2 0 0 0-2 2v2h1.5V2a.5.5 0 0 1 .5-.5h2V0H2Zm2 10.5H2a.5.5 0 0 1-.5-.5V8H0v2a2 2 0 0 0 2 2h2v-1.5ZM8 12v-1.5h2a.5.5 0 0 0 .5-.5V8H12v2a2 2 0 0 1-2 2H8Zm2-12a2 2 0 0 1 2 2v2h-1.5V2a.5.5 0 0 0-.5-.5H8V0h2Z\" \/>\n\t\t\t<\/svg>\n\t\t<\/button><figcaption class=\"wp-element-caption\">El Medano Nest Hostel Ping Pong Aktivit\u00e4t<\/figcaption><\/figure>\n\n\n\n<figure data-wp-context=\"{&quot;imageId&quot;:&quot;69f1b9f09390e&quot;}\" data-wp-interactive=\"core\/image\" data-wp-key=\"69f1b9f09390e\" class=\"wp-block-image size-large wp-lightbox-container\"><img loading=\"lazy\" decoding=\"async\" width=\"819\" height=\"1024\" data-wp-class--hide=\"state.isContentHidden\" data-wp-class--show=\"state.isContentVisible\" data-wp-init=\"callbacks.setButtonStyles\" data-wp-on--click=\"actions.showLightbox\" data-wp-on--load=\"callbacks.setButtonStyles\" data-wp-on-window--resize=\"callbacks.setButtonStyles\" data-id=\"20795\" src=\"https:\/\/nestshostels.com\/wp-content\/uploads\/2025\/12\/los-amigos-hostel-819x1024.jpg\" alt=\"Los Amigos Nests Hostels Teneriffa S&#xFC;d\" class=\"wp-image-20795\" srcset=\"https:\/\/nestshostels.com\/wp-content\/uploads\/2025\/12\/los-amigos-hostel-819x1024.jpg 819w, https:\/\/nestshostels.com\/wp-content\/uploads\/2025\/12\/los-amigos-hostel-240x300.jpg 240w, https:\/\/nestshostels.com\/wp-content\/uploads\/2025\/12\/los-amigos-hostel-768x960.jpg 768w, https:\/\/nestshostels.com\/wp-content\/uploads\/2025\/12\/los-amigos-hostel.jpg 1100w\" sizes=\"auto, (max-width: 819px) 100vw, 819px\" \/><button\n\t\t\tclass=\"lightbox-trigger\"\n\t\t\ttype=\"button\"\n\t\t\taria-haspopup=\"dialog\"\n\t\t\taria-label=\"Vergr\u00f6\u00dfern\"\n\t\t\tdata-wp-init=\"callbacks.initTriggerButton\"\n\t\t\tdata-wp-on--click=\"actions.showLightbox\"\n\t\t\tdata-wp-style--right=\"state.imageButtonRight\"\n\t\t\tdata-wp-style--top=\"state.imageButtonTop\"\n\t\t>\n\t\t\t<svg xmlns=\"http:\/\/www.w3.org\/2000\/svg\" width=\"12\" height=\"12\" fill=\"none\" viewBox=\"0 0 12 12\">\n\t\t\t\t<path fill=\"#fff\" d=\"M2 0a2 2 0 0 0-2 2v2h1.5V2a.5.5 0 0 1 .5-.5h2V0H2Zm2 10.5H2a.5.5 0 0 1-.5-.5V8H0v2a2 2 0 0 0 2 2h2v-1.5ZM8 12v-1.5h2a.5.5 0 0 0 .5-.5V8H12v2a2 2 0 0 1-2 2H8Zm2-12a2 2 0 0 1 2 2v2h-1.5V2a.5.5 0 0 0-.5-.5H8V0h2Z\" \/>\n\t\t\t<\/svg>\n\t\t<\/button><figcaption class=\"wp-element-caption\">Los Amigos Nests Hostels Teneriffa S\u00fcd<\/figcaption><\/figure>\n<figcaption class=\"blocks-gallery-caption wp-element-caption\">Unsere S\u00fcd-Hostels<\/figcaption><\/figure>\n\n<h3 class=\"wp-block-heading\">Nordteneriffa (Puerto de la Cruz) \u2014 Phe Festival, MUECA<\/h3>\n\n<p>Das Phe Festival und MUECA finden beide in Puerto de la Cruz statt, und die Stadt ist echt super f\u00fcr ein paar N\u00e4chte. Die <strong>Explanada del Muelle<\/strong> (der Ort von Phe) ist fu\u00dfl\u00e4ufig vom Zentrum entfernt, es gibt schwarze Sandstr\u00e4nde in der N\u00e4he, und die Altstadt hat eine andere Energie als der S\u00fcden \u2014 lokaler, architektonischer und ein bisschen interessanter zum Herumstreifen. \ud83c\udf3f<\/p>\n\n<p><a href=\"https:\/\/nestshostels.com\/puerto-Nest-hostel-tenerife\/\">Puerto Nest Hostel<\/a> bringt dich mitten ins Geschehen. Lauf zum Phe Festival, lauf zu den MUECA Auff\u00fchrungen, lauf zum Hafen.<\/p>\n\n<figure class=\"wp-block-image size-large\"><img loading=\"lazy\" decoding=\"async\" width=\"1024\" height=\"576\" src=\"https:\/\/nestshostels.com\/wp-content\/uploads\/2026\/02\/Nest-Pass-2026-1024x576.jpeg\" alt=\"Nest Pass Der Hostelpass in den Kanaren, mit Rabatt und Freiheit, sich zu bewegen\" class=\"wp-image-21766\" srcset=\"https:\/\/nestshostels.com\/wp-content\/uploads\/2026\/02\/Nest-Pass-2026-1024x576.jpeg 1024w, https:\/\/nestshostels.com\/wp-content\/uploads\/2026\/02\/Nest-Pass-2026-300x169.jpeg 300w, https:\/\/nestshostels.com\/wp-content\/uploads\/2026\/02\/Nest-Pass-2026-768x432.jpeg 768w, https:\/\/nestshostels.com\/wp-content\/uploads\/2026\/02\/Nest-Pass-2026-1536x864.jpeg 1536w, https:\/\/nestshostels.com\/wp-content\/uploads\/2026\/02\/Nest-Pass-2026.jpeg 1600w\" sizes=\"auto, (max-width: 1024px) 100vw, 1024px\" \/><figcaption class=\"wp-element-caption\">Nest Pass Der Hostelpass in den Kanaren, mit Rabatt und Freiheit, sich zu bewegen<\/figcaption><\/figure>\n\n<h3 class=\"wp-block-heading\">Multi-Event-Reise? Der Nest Pass macht Sinn!<\/h3>\n\n<p>Wenn du mehr als ein Event in Teneriffa planst \u2013 oder wenn aus &#8222;3 N\u00e4chten&#8220; pl\u00f6tzlich &#8222;eine Woche&#8220; wird, wenn du landest \u2013 ist der <strong>Nest Pass<\/strong> genau das Richtige f\u00fcr dich. Er bietet dir flexible N\u00e4chte in allen 9 Nests Hostels mit einer einzigen Buchung. Das hei\u00dft, du kannst zuerst im S\u00fcden bei Sunblast starten, dann nach Norden zu Phe ziehen, ohne deine ganze Unterkunft neu buchen zu m\u00fcssen. Niedriger Saisonpreis ab <strong>\u20ac90\/Woche<\/strong>. \ud83c\udfc4<\/p>\n\n<p style=\"text-align:center\"><a href=\"https:\/\/nestshostels.com\/de\/?page_id=20403\" class=\"wp-block-button__link\" style=\"background-color:#000;color:#fff;padding:12px 28px;border-radius:4px;text-decoration:none;font-weight:bold;\">Durchst\u00f6bere Nests Hostels &#038; Buche deinen Aufenthalt<\/a>\u00a0\u00a0<a href=\"https:\/\/nestshostels.com\/de\/nest-pass\/\" class=\"wp-block-button__link\" style=\"background-color:#000;color:#fff;padding:12px 28px;border-radius:4px;text-decoration:none;font-weight:bold;\">Entdecke den Nest Pass<\/a><\/p>\n\n<h2 class=\"wp-block-heading\" id=\"also-on-island\">Auch auf der Insel 2026 \u2014 verpasse das nicht! \ud83c\udf34<\/h2>\n\n<p>Neben dem Musikprogramm bietet Teneriffa einen bunten Kalender an kulturellen Veranstaltungen, traditionellen Feiern und religi\u00f6sen Festlichkeiten. Einige davon sind wirklich ein Muss, wenn du auf der Insel bist. Hier ist ein schneller \u00dcberblick \u00fcber die Highlights ohne Musik im Jahr 2026:<\/p>\n\n<figure class=\"wp-block-table is-style-stripes\"><table><thead><tr><th><strong>Datum<\/strong><\/th><th><strong>Veranstaltung<\/strong><\/th><th><strong>Warum es sich lohnt, dar\u00fcber Bescheid zu wissen<\/strong><\/th><\/tr><\/thead><tbody><tr><td><strong>4.\u201315. M\u00e4rz<\/strong><\/td><td>Tenerife Noir \u2014 11. Ausgabe<\/td><td>Spaniens f\u00fchrendes Noir- und Krimi-Kulturfestival. Literatur, Kino, Comics \u2013 Nobelpreistr\u00e4gerin Olga Tokarczuk unter den G\u00e4sten 2026. Santa Cruz &amp; La Laguna. Gr\u00f6\u00dftenteils kostenlos.<\/td><\/tr><tr><td><\/td><td><\/td><td><\/td><\/tr><tr><td><strong>26. Apr<\/strong><\/td><td>Romer\u00eda de San Marcos \u2014 Tegueste<\/td><td>Traditioneller Pilgerweg mit kanarischen Kost\u00fcmen, Ochsenkarren, regionalem Essen und Wein. Kostenlos, authentisch und ein toller Einblick in die echte Insulkultur.<\/td><\/tr><tr><td><strong>11.\u201315. Juni<\/strong><\/td><td>Corpus Christi &amp; Romer\u00eda San Isidro \u2014 La Orotava<\/td><td>Erkl\u00e4rtes nationales Touristenziel. Die Stra\u00dfen von La Orotava sind mit kunstvollen Blumenteppichen aus Teide-Vulkanerde bedeckt. Am 11. Juni ist ein lokaler Feiertag. Eines der meistfotografierten Ereignisse auf Teneriffa.<\/td><\/tr><tr><td><strong>12. Jul<\/strong><\/td><td>Romer\u00eda de San Benito Abad \u2014 La Laguna<\/td><td>Erkl\u00e4rtes internationales Touristenziel. Atemberaubende traditionelle Pilgerfahrt durch das historische Zentrum von La Laguna mit Ochsenkarren und kanarischen Kost\u00fcmen. Visuell au\u00dfergew\u00f6hnlich.<\/td><\/tr><tr><td><strong>13.\u201316. Juli<\/strong><\/td><td>Fiestas de la Virgen del Carmen \u2014 Puerto de la Cruz<\/td><td>Die maritimen Prozession am 16. Juli \u2013 die Statue wird durch die Stra\u00dfen und hinaus aufs Meer auf einem geschm\u00fcckten Boot getragen. Kostenlos, stimmungsvoll und richtig lokal. Auch in Los Cristianos und El M\u00e9dano gefeiert.<\/td><\/tr><tr><td><strong>15. Aug<\/strong><\/td><td>Fiestas de la Virgen de Candelaria<\/td><td>Patron der Kanarischen Inseln. Hunderttausende von Pilgern aus dem gesamten Archipel, eine einzigartige pr\u00e4-hispanische Guanche-Zeremonie, Prozessionen und Feuerwerke. Der 15. August ist ein Feiertag auf allen Kanarischen Inseln. Als internationales touristisches Interesse erkl\u00e4rt.<\/td><\/tr><tr><td><strong>14. Sep<\/strong><\/td><td>Fiestas del Sant\u00edsimo Cristo de La Laguna<\/td><td>Das wichtigste religi\u00f6se Fest in La Laguna (UNESCO-Weltkulturerbe). Milit\u00e4rparade, feierlicher Umzug, Feuerwerk. Der 14. September ist ein lokaler Feiertag in La Laguna.<\/td><\/tr><\/tbody><\/table><\/figure>\n\n<p><em>Nicht oben aufgef\u00fchrt: <a href=\"https:\/\/nestshostels.com\/de\/tenerife-carnival-2026-guide-events\/\" type=\"post\" id=\"21137\">Carnaval de Santa Cruz<\/a> (16. Jan \u2013 22. Feb) ist 2026 bereits vorbei, aber markiere dir das Datum f\u00fcr 2027 \u2014 es ist einer der gro\u00dfartigsten Karnevals der Welt, mit einem Thema, einer K\u00f6nigin-Gala und dem abschlie\u00dfenden Entierro de la Sardina am letzten Sonntag. F\u00fcr mehr Infos zu den Ereignissen auf der Insel im Laufe des Jahres, schau dir den <a href=\"https:\/\/nestshostels.com\/de\/blog-nest-hostels-tenerife\/\">Nests Blog<\/a> an.<\/em><\/p>\n\n<hr class=\"wp-block-separator has-alpha-channel-opacity\"\/>\n\n<section class=\"faq-section\">\n    <h2>H\u00e4ufig gestellte Fragen \u2753<\/h2>\n    <div itemscope=\"\" itemtype=\"https:\/\/schema.org\/FAQPage\">\n\n        <div itemprop=\"mainEntity\" itemscope=\"\" itemtype=\"https:\/\/schema.org\/Question\">\n            <h3 itemprop=\"name\">Welche Musikfestivals sind 2026 in Teneriffa best\u00e4tigt?<\/h3>\n            <div itemprop=\"acceptedAnswer\" itemscope=\"\" itemtype=\"https:\/\/schema.org\/Answer\">\n                <div itemprop=\"text\">\n                    <p>Die best\u00e4tigten Termine 2026 in Teneriffa sind: Festival Internacional de M\u00fasica de Canarias (8. Jan \u2013 7. Feb), Lost Nomads (4. Apr), Tenerife Music Festival (12.\u201313. Jun), Sting \u2013 STING 3.0 Tour (10. Jul), Canarias Jazz &#038; M\u00e1s (Juli, Jacob Collier best\u00e4tigt am 22. Jul), Sunblast Festival (8. Aug), Phe Festival (4.\u20135. Sep), Noct\u00e1mbula (12. Sep) und Tenerife Pe\u00f1\u00f3n Fest (23.\u201324. Okt). Veranstaltungen, die noch auf genaue Daten warten, sind La Misa, MUECA, BRESH und Elrow XXL \u2013 alle basierend auf starken mehrj\u00e4hrigen Erfolgen erwartet.<\/p>\n                <\/div>\n            <\/div>\n        <\/div>\n\n        <div itemprop=\"mainEntity\" itemscope=\"\" itemtype=\"https:\/\/schema.org\/Question\">\n            <h3 itemprop=\"name\">Welche elektronischen Musikfestivals gibt es 2026 in Teneriffa?<\/h3>\n            <div itemprop=\"acceptedAnswer\" itemscope=\"\" itemtype=\"https:\/\/schema.org\/Answer\">\n                <div itemprop=\"text\">\n                    <p>Teneriffa hat einen der st\u00e4rksten elektronischen Festival-Kalender in Spanien. Best\u00e4tigte elektronische Veranstaltungen f\u00fcr 2026 sind Lost Nomads (4. Apr, Premium-Event von Tag zu Nacht im Golf Costa Adeje), Sunblast Festival (8. Aug, das gr\u00f6\u00dfte elektronische Festival der Insel \u2014 9+ Stunden, 6\u20137 B\u00fchnen) und Noct\u00e1mbula (12. Sep, Deb\u00fctfestival mit Tomorrowlands Symphony of Unity \u2014 einzige Veranstaltung in Spanien 2026). Erwartete Veranstaltungen mit starken Erfolgsbilanz sind La Misa (Kult-Techno-Festival, schwarzer Dresscode, Carl Cox \/ Marco Carola Pedigree), BRESH (Reggaeton- und Latin-Party) und Elrow XXL (immersive Produktion mit \u00fcber 20.000 Pl\u00e4tzen im Golf Costa Adeje). Die meisten dieser Veranstaltungen werden von Farra World organisiert und konzentrieren sich auf die Gegend um Costa Adeje im S\u00fcden der Insel.<\/p>\n                <\/div>\n            <\/div>\n        <\/div>\n\n        <div itemprop=\"mainEntity\" itemscope=\"\" itemtype=\"https:\/\/schema.org\/Question\">\n            <h3 itemprop=\"name\">Welche kulturellen und Kunstfestivals gibt es in Tenerife?<\/h3>\n            <div itemprop=\"acceptedAnswer\" itemscope=\"\" itemtype=\"https:\/\/schema.org\/Answer\">\n                <div itemprop=\"text\">\n                    <p>\u00dcber die Musik hinaus hat Teneriffa einen reichen Kalender an Kulturfestivals. Tenerife Noir (4.\u201315. M\u00e4rz) ist Spaniens f\u00fchrendes Noir- und Kriminalkulturfestival, das Literatur, Kino und Comics abdeckt \u2014 die Ausgabe 2026 beherbergt die Nobelpreistr\u00e4gerin Olga Tokarczuk. MUECA (Mai, Puerto de la Cruz) ist ein kostenloses internationales Stra\u00dfenkunstfestival in der 22. Auflage, das vier Tage lang Theater, Zirkus und Tanz in die Stra\u00dfen der Altstadt bringt. Der Carnaval Internacional de Los Cristianos (5.\u201316. M\u00e4rz) ist einer der international am st\u00e4rksten besuchten Karnevals in Teneriffa, mit einem vollwertigen kostenlosen Programm an der s\u00fcdlichen Strandpromenade. Die Corpus Christi Blumenteppiche in La Orotava (11.\u201315. Juni) sind von nationalem touristischen Interesse und ziehen Besucher aus ganz Europa an.<\/p>\n                <\/div>\n            <\/div>\n        <\/div>\n\n        <div itemprop=\"mainEntity\" itemscope=\"\" itemtype=\"https:\/\/schema.org\/Question\">\n            <h3 itemprop=\"name\">Welche traditionellen Feste und Romer\u00edas gibt es in Teneriffa?<\/h3>\n            <div itemprop=\"acceptedAnswer\" itemscope=\"\" itemtype=\"https:\/\/schema.org\/Answer\">\n                <div itemprop=\"text\">\n                    <p>Teneriffa hat einen reichen Kalender an traditionellen Romer\u00edas (Wallfahrten) und religi\u00f6sen Festlichkeiten das ganze Jahr \u00fcber, die alle kostenlos besucht werden k\u00f6nnen. Die bedeutendsten sind: Fiestas de la Virgen de Candelaria (15. Aug) \u2014 als Internationales Touristisches Interesse deklariert, mit Hunderttausenden von Pilgern und einer einzigartigen vorhispanischen Guanche-Zeremonie f\u00fcr die Schutzpatronin der Kanarischen Inseln. Romer\u00eda de San Benito Abad in La Laguna (12. Jul) \u2014 als Internationales Touristisches Interesse deklariert, mit traditionellen kanarischen Kost\u00fcmen und Ochsenkarren durch die UNESCO-Stadt. Virgen del Carmen Seefahrtprozession in Puerto de la Cruz (16. Jul) \u2014 die Statue wird durch die Stra\u00dfen und hinaus aufs Meer auf einem geschm\u00fcckten Boot getragen. Fiestas del Sant\u00edsimo Cristo de La Laguna (14. Sep) \u2014 die wichtigste religi\u00f6se Feier in La Laguna, wobei der 14. September ein lokaler Feiertag ist.<\/p>\n                <\/div>\n            <\/div>\n        <\/div>\n\n        <div itemprop=\"mainEntity\" itemscope=\"\" itemtype=\"https:\/\/schema.org\/Question\">\n            <h3 itemprop=\"name\">Wann ist Noche de San Juan in Teneriffa und was passiert?<\/h3>\n            <div itemprop=\"acceptedAnswer\" itemscope=\"\" itemtype=\"https:\/\/schema.org\/Answer\">\n                <div itemprop=\"text\">\n                    <p>Noche de San Juan findet jedes Jahr in der Nacht vom 23. auf den 24. Juni statt. Es ist eines der atmosph\u00e4rischsten kostenlosen Events im kanarischen Sommer: Die Str\u00e4nde der Insel f\u00fcllen sich um Mitternacht mit Menschen, Feuer werden im Sand entfacht, und die spanische Tradition, \u00fcber die Flammen zu springen, wird von Einheimischen und Besuchern gleicherma\u00dfen ernst genommen. Kein Ticket, kein Programm \u2014 einfach an jedem Strand erscheinen. Beliebte Orte sind Playa de las Teresitas in Santa Cruz und Playa de Los Cristianos im S\u00fcden.<\/p>\n                <\/div>\n            <\/div>\n        <\/div>\n\n        <div itemprop=\"mainEntity\" itemscope=\"\" itemtype=\"https:\/\/schema.org\/Question\">\n            <h3 itemprop=\"name\">Wann findet das Sunblast Festival 2026 statt und wo ist es?<\/h3>\n            <div itemprop=\"acceptedAnswer\" itemscope=\"\" itemtype=\"https:\/\/schema.org\/Answer\">\n                <div itemprop=\"text\">\n                    <p>Das Sunblast Festival 2026 findet am 8. August im Golf Costa Adeje im S\u00fcden von Teneriffa statt. Es ist das gr\u00f6\u00dfte elektronische Musikfestival auf den Kanarischen Inseln \u2014 eine eint\u00e4gige Veranstaltung, die \u00fcber 9 Stunden auf 6 bis 7 B\u00fchnen l\u00e4uft und mehr als 20.000 Menschen anzieht. Zu den bisherigen Headlinern geh\u00f6ren Boris Brejcha, Bad Gyal und Steve Aoki. Das Line-up f\u00fcr 2026 wurde noch nicht bekannt gegeben. Tickets sind erh\u00e4ltlich unter farra.world\/sunblast. Die Unterk\u00fcnfte in Costa Adeje sind f\u00fcr dieses Wochenende schnell ausgebucht \u2014 buche am besten im Voraus.<\/p>\n                <\/div>\n            <\/div>\n        <\/div>\n\n        <div itemprop=\"mainEntity\" itemscope=\"\" itemtype=\"https:\/\/schema.org\/Question\">\n            <h3 itemprop=\"name\">Was ist Farra World und warum taucht es st\u00e4ndig neben Veranstaltungen in Teneriffa auf?<\/h3>\n            <div itemprop=\"acceptedAnswer\" itemscope=\"\" itemtype=\"https:\/\/schema.org\/Answer\">\n                <div itemprop=\"text\">\n                    <p>Farra World ist die Produktionsfirma hinter den meisten der gro\u00dfen elektronischen Veranstaltungen im S\u00fcden Teneriffas. Ihre Saison 2026 umfasst Lost Nomads, La Misa, Sunblast, BRESH, Elrow XXL und die laufenden Las Rocas Beach Club Sessions. Da die meisten Farra World-Veranstaltungen dieselben Veranstaltungsorte im S\u00fcden Teneriffas nutzen \u2014 haupts\u00e4chlich Golf Costa Adeje und Las Rocas Beach Club in Costa Adeje \u2014 deckt eine Basis im S\u00fcden den Gro\u00dfteil des elektronischen Festival-Kalenders ab, ohne zwischen den Veranstaltungen umziehen zu m\u00fcssen.<\/p>\n                <\/div>\n            <\/div>\n        <\/div>\n\n        <div itemprop=\"mainEntity\" itemscope=\"\" itemtype=\"https:\/\/schema.org\/Question\">\n            <h3 itemprop=\"name\">Wann ist die beste Zeit des Jahres, um Teneriffa f\u00fcr Musikfestivals zu besuchen?<\/h3>\n            <div itemprop=\"acceptedAnswer\" itemscope=\"\" itemtype=\"https:\/\/schema.org\/Answer\">\n                <div itemprop=\"text\">\n                    <p>Die Hochsaison des Festival-Kalenders l\u00e4uft von April bis Oktober, wobei August der intensivste Monat ist (Sunblast am 8. August). F\u00fcr elektronische Musik ist das st\u00e4rkste Zeitfenster von April bis Oktober, wenn die Farra World-Saison aktiv ist. September ist ein untersch\u00e4tzter Geheimtipp: Das Phe Festival (4.\u20135. September) und Noct\u00e1mbula (12. September) fallen in dieselbe Woche, die Temperaturen sind mit 25\u201327\u00b0C immer noch warm, die Touristenzahlen sind niedriger als im August, und die Unterkunftspreise sinken erheblich. Im Oktober gibt es das Teneriffa Pe\u00f1\u00f3n Fest (Rock\/Indie, 23.\u201324. Oktober) und das erwartete Elrow XXL mit wirklich angenehmem Wetter und viel besseren Preisen f\u00fcr Fl\u00fcge und Betten.<\/p>\n                <\/div>\n            <\/div>\n        <\/div>\n\n        <div itemprop=\"mainEntity\" itemscope=\"\" itemtype=\"https:\/\/schema.org\/Question\">\n            <h3 itemprop=\"name\">Gibt es 2026 kostenlose Musik- oder Kulturerlebnisse auf Teneriffa?<\/h3>\n            <div itemprop=\"acceptedAnswer\" itemscope=\"\" itemtype=\"https:\/\/schema.org\/Answer\">\n                <div itemprop=\"text\">\n                    <p>Ja \u2014 mehrere der besten Veranstaltungen auf Teneriffa kosten \u00fcberhaupt nichts. MUECA (Mai, Puerto de la Cruz) ist ein viert\u00e4giges internationales Stra\u00dfenkunstfestival, das v\u00f6llig kostenlos ist. Noche de San Juan (23.\u201324. Juni) ist eine kostenlose feierliche Strandfeuer-Nacht auf der ganzen Insel. Das Canarias Jazz &#038; M\u00e1s Festival beinhaltet typischerweise kostenlose Open-Air-Konzerte neben seinem ticketpflichtigen Programm im Auditorium. Die Blumen-Teppiche von Corpus Christi in La Orotava (11.\u201315. Juni), alle Romer\u00edas, die maritime Prozession der Virgen del Carmen (16. Juli) und die Fiestas de la Virgen de Candelaria (15. August) sind alle kostenlos zu besuchen. Der Carnaval Internacional de Los Cristianos (5.\u201316. M\u00e4rz) ist ebenfalls komplett kostenlos.<\/p>\n                <\/div>\n            <\/div>\n        <\/div>\n\n        <div itemprop=\"mainEntity\" itemscope=\"\" itemtype=\"https:\/\/schema.org\/Question\">\n            <h3 itemprop=\"name\">Wo sollte ich in Teneriffa f\u00fcr elektronische Festivals \u00fcbernachten?<\/h3>\n            <div itemprop=\"acceptedAnswer\" itemscope=\"\" itemtype=\"https:\/\/schema.org\/Answer\">\n                <div itemprop=\"text\">\n                    <p>Costa Adeje im S\u00fcden Teneriffas ist die beste Basis f\u00fcr elektronische Festivals. Fast jede gr\u00f6\u00dfere elektronische Veranstaltung im Jahr 2026 \u2014 Lost Nomads, La Misa, Sunblast, BRESH, Elrow XXL und die Las Rocas Beach Club Sessions \u2014 findet im Golf Costa Adeje oder in nahegelegenen Veranstaltungsorten statt. Wenn du in Costa Adeje \u00fcbernachtest, bist du 5\u201310 Minuten mit dem Taxi von den Veranstaltungszonen entfernt, in fu\u00dfl\u00e4ufiger Entfernung zu einigen der besten Str\u00e4nde der Insel und optimal gelegen f\u00fcr die Erholung nach dem Festival. F\u00fcr Indie- und alternative Veranstaltungen wie das Phe Festival und MUECA ist Puerto de la Cruz im Norden die richtige Basis.<\/p>\n                <\/div>\n            <\/div>\n        <\/div>\n\n    <\/div>\n<\/section>\n\n<hr class=\"wp-block-separator has-alpha-channel-opacity is-style-dots\"\/>\n\n<div class=\"text-center\"><blockquote class=\"m-auto instagram-media\" data-instgrm-captioned=\"\" data-instgrm-permalink=\"https:\/\/www.instagram.com\/reel\/DU6M7y1jWU8\/?utm_source=ig_embed&#038;utm_campaign=loading\" data-instgrm-version=\"14\" style=\" background:#FFF; border:0; border-radius:3px; box-shadow:0 0 1px 0 rgba(0,0,0,0.5),0 1px 10px 0 rgba(0,0,0,0.15); margin: 1px; max-width:540px; min-width:326px; padding:0; width:99.375%; width:-webkit-calc(100% - 2px); width:calc(100% - 2px);\"><div style=\"padding:16px;\"> <a href=\"https:\/\/www.instagram.com\/reel\/DU6M7y1jWU8\/?utm_source=ig_embed&#038;utm_campaign=loading\" style=\" background:#FFFFFF; line-height:0; padding:0 0; text-align:center; text-decoration:none; width:100%;\" target=\"_blank\"> <div style=\" display: flex; flex-direction: row; align-items: center;\"> <div style=\"background-color: #F4F4F4; border-radius: 50%; flex-grow: 0; height: 40px; margin-right: 14px; width: 40px;\"><\/div> <div style=\"display: flex; flex-direction: column; flex-grow: 1; justify-content: center;\"> <div style=\" background-color: #F4F4F4; border-radius: 4px; flex-grow: 0; height: 14px; margin-bottom: 6px; width: 100px;\"><\/div> <div style=\" background-color: #F4F4F4; border-radius: 4px; flex-grow: 0; height: 14px; width: 60px;\"><\/div><\/div><\/div><div style=\"padding: 19% 0;\"><\/div> <div style=\"display:block; height:50px; margin:0 auto 12px; width:50px;\"><svg width=\"50px\" height=\"50px\" viewbox=\"0 0 60 60\" version=\"1.1\" xmlns=\"https:\/\/www.w3.org\/2000\/svg\" xmlns:xlink=\"https:\/\/www.w3.org\/1999\/xlink\"><g stroke=\"none\" stroke-width=\"1\" fill=\"none\" fill-rule=\"evenodd\"><g transform=\"translate(-511.000000, -20.000000)\" fill=\"#000000\"><g><path d=\"M556.869,30.41 C554.814,30.41 553.148,32.076 553.148,34.131 C553.148,36.186 554.814,37.852 556.869,37.852 C558.924,37.852 560.59,36.186 560.59,34.131 C560.59,32.076 558.924,30.41 556.869,30.41 M541,60.657 C535.114,60.657 530.342,55.887 530.342,50 C530.342,44.114 535.114,39.342 541,39.342 C546.887,39.342 551.658,44.114 551.658,50 C551.658,55.887 546.887,60.657 541,60.657 M541,33.886 C532.1,33.886 524.886,41.1 524.886,50 C524.886,58.899 532.1,66.113 541,66.113 C549.9,66.113 557.115,58.899 557.115,50 C557.115,41.1 549.9,33.886 541,33.886 M565.378,62.101 C565.244,65.022 564.756,66.606 564.346,67.663 C563.803,69.06 563.154,70.057 562.106,71.106 C561.058,72.155 560.06,72.803 558.662,73.347 C557.607,73.757 556.021,74.244 553.102,74.378 C549.944,74.521 548.997,74.552 541,74.552 C533.003,74.552 532.056,74.521 528.898,74.378 C525.979,74.244 524.393,73.757 523.338,73.347 C521.94,72.803 520.942,72.155 519.894,71.106 C518.846,70.057 518.197,69.06 517.654,67.663 C517.244,66.606 516.755,65.022 516.623,62.101 C516.479,58.943 516.448,57.996 516.448,50 C516.448,42.003 516.479,41.056 516.623,37.899 C516.755,34.978 517.244,33.391 517.654,32.338 C518.197,30.938 518.846,29.942 519.894,28.894 C520.942,27.846 521.94,27.196 523.338,26.654 C524.393,26.244 525.979,25.756 528.898,25.623 C532.057,25.479 533.004,25.448 541,25.448 C548.997,25.448 549.943,25.479 553.102,25.623 C556.021,25.756 557.607,26.244 558.662,26.654 C560.06,27.196 561.058,27.846 562.106,28.894 C563.154,29.942 563.803,30.938 564.346,32.338 C564.756,33.391 565.244,34.978 565.378,37.899 C565.522,41.056 565.552,42.003 565.552,50 C565.552,57.996 565.522,58.943 565.378,62.101 M570.82,37.631 C570.674,34.438 570.167,32.258 569.425,30.349 C568.659,28.377 567.633,26.702 565.965,25.035 C564.297,23.368 562.623,22.342 560.652,21.575 C558.743,20.834 556.562,20.326 553.369,20.18 C550.169,20.033 549.148,20 541,20 C532.853,20 531.831,20.033 528.631,20.18 C525.438,20.326 523.257,20.834 521.349,21.575 C519.376,22.342 517.703,23.368 516.035,25.035 C514.368,26.702 513.342,28.377 512.574,30.349 C511.834,32.258 511.326,34.438 511.181,37.631 C511.035,40.831 511,41.851 511,50 C511,58.147 511.035,59.17 511.181,62.369 C511.326,65.562 511.834,67.743 512.574,69.651 C513.342,71.625 514.368,73.296 516.035,74.965 C517.703,76.634 519.376,77.658 521.349,78.425 C523.257,79.167 525.438,79.673 528.631,79.82 C531.831,79.965 532.853,80.001 541,80.001 C549.148,80.001 550.169,79.965 553.369,79.82 C556.562,79.673 558.743,79.167 560.652,78.425 C562.623,77.658 564.297,76.634 565.965,74.965 C567.633,73.296 568.659,71.625 569.425,69.651 C570.167,67.743 570.674,65.562 570.82,62.369 C570.966,59.17 571,58.147 571,50 C571,41.851 570.966,40.831 570.82,37.631\"><\/path><\/g><\/g><\/g><\/svg><\/div><div style=\"padding-top: 8px;\"> <div style=\" color:#3897f0; font-family:Arial,sans-serif; font-size:14px; font-style:normal; font-weight:550; line-height:18px;\">Visualizza questo post su Instagram<\/div><\/div><div style=\"padding: 12.5% 0;\"><\/div> <div style=\"display: flex; flex-direction: row; margin-bottom: 14px; align-items: center;\"><div> <div style=\"background-color: #F4F4F4; border-radius: 50%; height: 12.5px; width: 12.5px; transform: translateX(0px) translateY(7px);\"><\/div> <div style=\"background-color: #F4F4F4; height: 12.5px; transform: rotate(-45deg) translateX(3px) translateY(1px); width: 12.5px; flex-grow: 0; margin-right: 14px; margin-left: 2px;\"><\/div> <div style=\"background-color: #F4F4F4; border-radius: 50%; height: 12.5px; width: 12.5px; transform: translateX(9px) translateY(-18px);\"><\/div><\/div><div style=\"margin-left: 8px;\"> <div style=\" background-color: #F4F4F4; border-radius: 50%; flex-grow: 0; height: 20px; width: 20px;\"><\/div> <div style=\" width: 0; height: 0; border-top: 2px solid transparent; border-left: 6px solid #f4f4f4; border-bottom: 2px solid transparent; transform: translateX(16px) translateY(-4px) rotate(30deg)\"><\/div><\/div><div style=\"margin-left: auto;\"> <div style=\" width: 0px; border-top: 8px solid #F4F4F4; border-right: 8px solid transparent; transform: translateY(16px);\"><\/div> <div style=\" background-color: #F4F4F4; flex-grow: 0; height: 12px; width: 16px; transform: translateY(-4px);\"><\/div> <div style=\" width: 0; height: 0; border-top: 8px solid #F4F4F4; border-left: 8px solid transparent; transform: translateY(-4px) translateX(8px);\"><\/div><\/div><\/div> <div style=\"display: flex; flex-direction: column; flex-grow: 1; justify-content: center; margin-bottom: 24px;\"> <div style=\" background-color: #F4F4F4; border-radius: 4px; flex-grow: 0; height: 14px; margin-bottom: 6px; width: 224px;\"><\/div> <div style=\" background-color: #F4F4F4; border-radius: 4px; flex-grow: 0; height: 14px; width: 144px;\"><\/div><\/div><\/a><p style=\" color:#c9c8cd; font-family:Arial,sans-serif; font-size:14px; line-height:17px; margin-bottom:0; margin-top:8px; overflow:hidden; padding:8px 0 7px; text-align:center; text-overflow:ellipsis; white-space:nowrap;\"><a href=\"https:\/\/www.instagram.com\/reel\/DU6M7y1jWU8\/?utm_source=ig_embed&#038;utm_campaign=loading\" style=\" color:#c9c8cd; font-family:Arial,sans-serif; font-size:14px; font-style:normal; font-weight:normal; line-height:17px; text-decoration:none;\" target=\"_blank\">Un post condiviso da FARRA UNDERWORLD &#8211; FESTIVAL M\u00daSICA UNDERGROUND (@farraunderworld)<\/a><\/p><\/div><\/blockquote><\/div>\n<script async=\"\" src=\"\/\/www.instagram.com\/embed.js\"><\/script>\n","protected":false},"excerpt":{"rendered":"<p>Jedes Musikfestival und gro\u00dfe Event auf Teneriffa f\u00fcr 2026 in einem Guide. Best\u00e4tigte Termine, komplette Line-ups, Ticketpreise und wo du dich am besten niederlassen kannst \u2014 von Sunblast im August bis zum Phe Festival im September, Lost Nomads im April bis Elrow XXL im Oktober. Au\u00dferdem eine praktische \u00dcbersichtstabelle f\u00fcr alle kulturellen Events, die das ganze Jahr \u00fcber auf der Insel stattfinden.<\/p>\n","protected":false},"author":3,"featured_media":22364,"comment_status":"open","ping_status":"open","sticky":false,"template":"","format":"standard","meta":{"footnotes":""},"categories":[73],"tags":[],"class_list":["post-22399","post","type-post","status-publish","format-standard","has-post-thumbnail","hentry","category-kultur"],"acf":[],"yoast_head":"<!-- This site is optimized with the Yoast SEO plugin v27.1.1 - https:\/\/yoast.com\/product\/yoast-seo-wordpress\/ -->\n<title>Musikfestivals Teneriffa 2026: Vollst\u00e4ndiger Kalender | Nests Hostels<\/title>\n<meta name=\"description\" content=\"Jedes best\u00e4tigte Festival auf Teneriffa f\u00fcr 2026 \u2014 Sunblast, Lost Nomads, Phe, Elrow XXL und mehr. Daten, Line-ups, Tickets und wo du \u00fcbernachten kannst. Plane jetzt deine Reise!\" \/>\n<meta name=\"robots\" content=\"index, follow, max-snippet:-1, max-image-preview:large, max-video-preview:-1\" \/>\n<link rel=\"canonical\" href=\"https:\/\/nestshostels.com\/de\/music-festivals-tenerife-2026\/\" \/>\n<meta property=\"og:locale\" content=\"de_DE\" \/>\n<meta property=\"og:type\" content=\"article\" \/>\n<meta property=\"og:title\" content=\"Die besten Musikfestivals in Teneriffa 2026 \ud83c\udfb6 Vollst\u00e4ndiger Kalender &amp; Guide\" \/>\n<meta property=\"og:description\" content=\"Sunblast, Lost Nomads, Phe, Noct\u00e1mbula, Elrow XXL und 12 weitere Events. Alle Termine, Line-ups, Tickets und wo man \u00fcbernachten kann \u2013 der einzige Festival-Guide f\u00fcr Teneriffa 2026, den du brauchst.\" \/>\n<meta property=\"og:url\" content=\"https:\/\/nestshostels.com\/de\/music-festivals-tenerife-2026\/\" \/>\n<meta property=\"og:site_name\" content=\"Nests Hostels\" \/>\n<meta property=\"article:publisher\" content=\"https:\/\/www.facebook.com\/nesthosteltenerife\/\" \/>\n<meta property=\"article:published_time\" content=\"2026-03-13T15:48:04+00:00\" \/>\n<meta property=\"article:modified_time\" content=\"2026-04-17T06:39:17+00:00\" \/>\n<meta property=\"og:image\" content=\"https:\/\/nestshostels.com\/wp-content\/uploads\/2026\/03\/ChatGPT-Image-5-mar-2026-12_26_44-1024x683.png\" \/>\n<meta name=\"author\" content=\"Artur\" \/>\n<meta name=\"twitter:card\" content=\"summary_large_image\" \/>\n<meta name=\"twitter:title\" content=\"Die besten Musikfestivals in Teneriffa 2026 \ud83c\udfb6 Vollst\u00e4ndiger Kalender &amp; Guide\" \/>\n<meta name=\"twitter:description\" content=\"Sunblast, Lost Nomads, Phe, Noct\u00e1mbula, Elrow XXL und 12 weitere Events. Alle Termine, Line-ups, Tickets und wo man \u00fcbernachten kann \u2013 der einzige Festival-Guide f\u00fcr Teneriffa 2026, den du brauchst.\" \/>\n<meta name=\"twitter:image\" content=\"https:\/\/nestshostels.com\/wp-content\/uploads\/2026\/03\/ChatGPT-Image-5-mar-2026-12_26_44-1024x683.png\" \/>\n<meta name=\"twitter:label1\" content=\"Verfasst von\" \/>\n\t<meta name=\"twitter:data1\" content=\"Artur\" \/>\n\t<meta name=\"twitter:label2\" content=\"Gesch\u00e4tzte Lesezeit\" \/>\n\t<meta name=\"twitter:data2\" content=\"30\u00a0Minuten\" \/>\n<script type=\"application\/ld+json\" class=\"yoast-schema-graph\">{\"@context\":\"https:\/\/schema.org\",\"@graph\":[{\"@type\":\"Article\",\"@id\":\"https:\/\/nestshostels.com\/de\/music-festivals-tenerife-2026\/#article\",\"isPartOf\":{\"@id\":\"https:\/\/nestshostels.com\/de\/music-festivals-tenerife-2026\/\"},\"author\":{\"name\":\"Artur\",\"@id\":\"https:\/\/nestshostels.com\/de\/#\/schema\/person\/0e74957900b656bf8bc4abe11337fe43\"},\"headline\":\"Die besten Musikfestivals in Teneriffa 2026 \u2013 Voller Kalender, Termine und alles, was du wissen musst!\",\"datePublished\":\"2026-03-13T15:48:04+00:00\",\"dateModified\":\"2026-04-17T06:39:17+00:00\",\"mainEntityOfPage\":{\"@id\":\"https:\/\/nestshostels.com\/de\/music-festivals-tenerife-2026\/\"},\"wordCount\":6075,\"commentCount\":0,\"publisher\":{\"@id\":\"https:\/\/nestshostels.com\/de\/#organization\"},\"image\":{\"@id\":\"https:\/\/nestshostels.com\/de\/music-festivals-tenerife-2026\/#primaryimage\"},\"thumbnailUrl\":\"https:\/\/nestshostels.com\/wp-content\/uploads\/2026\/03\/ChatGPT-Image-5-mar-2026-12_26_44.png\",\"articleSection\":[\"Kultur\"],\"inLanguage\":\"de\",\"potentialAction\":[{\"@type\":\"CommentAction\",\"name\":\"Comment\",\"target\":[\"https:\/\/nestshostels.com\/de\/music-festivals-tenerife-2026\/#respond\"]}]},{\"@type\":\"WebPage\",\"@id\":\"https:\/\/nestshostels.com\/de\/music-festivals-tenerife-2026\/\",\"url\":\"https:\/\/nestshostels.com\/de\/music-festivals-tenerife-2026\/\",\"name\":\"Musikfestivals Teneriffa 2026: Vollst\u00e4ndiger Kalender | Nests Hostels\",\"isPartOf\":{\"@id\":\"https:\/\/nestshostels.com\/de\/#website\"},\"primaryImageOfPage\":{\"@id\":\"https:\/\/nestshostels.com\/de\/music-festivals-tenerife-2026\/#primaryimage\"},\"image\":{\"@id\":\"https:\/\/nestshostels.com\/de\/music-festivals-tenerife-2026\/#primaryimage\"},\"thumbnailUrl\":\"https:\/\/nestshostels.com\/wp-content\/uploads\/2026\/03\/ChatGPT-Image-5-mar-2026-12_26_44.png\",\"datePublished\":\"2026-03-13T15:48:04+00:00\",\"dateModified\":\"2026-04-17T06:39:17+00:00\",\"description\":\"Jedes best\u00e4tigte Festival auf Teneriffa f\u00fcr 2026 \u2014 Sunblast, Lost Nomads, Phe, Elrow XXL und mehr. Daten, Line-ups, Tickets und wo du \u00fcbernachten kannst. Plane jetzt deine Reise!\",\"breadcrumb\":{\"@id\":\"https:\/\/nestshostels.com\/de\/music-festivals-tenerife-2026\/#breadcrumb\"},\"inLanguage\":\"de\",\"potentialAction\":[{\"@type\":\"ReadAction\",\"target\":[\"https:\/\/nestshostels.com\/de\/music-festivals-tenerife-2026\/\"]}]},{\"@type\":\"ImageObject\",\"inLanguage\":\"de\",\"@id\":\"https:\/\/nestshostels.com\/de\/music-festivals-tenerife-2026\/#primaryimage\",\"url\":\"https:\/\/nestshostels.com\/wp-content\/uploads\/2026\/03\/ChatGPT-Image-5-mar-2026-12_26_44.png\",\"contentUrl\":\"https:\/\/nestshostels.com\/wp-content\/uploads\/2026\/03\/ChatGPT-Image-5-mar-2026-12_26_44.png\",\"width\":1536,\"height\":1024,\"caption\":\"Tenerfie Summer Festivals 2026 full guide\"},{\"@type\":\"BreadcrumbList\",\"@id\":\"https:\/\/nestshostels.com\/de\/music-festivals-tenerife-2026\/#breadcrumb\",\"itemListElement\":[{\"@type\":\"ListItem\",\"position\":1,\"name\":\"Portada\",\"item\":\"https:\/\/nestshostels.com\/de\/\"},{\"@type\":\"ListItem\",\"position\":2,\"name\":\"Die besten Musikfestivals in Teneriffa 2026 \u2013 Voller Kalender, Termine und alles, was du wissen musst!\"}]},{\"@type\":\"WebSite\",\"@id\":\"https:\/\/nestshostels.com\/de\/#website\",\"url\":\"https:\/\/nestshostels.com\/de\/\",\"name\":\"Nests Hostels\",\"description\":\"Tenerife Hostels for Travellers &amp; Digital Nomads\",\"publisher\":{\"@id\":\"https:\/\/nestshostels.com\/de\/#organization\"},\"alternateName\":\"Nest\",\"potentialAction\":[{\"@type\":\"SearchAction\",\"target\":{\"@type\":\"EntryPoint\",\"urlTemplate\":\"https:\/\/nestshostels.com\/de\/?s={search_term_string}\"},\"query-input\":{\"@type\":\"PropertyValueSpecification\",\"valueRequired\":true,\"valueName\":\"search_term_string\"}}],\"inLanguage\":\"de\"},{\"@type\":\"Organization\",\"@id\":\"https:\/\/nestshostels.com\/de\/#organization\",\"name\":\"Nests Hostels\",\"alternateName\":\"Nest\",\"url\":\"https:\/\/nestshostels.com\/de\/\",\"logo\":{\"@type\":\"ImageObject\",\"inLanguage\":\"de\",\"@id\":\"https:\/\/nestshostels.com\/de\/#\/schema\/logo\/image\/\",\"url\":\"https:\/\/nestshostels.com\/wp-content\/uploads\/logo-nests-hostel.webp\",\"contentUrl\":\"https:\/\/nestshostels.com\/wp-content\/uploads\/logo-nests-hostel.webp\",\"width\":200,\"height\":217,\"caption\":\"Nests Hostels\"},\"image\":{\"@id\":\"https:\/\/nestshostels.com\/de\/#\/schema\/logo\/image\/\"},\"sameAs\":[\"https:\/\/www.facebook.com\/nesthosteltenerife\/\",\"https:\/\/www.instagram.com\/nestshostels\/\",\"https:\/\/www.tiktok.com\/@nestshostels\",\"https:\/\/www.threads.com\/@nestshostels\/\",\"https:\/\/www.youtube.com\/@nestshostels\/\"]},{\"@type\":\"Person\",\"@id\":\"https:\/\/nestshostels.com\/de\/#\/schema\/person\/0e74957900b656bf8bc4abe11337fe43\",\"name\":\"Artur\",\"image\":{\"@type\":\"ImageObject\",\"inLanguage\":\"de\",\"@id\":\"https:\/\/nestshostels.com\/de\/#\/schema\/person\/image\/\",\"url\":\"https:\/\/secure.gravatar.com\/avatar\/d6413025fb6a3a11bf24c7b7d4d8c0b223859f4f0de2c17883591c96f4003222?s=96&r=g\",\"contentUrl\":\"https:\/\/secure.gravatar.com\/avatar\/d6413025fb6a3a11bf24c7b7d4d8c0b223859f4f0de2c17883591c96f4003222?s=96&r=g\",\"caption\":\"Artur\"}}]}<\/script>\n<!-- \/ Yoast SEO plugin. -->","yoast_head_json":{"title":"Musikfestivals Teneriffa 2026: Vollst\u00e4ndiger Kalender | Nests Hostels","description":"Jedes best\u00e4tigte Festival auf Teneriffa f\u00fcr 2026 \u2014 Sunblast, Lost Nomads, Phe, Elrow XXL und mehr. Daten, Line-ups, Tickets und wo du \u00fcbernachten kannst. Plane jetzt deine Reise!","robots":{"index":"index","follow":"follow","max-snippet":"max-snippet:-1","max-image-preview":"max-image-preview:large","max-video-preview":"max-video-preview:-1"},"canonical":"https:\/\/nestshostels.com\/de\/music-festivals-tenerife-2026\/","og_locale":"de_DE","og_type":"article","og_title":"Die besten Musikfestivals in Teneriffa 2026 \ud83c\udfb6 Vollst\u00e4ndiger Kalender & Guide","og_description":"Sunblast, Lost Nomads, Phe, Noct\u00e1mbula, Elrow XXL und 12 weitere Events. Alle Termine, Line-ups, Tickets und wo man \u00fcbernachten kann \u2013 der einzige Festival-Guide f\u00fcr Teneriffa 2026, den du brauchst.","og_url":"https:\/\/nestshostels.com\/de\/music-festivals-tenerife-2026\/","og_site_name":"Nests Hostels","article_publisher":"https:\/\/www.facebook.com\/nesthosteltenerife\/","article_published_time":"2026-03-13T15:48:04+00:00","article_modified_time":"2026-04-17T06:39:17+00:00","og_image":[{"url":"https:\/\/nestshostels.com\/wp-content\/uploads\/2026\/03\/ChatGPT-Image-5-mar-2026-12_26_44-1024x683.png","type":"","width":"","height":""}],"author":"Artur","twitter_card":"summary_large_image","twitter_title":"Die besten Musikfestivals in Teneriffa 2026 \ud83c\udfb6 Vollst\u00e4ndiger Kalender & Guide","twitter_description":"Sunblast, Lost Nomads, Phe, Noct\u00e1mbula, Elrow XXL und 12 weitere Events. Alle Termine, Line-ups, Tickets und wo man \u00fcbernachten kann \u2013 der einzige Festival-Guide f\u00fcr Teneriffa 2026, den du brauchst.","twitter_image":"https:\/\/nestshostels.com\/wp-content\/uploads\/2026\/03\/ChatGPT-Image-5-mar-2026-12_26_44-1024x683.png","twitter_misc":{"Verfasst von":"Artur","Gesch\u00e4tzte Lesezeit":"30\u00a0Minuten"},"schema":{"@context":"https:\/\/schema.org","@graph":[{"@type":"Article","@id":"https:\/\/nestshostels.com\/de\/music-festivals-tenerife-2026\/#article","isPartOf":{"@id":"https:\/\/nestshostels.com\/de\/music-festivals-tenerife-2026\/"},"author":{"name":"Artur","@id":"https:\/\/nestshostels.com\/de\/#\/schema\/person\/0e74957900b656bf8bc4abe11337fe43"},"headline":"Die besten Musikfestivals in Teneriffa 2026 \u2013 Voller Kalender, Termine und alles, was du wissen musst!","datePublished":"2026-03-13T15:48:04+00:00","dateModified":"2026-04-17T06:39:17+00:00","mainEntityOfPage":{"@id":"https:\/\/nestshostels.com\/de\/music-festivals-tenerife-2026\/"},"wordCount":6075,"commentCount":0,"publisher":{"@id":"https:\/\/nestshostels.com\/de\/#organization"},"image":{"@id":"https:\/\/nestshostels.com\/de\/music-festivals-tenerife-2026\/#primaryimage"},"thumbnailUrl":"https:\/\/nestshostels.com\/wp-content\/uploads\/2026\/03\/ChatGPT-Image-5-mar-2026-12_26_44.png","articleSection":["Kultur"],"inLanguage":"de","potentialAction":[{"@type":"CommentAction","name":"Comment","target":["https:\/\/nestshostels.com\/de\/music-festivals-tenerife-2026\/#respond"]}]},{"@type":"WebPage","@id":"https:\/\/nestshostels.com\/de\/music-festivals-tenerife-2026\/","url":"https:\/\/nestshostels.com\/de\/music-festivals-tenerife-2026\/","name":"Musikfestivals Teneriffa 2026: Vollst\u00e4ndiger Kalender | Nests Hostels","isPartOf":{"@id":"https:\/\/nestshostels.com\/de\/#website"},"primaryImageOfPage":{"@id":"https:\/\/nestshostels.com\/de\/music-festivals-tenerife-2026\/#primaryimage"},"image":{"@id":"https:\/\/nestshostels.com\/de\/music-festivals-tenerife-2026\/#primaryimage"},"thumbnailUrl":"https:\/\/nestshostels.com\/wp-content\/uploads\/2026\/03\/ChatGPT-Image-5-mar-2026-12_26_44.png","datePublished":"2026-03-13T15:48:04+00:00","dateModified":"2026-04-17T06:39:17+00:00","description":"Jedes best\u00e4tigte Festival auf Teneriffa f\u00fcr 2026 \u2014 Sunblast, Lost Nomads, Phe, Elrow XXL und mehr. Daten, Line-ups, Tickets und wo du \u00fcbernachten kannst. Plane jetzt deine Reise!","breadcrumb":{"@id":"https:\/\/nestshostels.com\/de\/music-festivals-tenerife-2026\/#breadcrumb"},"inLanguage":"de","potentialAction":[{"@type":"ReadAction","target":["https:\/\/nestshostels.com\/de\/music-festivals-tenerife-2026\/"]}]},{"@type":"ImageObject","inLanguage":"de","@id":"https:\/\/nestshostels.com\/de\/music-festivals-tenerife-2026\/#primaryimage","url":"https:\/\/nestshostels.com\/wp-content\/uploads\/2026\/03\/ChatGPT-Image-5-mar-2026-12_26_44.png","contentUrl":"https:\/\/nestshostels.com\/wp-content\/uploads\/2026\/03\/ChatGPT-Image-5-mar-2026-12_26_44.png","width":1536,"height":1024,"caption":"Tenerfie Summer Festivals 2026 full guide"},{"@type":"BreadcrumbList","@id":"https:\/\/nestshostels.com\/de\/music-festivals-tenerife-2026\/#breadcrumb","itemListElement":[{"@type":"ListItem","position":1,"name":"Portada","item":"https:\/\/nestshostels.com\/de\/"},{"@type":"ListItem","position":2,"name":"Die besten Musikfestivals in Teneriffa 2026 \u2013 Voller Kalender, Termine und alles, was du wissen musst!"}]},{"@type":"WebSite","@id":"https:\/\/nestshostels.com\/de\/#website","url":"https:\/\/nestshostels.com\/de\/","name":"Nests Hostels","description":"Tenerife Hostels for Travellers &amp; Digital Nomads","publisher":{"@id":"https:\/\/nestshostels.com\/de\/#organization"},"alternateName":"Nest","potentialAction":[{"@type":"SearchAction","target":{"@type":"EntryPoint","urlTemplate":"https:\/\/nestshostels.com\/de\/?s={search_term_string}"},"query-input":{"@type":"PropertyValueSpecification","valueRequired":true,"valueName":"search_term_string"}}],"inLanguage":"de"},{"@type":"Organization","@id":"https:\/\/nestshostels.com\/de\/#organization","name":"Nests Hostels","alternateName":"Nest","url":"https:\/\/nestshostels.com\/de\/","logo":{"@type":"ImageObject","inLanguage":"de","@id":"https:\/\/nestshostels.com\/de\/#\/schema\/logo\/image\/","url":"https:\/\/nestshostels.com\/wp-content\/uploads\/logo-nests-hostel.webp","contentUrl":"https:\/\/nestshostels.com\/wp-content\/uploads\/logo-nests-hostel.webp","width":200,"height":217,"caption":"Nests Hostels"},"image":{"@id":"https:\/\/nestshostels.com\/de\/#\/schema\/logo\/image\/"},"sameAs":["https:\/\/www.facebook.com\/nesthosteltenerife\/","https:\/\/www.instagram.com\/nestshostels\/","https:\/\/www.tiktok.com\/@nestshostels","https:\/\/www.threads.com\/@nestshostels\/","https:\/\/www.youtube.com\/@nestshostels\/"]},{"@type":"Person","@id":"https:\/\/nestshostels.com\/de\/#\/schema\/person\/0e74957900b656bf8bc4abe11337fe43","name":"Artur","image":{"@type":"ImageObject","inLanguage":"de","@id":"https:\/\/nestshostels.com\/de\/#\/schema\/person\/image\/","url":"https:\/\/secure.gravatar.com\/avatar\/d6413025fb6a3a11bf24c7b7d4d8c0b223859f4f0de2c17883591c96f4003222?s=96&r=g","contentUrl":"https:\/\/secure.gravatar.com\/avatar\/d6413025fb6a3a11bf24c7b7d4d8c0b223859f4f0de2c17883591c96f4003222?s=96&r=g","caption":"Artur"}}]}},"_links":{"self":[{"href":"https:\/\/nestshostels.com\/de\/wp-json\/wp\/v2\/posts\/22399","targetHints":{"allow":["GET"]}}],"collection":[{"href":"https:\/\/nestshostels.com\/de\/wp-json\/wp\/v2\/posts"}],"about":[{"href":"https:\/\/nestshostels.com\/de\/wp-json\/wp\/v2\/types\/post"}],"author":[{"embeddable":true,"href":"https:\/\/nestshostels.com\/de\/wp-json\/wp\/v2\/users\/3"}],"replies":[{"embeddable":true,"href":"https:\/\/nestshostels.com\/de\/wp-json\/wp\/v2\/comments?post=22399"}],"version-history":[{"count":5,"href":"https:\/\/nestshostels.com\/de\/wp-json\/wp\/v2\/posts\/22399\/revisions"}],"predecessor-version":[{"id":24145,"href":"https:\/\/nestshostels.com\/de\/wp-json\/wp\/v2\/posts\/22399\/revisions\/24145"}],"wp:featuredmedia":[{"embeddable":true,"href":"https:\/\/nestshostels.com\/de\/wp-json\/wp\/v2\/media\/22364"}],"wp:attachment":[{"href":"https:\/\/nestshostels.com\/de\/wp-json\/wp\/v2\/media?parent=22399"}],"wp:term":[{"taxonomy":"category","embeddable":true,"href":"https:\/\/nestshostels.com\/de\/wp-json\/wp\/v2\/categories?post=22399"},{"taxonomy":"post_tag","embeddable":true,"href":"https:\/\/nestshostels.com\/de\/wp-json\/wp\/v2\/tags?post=22399"}],"curies":[{"name":"wp","href":"https:\/\/api.w.org\/{rel}","templated":true}]}}