{"id":22016,"date":"2026-02-14T19:15:45","date_gmt":"2026-02-14T19:15:45","guid":{"rendered":"https:\/\/nestshostels.com\/events-puerto-cruz-carnival-2026-guide\/"},"modified":"2026-02-15T07:20:01","modified_gmt":"2026-02-15T07:20:01","slug":"events-puerto-cruz-carnival-2026-guide","status":"publish","type":"post","link":"https:\/\/nestshostels.com\/de\/events-puerto-cruz-carnival-2026-guide\/","title":{"rendered":"Karneval in Puerto de la Cruz 2026: Alle Events und Programme"},"content":{"rendered":"\n<p class=\"intro-paragraph\">\ud83c\udfad <strong>Puerto de la Cruz bietet das authentischste Karnevalserlebnis Teneriffas im Februar 2026<\/strong>\u2014kleinere Menschenmengen, einzigartige Traditionen und viel zug\u00e4nglicher als das ber\u00fchmte Pendant in Santa Cruz. Vom <strong>1. bis 28. Februar 2026<\/strong> mit einem mexikanischen Thema (&#8222;Con Alma Mexicana&#8220;) bietet dieser Karneval im Norden Teneriffas Events, die du nirgendwo anders findest, und du kannst dir hier tats\u00e4chlich eine Feier im Backpacker-Stil leisten. Suchst du das volle Karnevalserlebnis auf Teneriffa? Schau dir unseren <a href=\"https:\/\/nestshostels.com\/de\/tenerife-carnival-2026-guide-events\/\">kompletten Karneval 2026 Guide f\u00fcr Teneriffa<\/a> an.<\/p>\n\n<h2 class=\"wp-block-heading\">\ud83d\udccd Schnelle Navigation<\/h2>\n\n<ul class=\"wp-block-list\">\n<li><a href=\"#dates-and-theme\">2026 Termine &amp; Mexikanisches Thema<\/a> \u2013 1.-28. Februar 2026<\/li>\n\n\n\n<li><a href=\"#mascarita-ponte-tacon\">Mascarita Ponte Tac\u00f3n<\/a> \u2013 Das legend\u00e4re Highheel-Rennen \ud83d\udc60 20.02.2026 21:00 Uhr<\/li>\n\n\n\n<li><a href=\"#gran-coso\">Gran Coso Apoteosis<\/a> \u2013 Hauptparade \ud83c\udf89 21.02.2026 16:00 Uhr<\/li>\n\n\n\n<li><a href=\"#entierro-sardina\">Entierro de la Sardina<\/a> \u2013 Beerdigung der Sardine \ud83d\udc1f 18.02.2026 21:00 Uhr<\/li>\n\n\n\n<li><a href=\"#mataculebra\">Mataculebra Ritual<\/a> \u2013 Afro-kubanische Tradition \ud83d\udc0d<\/li>\n\n\n\n<li><a href=\"#where-it-happens\">Wo alles passiert<\/a> \u2013 Plaza del Charco &amp; wichtige Orte<\/li>\n\n\n\n<li><a href=\"#getting-there\">Anreise<\/a> \u2013 Busse, Flugh\u00e4fen &amp; Transporttipps<\/li>\n\n\n\n<li><a href=\"#nests-hostels\">Wo \u00fcbernachten<\/a> \u2013 Nests Hostels Tenerife<\/li>\n\n\n\n<li><a href=\"#budget\">Was es kostet<\/a> \u2013 T\u00e4gliche Budget\u00fcbersicht<\/li>\n\n\n\n<li><a href=\"#puerto-vs-santa-cruz\">Puerto vs Santa Cruz<\/a> \u2013 Welcher Karneval ist der richtige f\u00fcr dich?<\/li>\n\n\n\n<li><a href=\"#local-tips\">Lokale Insider-Tipps<\/a> \u2013 Fotos, Menschenmengen, Wetter<\/li>\n<\/ul>\n\n<figure class=\"wp-block-gallery has-nested-images columns-default is-cropped wp-block-gallery-1 is-layout-flex wp-block-gallery-is-layout-flex\">\n<figure data-wp-context=\"{&quot;imageId&quot;:&quot;69f1b9c4c1580&quot;}\" data-wp-interactive=\"core\/image\" data-wp-key=\"69f1b9c4c1580\" class=\"wp-block-image size-large wp-lightbox-container\"><img loading=\"lazy\" decoding=\"async\" width=\"819\" height=\"1024\" data-wp-class--hide=\"state.isContentHidden\" data-wp-class--show=\"state.isContentVisible\" data-wp-init=\"callbacks.setButtonStyles\" data-wp-on--click=\"actions.showLightbox\" data-wp-on--load=\"callbacks.setButtonStyles\" data-wp-on-window--resize=\"callbacks.setButtonStyles\" data-id=\"21928\" src=\"https:\/\/nestshostels.com\/wp-content\/uploads\/2026\/02\/17708968328911-819x1024.jpeg\" alt=\"Live Musik &amp; DJ beim PUERTO DE LA CRUZ KARNEVAL 2026\" class=\"wp-image-21928\" srcset=\"https:\/\/nestshostels.com\/wp-content\/uploads\/2026\/02\/17708968328911-819x1024.jpeg 819w, https:\/\/nestshostels.com\/wp-content\/uploads\/2026\/02\/17708968328911-240x300.jpeg 240w, https:\/\/nestshostels.com\/wp-content\/uploads\/2026\/02\/17708968328911-768x960.jpeg 768w, https:\/\/nestshostels.com\/wp-content\/uploads\/2026\/02\/17708968328911.jpeg 1080w\" sizes=\"auto, (max-width: 819px) 100vw, 819px\" \/><button\n\t\t\tclass=\"lightbox-trigger\"\n\t\t\ttype=\"button\"\n\t\t\taria-haspopup=\"dialog\"\n\t\t\taria-label=\"Vergr\u00f6\u00dfern\"\n\t\t\tdata-wp-init=\"callbacks.initTriggerButton\"\n\t\t\tdata-wp-on--click=\"actions.showLightbox\"\n\t\t\tdata-wp-style--right=\"state.imageButtonRight\"\n\t\t\tdata-wp-style--top=\"state.imageButtonTop\"\n\t\t>\n\t\t\t<svg xmlns=\"http:\/\/www.w3.org\/2000\/svg\" width=\"12\" height=\"12\" fill=\"none\" viewBox=\"0 0 12 12\">\n\t\t\t\t<path fill=\"#fff\" d=\"M2 0a2 2 0 0 0-2 2v2h1.5V2a.5.5 0 0 1 .5-.5h2V0H2Zm2 10.5H2a.5.5 0 0 1-.5-.5V8H0v2a2 2 0 0 0 2 2h2v-1.5ZM8 12v-1.5h2a.5.5 0 0 0 .5-.5V8H12v2a2 2 0 0 1-2 2H8Zm2-12a2 2 0 0 1 2 2v2h-1.5V2a.5.5 0 0 0-.5-.5H8V0h2Z\" \/>\n\t\t\t<\/svg>\n\t\t<\/button><figcaption class=\"wp-element-caption\">Live Musik &amp; DJ beim PUERTO DE LA CRUZ KARNEVAL 2026<\/figcaption><\/figure>\n\n\n\n<figure data-wp-context=\"{&quot;imageId&quot;:&quot;69f1b9c4c4c05&quot;}\" data-wp-interactive=\"core\/image\" data-wp-key=\"69f1b9c4c4c05\" class=\"wp-block-image size-large wp-lightbox-container\"><img loading=\"lazy\" decoding=\"async\" width=\"819\" height=\"1024\" data-wp-class--hide=\"state.isContentHidden\" data-wp-class--show=\"state.isContentVisible\" data-wp-init=\"callbacks.setButtonStyles\" data-wp-on--click=\"actions.showLightbox\" data-wp-on--load=\"callbacks.setButtonStyles\" data-wp-on-window--resize=\"callbacks.setButtonStyles\" data-id=\"21893\" src=\"https:\/\/nestshostels.com\/wp-content\/uploads\/2026\/02\/WhatsApp-Image-2026-02-11-at-11.28.51-819x1024.jpeg\" alt=\"Live Musik &amp; DJ beim PUERTO DE LA CRUZ KARNEVAL 2026\" class=\"wp-image-21893\" srcset=\"https:\/\/nestshostels.com\/wp-content\/uploads\/2026\/02\/WhatsApp-Image-2026-02-11-at-11.28.51-819x1024.jpeg 819w, https:\/\/nestshostels.com\/wp-content\/uploads\/2026\/02\/WhatsApp-Image-2026-02-11-at-11.28.51-240x300.jpeg 240w, https:\/\/nestshostels.com\/wp-content\/uploads\/2026\/02\/WhatsApp-Image-2026-02-11-at-11.28.51-768x960.jpeg 768w, https:\/\/nestshostels.com\/wp-content\/uploads\/2026\/02\/WhatsApp-Image-2026-02-11-at-11.28.51.jpeg 1080w\" sizes=\"auto, (max-width: 819px) 100vw, 819px\" \/><button\n\t\t\tclass=\"lightbox-trigger\"\n\t\t\ttype=\"button\"\n\t\t\taria-haspopup=\"dialog\"\n\t\t\taria-label=\"Vergr\u00f6\u00dfern\"\n\t\t\tdata-wp-init=\"callbacks.initTriggerButton\"\n\t\t\tdata-wp-on--click=\"actions.showLightbox\"\n\t\t\tdata-wp-style--right=\"state.imageButtonRight\"\n\t\t\tdata-wp-style--top=\"state.imageButtonTop\"\n\t\t>\n\t\t\t<svg xmlns=\"http:\/\/www.w3.org\/2000\/svg\" width=\"12\" height=\"12\" fill=\"none\" viewBox=\"0 0 12 12\">\n\t\t\t\t<path fill=\"#fff\" d=\"M2 0a2 2 0 0 0-2 2v2h1.5V2a.5.5 0 0 1 .5-.5h2V0H2Zm2 10.5H2a.5.5 0 0 1-.5-.5V8H0v2a2 2 0 0 0 2 2h2v-1.5ZM8 12v-1.5h2a.5.5 0 0 0 .5-.5V8H12v2a2 2 0 0 1-2 2H8Zm2-12a2 2 0 0 1 2 2v2h-1.5V2a.5.5 0 0 0-.5-.5H8V0h2Z\" \/>\n\t\t\t<\/svg>\n\t\t<\/button><figcaption class=\"wp-element-caption\">Live Musik &amp; DJ beim PUERTO DE LA CRUZ KARNEVAL 2026<\/figcaption><\/figure>\n\n\n\n<figure data-wp-context=\"{&quot;imageId&quot;:&quot;69f1b9c4c7a09&quot;}\" data-wp-interactive=\"core\/image\" data-wp-key=\"69f1b9c4c7a09\" class=\"wp-block-image size-large wp-lightbox-container\"><img loading=\"lazy\" decoding=\"async\" width=\"819\" height=\"1024\" data-wp-class--hide=\"state.isContentHidden\" data-wp-class--show=\"state.isContentVisible\" data-wp-init=\"callbacks.setButtonStyles\" data-wp-on--click=\"actions.showLightbox\" data-wp-on--load=\"callbacks.setButtonStyles\" data-wp-on-window--resize=\"callbacks.setButtonStyles\" data-id=\"21923\" src=\"https:\/\/nestshostels.com\/wp-content\/uploads\/2026\/02\/1770896832891-819x1024.jpeg\" alt=\"Live Musik &amp; DJ beim PUERTO DE LA CRUZ KARNEVAL 2026\" class=\"wp-image-21923\" srcset=\"https:\/\/nestshostels.com\/wp-content\/uploads\/2026\/02\/1770896832891-819x1024.jpeg 819w, https:\/\/nestshostels.com\/wp-content\/uploads\/2026\/02\/1770896832891-240x300.jpeg 240w, https:\/\/nestshostels.com\/wp-content\/uploads\/2026\/02\/1770896832891-768x960.jpeg 768w, https:\/\/nestshostels.com\/wp-content\/uploads\/2026\/02\/1770896832891.jpeg 1080w\" sizes=\"auto, (max-width: 819px) 100vw, 819px\" \/><button\n\t\t\tclass=\"lightbox-trigger\"\n\t\t\ttype=\"button\"\n\t\t\taria-haspopup=\"dialog\"\n\t\t\taria-label=\"Vergr\u00f6\u00dfern\"\n\t\t\tdata-wp-init=\"callbacks.initTriggerButton\"\n\t\t\tdata-wp-on--click=\"actions.showLightbox\"\n\t\t\tdata-wp-style--right=\"state.imageButtonRight\"\n\t\t\tdata-wp-style--top=\"state.imageButtonTop\"\n\t\t>\n\t\t\t<svg xmlns=\"http:\/\/www.w3.org\/2000\/svg\" width=\"12\" height=\"12\" fill=\"none\" viewBox=\"0 0 12 12\">\n\t\t\t\t<path fill=\"#fff\" d=\"M2 0a2 2 0 0 0-2 2v2h1.5V2a.5.5 0 0 1 .5-.5h2V0H2Zm2 10.5H2a.5.5 0 0 1-.5-.5V8H0v2a2 2 0 0 0 2 2h2v-1.5ZM8 12v-1.5h2a.5.5 0 0 0 .5-.5V8H12v2a2 2 0 0 1-2 2H8Zm2-12a2 2 0 0 1 2 2v2h-1.5V2a.5.5 0 0 0-.5-.5H8V0h2Z\" \/>\n\t\t\t<\/svg>\n\t\t<\/button><figcaption class=\"wp-element-caption\">Live Musik &amp; DJ beim PUERTO DE LA CRUZ KARNEVAL 2026<\/figcaption><\/figure>\n<\/figure>\n\n<hr class=\"wp-block-separator has-alpha-channel-opacity\"\/>\n\n<h2 class=\"wp-block-heading\" id=\"dates-and-theme\">\ud83c\uddf2\ud83c\uddfd 2026 Termine und das mexikanische Thema, das die Stimmen der Leute gewonnen hat<\/h2>\n\n<p>Das <strong>2026 Thema ist &#8222;Con Alma Mexicana&#8220;<\/strong> (Mit mexikanischer Seele), gew\u00e4hlt durch eine \u00f6ffentliche Abstimmung im M\u00e4rz 2025 mit <strong>44% von 1.460 Stimmen<\/strong>. Freu dich auf Totensch\u00e4del, von Frida Kahlo inspirierte Kost\u00fcme, Mariachi-Stimmung und \u00fcberall Alebrijes (traditionelle mexikanische Kunstfiguren).<\/p>\n\n<p><strong>Wichtige Termine auf einen Blick:<\/strong><\/p>\n\n<figure class=\"wp-block-table carnival-dates-table\"><table><thead><tr><th>Date<\/th><th>Event<\/th><\/tr><\/thead><tbody><tr><td><strong>6. Februar (Donnerstag)<\/strong><\/td><td>Gala del Rey \u2013 K\u00f6nigswahl Gala, Karnevalsbeginn<\/td><\/tr><tr><td><strong>12. Februar (Donnerstag)<\/strong><\/td><td>Gala de la Reina \u2013 Wahlgala der Adult Queen<\/td><\/tr><tr><td><strong>14. Februar (Samstag)<\/strong><\/td><td>Cabalgata Anunciadora \u2013 Er\u00f6ffnungsparade<\/td><\/tr><tr><td><strong>18. Februar (Mittwoch)<\/strong><\/td><td>Begr\u00e4bnis der Sardine \u2013 Entierro de la Sardina (Aschermittwoch) \ud83d\udc1f<\/td><\/tr><tr><td><strong>20. Februar (Freitag)<\/strong><\/td><td><strong>Mascarita Ponte Tac\u00f3n<\/strong> \u2013 Legend\u00e4res M\u00e4nner-High-Heels-Rennen \ud83d\udc60<\/td><\/tr><tr><td><strong>21. Februar (Samstag)<\/strong><\/td><td><strong>Gran Coso Apoteosis<\/strong> \u2013 Hauptparade um 16:00 Uhr \ud83c\udf89<\/td><\/tr><\/tbody><\/table><\/figure>\n\n<p>Das vollst\u00e4ndige detaillierte Programm mit genauen Zeiten wird normalerweise im Januar 2026 ver\u00f6ffentlicht. Folg einfach <strong><a href=\"https:\/\/www.instagram.com\/carnavalpuertodelacruz\/\" target=\"_blank\" rel=\"noopener\">@carnavalpuertodelacruz<\/a><\/strong> auf Instagram und Facebook f\u00fcr Updates.<\/p>\n\n<figure class=\"wp-block-gallery has-nested-images columns-default is-cropped wp-block-gallery-2 is-layout-flex wp-block-gallery-is-layout-flex\">\n<figure data-wp-context=\"{&quot;imageId&quot;:&quot;69f1b9c4ccef3&quot;}\" data-wp-interactive=\"core\/image\" data-wp-key=\"69f1b9c4ccef3\" class=\"wp-block-image size-large wp-lightbox-container\"><img loading=\"lazy\" decoding=\"async\" width=\"1024\" height=\"536\" data-wp-class--hide=\"state.isContentHidden\" data-wp-class--show=\"state.isContentVisible\" data-wp-init=\"callbacks.setButtonStyles\" data-wp-on--click=\"actions.showLightbox\" data-wp-on--load=\"callbacks.setButtonStyles\" data-wp-on-window--resize=\"callbacks.setButtonStyles\" data-id=\"21863\" src=\"https:\/\/nestshostels.com\/wp-content\/uploads\/2026\/02\/1770896595451-1024x536.jpeg\" alt=\"Menschenmengen beobachten den Gran Coso Umzug mit bunten Wagen und mexikanischen Kost&#xFC;men in Puerto de la Cruz\" class=\"wp-image-21863\" srcset=\"https:\/\/nestshostels.com\/wp-content\/uploads\/2026\/02\/1770896595451-1024x536.jpeg 1024w, https:\/\/nestshostels.com\/wp-content\/uploads\/2026\/02\/1770896595451-300x157.jpeg 300w, https:\/\/nestshostels.com\/wp-content\/uploads\/2026\/02\/1770896595451-768x402.jpeg 768w, https:\/\/nestshostels.com\/wp-content\/uploads\/2026\/02\/1770896595451-1536x804.jpeg 1536w, https:\/\/nestshostels.com\/wp-content\/uploads\/2026\/02\/1770896595451.jpeg 2048w\" sizes=\"auto, (max-width: 1024px) 100vw, 1024px\" \/><button\n\t\t\tclass=\"lightbox-trigger\"\n\t\t\ttype=\"button\"\n\t\t\taria-haspopup=\"dialog\"\n\t\t\taria-label=\"Vergr\u00f6\u00dfern\"\n\t\t\tdata-wp-init=\"callbacks.initTriggerButton\"\n\t\t\tdata-wp-on--click=\"actions.showLightbox\"\n\t\t\tdata-wp-style--right=\"state.imageButtonRight\"\n\t\t\tdata-wp-style--top=\"state.imageButtonTop\"\n\t\t>\n\t\t\t<svg xmlns=\"http:\/\/www.w3.org\/2000\/svg\" width=\"12\" height=\"12\" fill=\"none\" viewBox=\"0 0 12 12\">\n\t\t\t\t<path fill=\"#fff\" d=\"M2 0a2 2 0 0 0-2 2v2h1.5V2a.5.5 0 0 1 .5-.5h2V0H2Zm2 10.5H2a.5.5 0 0 1-.5-.5V8H0v2a2 2 0 0 0 2 2h2v-1.5ZM8 12v-1.5h2a.5.5 0 0 0 .5-.5V8H12v2a2 2 0 0 1-2 2H8Zm2-12a2 2 0 0 1 2 2v2h-1.5V2a.5.5 0 0 0-.5-.5H8V0h2Z\" \/>\n\t\t\t<\/svg>\n\t\t<\/button><figcaption class=\"wp-element-caption\">Menschenmengen beobachten den Gran Coso Umzug mit bunten Wagen und mexikanischen Kost\u00fcmen in Puerto de la Cruz<\/figcaption><\/figure>\n\n\n\n<figure data-wp-context=\"{&quot;imageId&quot;:&quot;69f1b9c4d1f74&quot;}\" data-wp-interactive=\"core\/image\" data-wp-key=\"69f1b9c4d1f74\" class=\"wp-block-image size-large wp-lightbox-container\"><img loading=\"lazy\" decoding=\"async\" width=\"1024\" height=\"684\" data-wp-class--hide=\"state.isContentHidden\" data-wp-class--show=\"state.isContentVisible\" data-wp-init=\"callbacks.setButtonStyles\" data-wp-on--click=\"actions.showLightbox\" data-wp-on--load=\"callbacks.setButtonStyles\" data-wp-on-window--resize=\"callbacks.setButtonStyles\" data-id=\"21913\" src=\"https:\/\/nestshostels.com\/wp-content\/uploads\/2026\/02\/1770896736513-1024x684.jpeg\" alt=\"Karnevalsk&#xF6;niginnen in aufwendigen Kost&#xFC;men w&#xE4;hrend der Gran Coso Apoteosis Parade in Tenerife\" class=\"wp-image-21913\" srcset=\"https:\/\/nestshostels.com\/wp-content\/uploads\/2026\/02\/1770896736513-1024x684.jpeg 1024w, https:\/\/nestshostels.com\/wp-content\/uploads\/2026\/02\/1770896736513-300x200.jpeg 300w, https:\/\/nestshostels.com\/wp-content\/uploads\/2026\/02\/1770896736513-768x513.jpeg 768w, https:\/\/nestshostels.com\/wp-content\/uploads\/2026\/02\/1770896736513-1536x1025.jpeg 1536w, https:\/\/nestshostels.com\/wp-content\/uploads\/2026\/02\/1770896736513.jpeg 1600w\" sizes=\"auto, (max-width: 1024px) 100vw, 1024px\" \/><button\n\t\t\tclass=\"lightbox-trigger\"\n\t\t\ttype=\"button\"\n\t\t\taria-haspopup=\"dialog\"\n\t\t\taria-label=\"Vergr\u00f6\u00dfern\"\n\t\t\tdata-wp-init=\"callbacks.initTriggerButton\"\n\t\t\tdata-wp-on--click=\"actions.showLightbox\"\n\t\t\tdata-wp-style--right=\"state.imageButtonRight\"\n\t\t\tdata-wp-style--top=\"state.imageButtonTop\"\n\t\t>\n\t\t\t<svg xmlns=\"http:\/\/www.w3.org\/2000\/svg\" width=\"12\" height=\"12\" fill=\"none\" viewBox=\"0 0 12 12\">\n\t\t\t\t<path fill=\"#fff\" d=\"M2 0a2 2 0 0 0-2 2v2h1.5V2a.5.5 0 0 1 .5-.5h2V0H2Zm2 10.5H2a.5.5 0 0 1-.5-.5V8H0v2a2 2 0 0 0 2 2h2v-1.5ZM8 12v-1.5h2a.5.5 0 0 0 .5-.5V8H12v2a2 2 0 0 1-2 2H8Zm2-12a2 2 0 0 1 2 2v2h-1.5V2a.5.5 0 0 0-.5-.5H8V0h2Z\" \/>\n\t\t\t<\/svg>\n\t\t<\/button><figcaption class=\"wp-element-caption\">Karnevalsk\u00f6niginnen in aufwendigen Kost\u00fcmen w\u00e4hrend der Gran Coso Apoteosis Parade in Tenerife<\/figcaption><\/figure>\n\n\n\n<figure data-wp-context=\"{&quot;imageId&quot;:&quot;69f1b9c4d34cf&quot;}\" data-wp-interactive=\"core\/image\" data-wp-key=\"69f1b9c4d34cf\" class=\"wp-block-image size-large wp-lightbox-container\"><img loading=\"lazy\" decoding=\"async\" width=\"1024\" height=\"537\" data-wp-class--hide=\"state.isContentHidden\" data-wp-class--show=\"state.isContentVisible\" data-wp-init=\"callbacks.setButtonStyles\" data-wp-on--click=\"actions.showLightbox\" data-wp-on--load=\"callbacks.setButtonStyles\" data-wp-on-window--resize=\"callbacks.setButtonStyles\" data-id=\"21868\" src=\"https:\/\/nestshostels.com\/wp-content\/uploads\/2026\/02\/1770896596564-1024x537.jpeg\" alt=\"Stra&#xDF;enfest mit Batucadas und Comparsas, die entlang der Kopfsteinpflasterstra&#xDF;en in Puerto de la Cruz auftreten.\" class=\"wp-image-21868\" srcset=\"https:\/\/nestshostels.com\/wp-content\/uploads\/2026\/02\/1770896596564-1024x537.jpeg 1024w, https:\/\/nestshostels.com\/wp-content\/uploads\/2026\/02\/1770896596564-300x157.jpeg 300w, https:\/\/nestshostels.com\/wp-content\/uploads\/2026\/02\/1770896596564-768x402.jpeg 768w, https:\/\/nestshostels.com\/wp-content\/uploads\/2026\/02\/1770896596564-1536x805.jpeg 1536w, https:\/\/nestshostels.com\/wp-content\/uploads\/2026\/02\/1770896596564.jpeg 1599w\" sizes=\"auto, (max-width: 1024px) 100vw, 1024px\" \/><button\n\t\t\tclass=\"lightbox-trigger\"\n\t\t\ttype=\"button\"\n\t\t\taria-haspopup=\"dialog\"\n\t\t\taria-label=\"Vergr\u00f6\u00dfern\"\n\t\t\tdata-wp-init=\"callbacks.initTriggerButton\"\n\t\t\tdata-wp-on--click=\"actions.showLightbox\"\n\t\t\tdata-wp-style--right=\"state.imageButtonRight\"\n\t\t\tdata-wp-style--top=\"state.imageButtonTop\"\n\t\t>\n\t\t\t<svg xmlns=\"http:\/\/www.w3.org\/2000\/svg\" width=\"12\" height=\"12\" fill=\"none\" viewBox=\"0 0 12 12\">\n\t\t\t\t<path fill=\"#fff\" d=\"M2 0a2 2 0 0 0-2 2v2h1.5V2a.5.5 0 0 1 .5-.5h2V0H2Zm2 10.5H2a.5.5 0 0 1-.5-.5V8H0v2a2 2 0 0 0 2 2h2v-1.5ZM8 12v-1.5h2a.5.5 0 0 0 .5-.5V8H12v2a2 2 0 0 1-2 2H8Zm2-12a2 2 0 0 1 2 2v2h-1.5V2a.5.5 0 0 0-.5-.5H8V0h2Z\" \/>\n\t\t\t<\/svg>\n\t\t<\/button><figcaption class=\"wp-element-caption\">Stra\u00dfenfest mit Batucadas und Comparsas, die entlang der Kopfsteinpflasterstra\u00dfen in Puerto de la Cruz auftreten.<\/figcaption><\/figure>\n<\/figure>\n\n<h2 class=\"wp-block-heading\">\ud83d\udd25 Die Events, die du auf keinen Fall verpassen darfst<\/h2>\n\n<h3 class=\"wp-block-heading\" id=\"mascarita-ponte-tacon\">\ud83d\udc60 Mascarita Ponte Tac\u00f3n: M\u00e4nnerrennen in High Heels \u00fcber Kopfsteinpflaster<\/h3>\n\n<p>Das ist das <strong>Signature-Event<\/strong> von Puerto de la Cruz und es ist genau so chaotisch, wie es klingt. Die 36. Ausgabe findet am <strong>20. Februar<\/strong> um 22:00 Uhr statt. M\u00e4nnliche Teilnehmer m\u00fcssen <strong>mindestens 8-10 cm hohe Schuhe<\/strong> tragen und ein komplettes Kost\u00fcm (Per\u00fccken, Glitzer, falsche Wimpern sind Pflicht). Sie rennen von der <a href=\"https:\/\/maps.app.goo.gl\/ZqKxYvXqxqxqxqxq6\" target=\"_blank\" rel=\"noopener\">Plaza de Reyes Cat\u00f3licos<\/a> durch historische Kopfsteinpflasterstra\u00dfen, vorbei an der Ermita de San Telmo, und enden auf der <a href=\"https:\/\/maps.app.goo.gl\/ZqKxYvXqxqxqxqxq7\" target=\"_blank\" rel=\"noopener\">Plaza del Charco<\/a>. \u00dcber <strong>400 Teilnehmer<\/strong> k\u00e4mpfen um den Sieg, w\u00e4hrend Tausende die Strecke entlang stehen und anfeuern. Die Anmeldung \u00f6ffnet um 20:00 Uhr im Startbereich. Die Siegerehrung findet gegen Mitternacht auf der Plaza del Charco statt \u2013 und dann geht die Party richtig los!<\/p>\n\n<figure class=\"wp-block-gallery has-nested-images columns-default is-cropped wp-block-gallery-3 is-layout-flex wp-block-gallery-is-layout-flex\">\n<figure data-wp-context=\"{&quot;imageId&quot;:&quot;69f1b9c4d5caf&quot;}\" data-wp-interactive=\"core\/image\" data-wp-key=\"69f1b9c4d5caf\" class=\"wp-block-image size-large wp-lightbox-container\"><img loading=\"lazy\" decoding=\"async\" width=\"768\" height=\"1024\" data-wp-class--hide=\"state.isContentHidden\" data-wp-class--show=\"state.isContentVisible\" data-wp-init=\"callbacks.setButtonStyles\" data-wp-on--click=\"actions.showLightbox\" data-wp-on--load=\"callbacks.setButtonStyles\" data-wp-on-window--resize=\"callbacks.setButtonStyles\" data-id=\"21993\" src=\"https:\/\/nestshostels.com\/wp-content\/uploads\/2026\/02\/20250307_234904-768x1024.jpg\" alt=\"M&#xE4;nner, die w&#xE4;hrend des Mascarita Ponte Tac&#xF3;n Karnevalsevents in Puerto de la Cruz in High Heels Rennen.\" class=\"wp-image-21993\" srcset=\"https:\/\/nestshostels.com\/wp-content\/uploads\/2026\/02\/20250307_234904-768x1024.jpg 768w, https:\/\/nestshostels.com\/wp-content\/uploads\/2026\/02\/20250307_234904-225x300.jpg 225w, https:\/\/nestshostels.com\/wp-content\/uploads\/2026\/02\/20250307_234904.jpg 1020w\" sizes=\"auto, (max-width: 768px) 100vw, 768px\" \/><button\n\t\t\tclass=\"lightbox-trigger\"\n\t\t\ttype=\"button\"\n\t\t\taria-haspopup=\"dialog\"\n\t\t\taria-label=\"Vergr\u00f6\u00dfern\"\n\t\t\tdata-wp-init=\"callbacks.initTriggerButton\"\n\t\t\tdata-wp-on--click=\"actions.showLightbox\"\n\t\t\tdata-wp-style--right=\"state.imageButtonRight\"\n\t\t\tdata-wp-style--top=\"state.imageButtonTop\"\n\t\t>\n\t\t\t<svg xmlns=\"http:\/\/www.w3.org\/2000\/svg\" width=\"12\" height=\"12\" fill=\"none\" viewBox=\"0 0 12 12\">\n\t\t\t\t<path fill=\"#fff\" d=\"M2 0a2 2 0 0 0-2 2v2h1.5V2a.5.5 0 0 1 .5-.5h2V0H2Zm2 10.5H2a.5.5 0 0 1-.5-.5V8H0v2a2 2 0 0 0 2 2h2v-1.5ZM8 12v-1.5h2a.5.5 0 0 0 .5-.5V8H12v2a2 2 0 0 1-2 2H8Zm2-12a2 2 0 0 1 2 2v2h-1.5V2a.5.5 0 0 0-.5-.5H8V0h2Z\" \/>\n\t\t\t<\/svg>\n\t\t<\/button><figcaption class=\"wp-element-caption\">M\u00e4nner, die w\u00e4hrend des Mascarita Ponte Tac\u00f3n Karnevalsevents in Puerto de la Cruz in High Heels Rennen.<\/figcaption><\/figure>\n\n\n\n<figure data-wp-context=\"{&quot;imageId&quot;:&quot;69f1b9c4d94da&quot;}\" data-wp-interactive=\"core\/image\" data-wp-key=\"69f1b9c4d94da\" class=\"wp-block-image size-large wp-lightbox-container\"><img loading=\"lazy\" decoding=\"async\" width=\"768\" height=\"1024\" data-wp-class--hide=\"state.isContentHidden\" data-wp-class--show=\"state.isContentVisible\" data-wp-init=\"callbacks.setButtonStyles\" data-wp-on--click=\"actions.showLightbox\" data-wp-on--load=\"callbacks.setButtonStyles\" data-wp-on-window--resize=\"callbacks.setButtonStyles\" data-id=\"21988\" src=\"https:\/\/nestshostels.com\/wp-content\/uploads\/2026\/02\/20250307_225158-768x1024.jpg\" alt=\"M&#xE4;nner, die w&#xE4;hrend des Mascarita Ponte Tac&#xF3;n Karnevalsevents in Puerto de la Cruz in High Heels Rennen.\" class=\"wp-image-21988\" srcset=\"https:\/\/nestshostels.com\/wp-content\/uploads\/2026\/02\/20250307_225158-768x1024.jpg 768w, https:\/\/nestshostels.com\/wp-content\/uploads\/2026\/02\/20250307_225158-225x300.jpg 225w, https:\/\/nestshostels.com\/wp-content\/uploads\/2026\/02\/20250307_225158.jpg 1020w\" sizes=\"auto, (max-width: 768px) 100vw, 768px\" \/><button\n\t\t\tclass=\"lightbox-trigger\"\n\t\t\ttype=\"button\"\n\t\t\taria-haspopup=\"dialog\"\n\t\t\taria-label=\"Vergr\u00f6\u00dfern\"\n\t\t\tdata-wp-init=\"callbacks.initTriggerButton\"\n\t\t\tdata-wp-on--click=\"actions.showLightbox\"\n\t\t\tdata-wp-style--right=\"state.imageButtonRight\"\n\t\t\tdata-wp-style--top=\"state.imageButtonTop\"\n\t\t>\n\t\t\t<svg xmlns=\"http:\/\/www.w3.org\/2000\/svg\" width=\"12\" height=\"12\" fill=\"none\" viewBox=\"0 0 12 12\">\n\t\t\t\t<path fill=\"#fff\" d=\"M2 0a2 2 0 0 0-2 2v2h1.5V2a.5.5 0 0 1 .5-.5h2V0H2Zm2 10.5H2a.5.5 0 0 1-.5-.5V8H0v2a2 2 0 0 0 2 2h2v-1.5ZM8 12v-1.5h2a.5.5 0 0 0 .5-.5V8H12v2a2 2 0 0 1-2 2H8Zm2-12a2 2 0 0 1 2 2v2h-1.5V2a.5.5 0 0 0-.5-.5H8V0h2Z\" \/>\n\t\t\t<\/svg>\n\t\t<\/button><figcaption class=\"wp-element-caption\">M\u00e4nner, die w\u00e4hrend des Mascarita Ponte Tac\u00f3n Karnevalsevents in Puerto de la Cruz in High Heels Rennen.<\/figcaption><\/figure>\n\n\n\n<figure data-wp-context=\"{&quot;imageId&quot;:&quot;69f1b9c4dfc5a&quot;}\" data-wp-interactive=\"core\/image\" data-wp-key=\"69f1b9c4dfc5a\" class=\"wp-block-image size-large wp-lightbox-container\"><img loading=\"lazy\" decoding=\"async\" width=\"768\" height=\"1024\" data-wp-class--hide=\"state.isContentHidden\" data-wp-class--show=\"state.isContentVisible\" data-wp-init=\"callbacks.setButtonStyles\" data-wp-on--click=\"actions.showLightbox\" data-wp-on--load=\"callbacks.setButtonStyles\" data-wp-on-window--resize=\"callbacks.setButtonStyles\" data-id=\"21968\" src=\"https:\/\/nestshostels.com\/wp-content\/uploads\/2026\/02\/20250308_000453-768x1024.jpg\" alt=\"M&#xE4;nner, die w&#xE4;hrend des Mascarita Ponte Tac&#xF3;n Karnevalsevents in Puerto de la Cruz in High Heels Rennen.\" class=\"wp-image-21968\" srcset=\"https:\/\/nestshostels.com\/wp-content\/uploads\/2026\/02\/20250308_000453-768x1024.jpg 768w, https:\/\/nestshostels.com\/wp-content\/uploads\/2026\/02\/20250308_000453-225x300.jpg 225w, https:\/\/nestshostels.com\/wp-content\/uploads\/2026\/02\/20250308_000453.jpg 1020w\" sizes=\"auto, (max-width: 768px) 100vw, 768px\" \/><button\n\t\t\tclass=\"lightbox-trigger\"\n\t\t\ttype=\"button\"\n\t\t\taria-haspopup=\"dialog\"\n\t\t\taria-label=\"Vergr\u00f6\u00dfern\"\n\t\t\tdata-wp-init=\"callbacks.initTriggerButton\"\n\t\t\tdata-wp-on--click=\"actions.showLightbox\"\n\t\t\tdata-wp-style--right=\"state.imageButtonRight\"\n\t\t\tdata-wp-style--top=\"state.imageButtonTop\"\n\t\t>\n\t\t\t<svg xmlns=\"http:\/\/www.w3.org\/2000\/svg\" width=\"12\" height=\"12\" fill=\"none\" viewBox=\"0 0 12 12\">\n\t\t\t\t<path fill=\"#fff\" d=\"M2 0a2 2 0 0 0-2 2v2h1.5V2a.5.5 0 0 1 .5-.5h2V0H2Zm2 10.5H2a.5.5 0 0 1-.5-.5V8H0v2a2 2 0 0 0 2 2h2v-1.5ZM8 12v-1.5h2a.5.5 0 0 0 .5-.5V8H12v2a2 2 0 0 1-2 2H8Zm2-12a2 2 0 0 1 2 2v2h-1.5V2a.5.5 0 0 0-.5-.5H8V0h2Z\" \/>\n\t\t\t<\/svg>\n\t\t<\/button><figcaption class=\"wp-element-caption\">M\u00e4nner, die w\u00e4hrend des Mascarita Ponte Tac\u00f3n Karnevalsevents in Puerto de la Cruz in High Heels Rennen.<\/figcaption><\/figure>\n<\/figure>\n\n<p>\ud83c\udfa5 <strong>Schau dir das an:<\/strong> <a href=\"https:\/\/youtu.be\/nHGoLoEqnkg?si=VVuzHTo6fF3u070z\">auf YouTube &#8222;Mascarita Ponte Tac\u00f3n Puerto de la Cruz&#8220;<\/a>, um den Wahnsinn zu sehen \u2013 es ist verr\u00fcckt, 450 Typen in 10cm hohen Schuhen \u00fcber Kopfsteinpflaster sprinten zu sehen!<\/p>\n\n<hr class=\"wp-block-separator has-alpha-channel-opacity\"\/>\n\n<h3 class=\"wp-block-heading\" id=\"gran-coso\">\ud83c\udfaa Gran Coso Apoteosis: Die Hauptparade<\/h3>\n\n<p><strong>Samstag, 21. Februar um 16:00<\/strong>\u2014das ist der H\u00f6hepunkt des Karnevals. Der Umzug startet an der <strong>Avenida de Col\u00f3n<\/strong> (da sind die offiziellen Trib\u00fcnen), schl\u00e4ngelt sich dann durch die Plaza de los Reyes Cat\u00f3licos \u2192 Calle Obispo P\u00e9rez C\u00e1ceres \u2192 Avenida Familia Betancourt y Molina \u2192 Calle Zamora \u2192 Calle Santo Domingo \u2192 Calle La Marina \u2192 <strong><a href=\"https:\/\/maps.app.goo.gl\/ZqKxYvXqxqxqxqxq7\" target=\"_blank\" rel=\"noopener\">Plaza del Charco<\/a><\/strong> \u2192 Calle San Felipe und endet an der Avenida Jos\u00e9 Mar\u00eda del Campo Llarena. Festwagen mit mexikanischen Themen, die gew\u00e4hlten K\u00f6niginnen, comparsas (Tanzgruppen), murgas (satirische Gesangsgruppen) und batucadas f\u00fcllen die Stra\u00dfen f\u00fcr mehrere Stunden. Der Umzug ist <strong>v\u00f6llig kostenlos zu sehen<\/strong>\u2014sichere dir einfach fr\u00fch einen Platz. Tipp: Nimm einen Klappstuhl mit.<\/p>\n\n<figure class=\"wp-block-gallery has-nested-images columns-default is-cropped wp-block-gallery-4 is-layout-flex wp-block-gallery-is-layout-flex\">\n<figure class=\"wp-block-image size-large\"><img loading=\"lazy\" decoding=\"async\" width=\"1024\" height=\"767\" data-id=\"21963\" src=\"https:\/\/nestshostels.com\/wp-content\/uploads\/2026\/02\/carnavalpuertodelacruz_1770896662082-1024x767.jpeg\" alt=\"Menschenmengen beobachten den Gran Coso Umzug mit bunten Wagen und mexikanischen Kost&#xFC;men in Puerto de la Cruz\" class=\"wp-image-21963\" srcset=\"https:\/\/nestshostels.com\/wp-content\/uploads\/2026\/02\/carnavalpuertodelacruz_1770896662082-1024x767.jpeg 1024w, https:\/\/nestshostels.com\/wp-content\/uploads\/2026\/02\/carnavalpuertodelacruz_1770896662082-300x225.jpeg 300w, https:\/\/nestshostels.com\/wp-content\/uploads\/2026\/02\/carnavalpuertodelacruz_1770896662082-768x575.jpeg 768w, https:\/\/nestshostels.com\/wp-content\/uploads\/2026\/02\/carnavalpuertodelacruz_1770896662082.jpeg 1440w\" sizes=\"auto, (max-width: 1024px) 100vw, 1024px\" \/><figcaption class=\"wp-element-caption\">Menschenmengen beobachten den Gran Coso Umzug mit bunten Wagen und mexikanischen Kost\u00fcmen in Puerto de la Cruz<\/figcaption><\/figure>\n\n\n\n<figure class=\"wp-block-image size-large\"><img loading=\"lazy\" decoding=\"async\" width=\"810\" height=\"607\" data-id=\"21958\" src=\"https:\/\/nestshostels.com\/wp-content\/uploads\/2026\/02\/carnavalpuertodelacruz_17708966620821.jpeg\" alt=\"Menschenmengen beobachten den Gran Coso Umzug mit bunten Wagen und mexikanischen Kost&#xFC;men in Puerto de la Cruz\" class=\"wp-image-21958\" srcset=\"https:\/\/nestshostels.com\/wp-content\/uploads\/2026\/02\/carnavalpuertodelacruz_17708966620821.jpeg 810w, https:\/\/nestshostels.com\/wp-content\/uploads\/2026\/02\/carnavalpuertodelacruz_17708966620821-300x225.jpeg 300w, https:\/\/nestshostels.com\/wp-content\/uploads\/2026\/02\/carnavalpuertodelacruz_17708966620821-768x576.jpeg 768w\" sizes=\"auto, (max-width: 810px) 100vw, 810px\" \/><figcaption class=\"wp-element-caption\">Menschenmengen beobachten den Gran Coso Umzug mit bunten Wagen und mexikanischen Kost\u00fcmen in Puerto de la Cruz<\/figcaption><\/figure>\n\n\n\n<figure class=\"wp-block-image size-large\"><img loading=\"lazy\" decoding=\"async\" width=\"1024\" height=\"537\" data-id=\"21873\" src=\"https:\/\/nestshostels.com\/wp-content\/uploads\/2026\/02\/1770896600759-1024x537.jpeg\" alt=\"Menschenmengen beobachten den Gran Coso Umzug mit bunten Wagen und mexikanischen Kost&#xFC;men in Puerto de la Cruz\" class=\"wp-image-21873\" srcset=\"https:\/\/nestshostels.com\/wp-content\/uploads\/2026\/02\/1770896600759-1024x537.jpeg 1024w, https:\/\/nestshostels.com\/wp-content\/uploads\/2026\/02\/1770896600759-300x157.jpeg 300w, https:\/\/nestshostels.com\/wp-content\/uploads\/2026\/02\/1770896600759-768x402.jpeg 768w, https:\/\/nestshostels.com\/wp-content\/uploads\/2026\/02\/1770896600759-1536x805.jpeg 1536w, https:\/\/nestshostels.com\/wp-content\/uploads\/2026\/02\/1770896600759.jpeg 1599w\" sizes=\"auto, (max-width: 1024px) 100vw, 1024px\" \/><figcaption class=\"wp-element-caption\">Menschenmengen beobachten den Gran Coso Umzug mit bunten Wagen und mexikanischen Kost\u00fcmen in Puerto de la Cruz<\/figcaption><\/figure>\n<\/figure>\n\n<p><\/p>\n\n<h3 class=\"wp-block-heading\" id=\"entierro-sardina\">\ud83d\udc1f Entierro de la Sardina: Die Riesenfischverbrennung<\/h3>\n\n<p><strong>18. Februar (Aschermittwoch)<\/strong> ist eines der spektakul\u00e4rsten Ereignisse im Karneval von Teneriffa. Eine <strong>9 Meter gro\u00dfe Pappmach\u00e9-Sardine<\/strong> wird von 14:00 bis 18:00 Uhr auf dem Plaza Concejil ausgestellt. Um 19:00 Uhr beginnt die &#8222;Trauer&#8220;. Um 21:00 Uhr begleitet ein Trauerzug von Einheimischen, die als <strong>traurige Witwen<\/strong> (viele sind M\u00e4nner in schwarzen Kleidern) verkleidet sind, die Sardine durch die Stra\u00dfen und weint dramatisch. Die Route f\u00fchrt von der Avenida de Col\u00f3n durch die Innenstadt bis zum <strong><a href=\"https:\/\/maps.app.goo.gl\/ZqKxYvXqxqxqxqxq8\" target=\"_blank\" rel=\"noopener\">Muelle Pesquero<\/a><\/strong> (dem Fischereihafen), wo die Sardine in einem spektakul\u00e4ren Feuerwerk <strong>verbrannt<\/strong> wird \ud83d\udca5. Das symbolisiert das Ende der karnevalistischen Exzesse, bevor die Fastenzeit beginnt. Die After-Party geht mit Live-Orchestern auf dem Plaza del Charco weiter.<\/p>\n\n<figure class=\"wp-block-gallery has-nested-images columns-default is-cropped wp-block-gallery-5 is-layout-flex wp-block-gallery-is-layout-flex\">\n<figure data-wp-context=\"{&quot;imageId&quot;:&quot;69f1b9c4e4373&quot;}\" data-wp-interactive=\"core\/image\" data-wp-key=\"69f1b9c4e4373\" class=\"wp-block-image size-large wp-lightbox-container\"><img loading=\"lazy\" decoding=\"async\" width=\"768\" height=\"1024\" data-wp-class--hide=\"state.isContentHidden\" data-wp-class--show=\"state.isContentVisible\" data-wp-init=\"callbacks.setButtonStyles\" data-wp-on--click=\"actions.showLightbox\" data-wp-on--load=\"callbacks.setButtonStyles\" data-wp-on-window--resize=\"callbacks.setButtonStyles\" data-id=\"21983\" src=\"https:\/\/nestshostels.com\/wp-content\/uploads\/2026\/02\/20250305_215456-768x1024.jpg\" alt=\"Riesige Pappmach&#xE9;-Sardine, die w&#xE4;hrend der Entierro de la Sardina-Karnevalstradition am Muelle Pesquero verbrannt wird\" class=\"wp-image-21983\" srcset=\"https:\/\/nestshostels.com\/wp-content\/uploads\/2026\/02\/20250305_215456-768x1024.jpg 768w, https:\/\/nestshostels.com\/wp-content\/uploads\/2026\/02\/20250305_215456-225x300.jpg 225w, https:\/\/nestshostels.com\/wp-content\/uploads\/2026\/02\/20250305_215456.jpg 1020w\" sizes=\"auto, (max-width: 768px) 100vw, 768px\" \/><button\n\t\t\tclass=\"lightbox-trigger\"\n\t\t\ttype=\"button\"\n\t\t\taria-haspopup=\"dialog\"\n\t\t\taria-label=\"Vergr\u00f6\u00dfern\"\n\t\t\tdata-wp-init=\"callbacks.initTriggerButton\"\n\t\t\tdata-wp-on--click=\"actions.showLightbox\"\n\t\t\tdata-wp-style--right=\"state.imageButtonRight\"\n\t\t\tdata-wp-style--top=\"state.imageButtonTop\"\n\t\t>\n\t\t\t<svg xmlns=\"http:\/\/www.w3.org\/2000\/svg\" width=\"12\" height=\"12\" fill=\"none\" viewBox=\"0 0 12 12\">\n\t\t\t\t<path fill=\"#fff\" d=\"M2 0a2 2 0 0 0-2 2v2h1.5V2a.5.5 0 0 1 .5-.5h2V0H2Zm2 10.5H2a.5.5 0 0 1-.5-.5V8H0v2a2 2 0 0 0 2 2h2v-1.5ZM8 12v-1.5h2a.5.5 0 0 0 .5-.5V8H12v2a2 2 0 0 1-2 2H8Zm2-12a2 2 0 0 1 2 2v2h-1.5V2a.5.5 0 0 0-.5-.5H8V0h2Z\" \/>\n\t\t\t<\/svg>\n\t\t<\/button><figcaption class=\"wp-element-caption\">Riesige Pappmach\u00e9-Sardine, die w\u00e4hrend der Entierro de la Sardina-Karnevalstradition am Muelle Pesquero verbrannt wird<\/figcaption><\/figure>\n\n\n\n<figure data-wp-context=\"{&quot;imageId&quot;:&quot;69f1b9c4e59aa&quot;}\" data-wp-interactive=\"core\/image\" data-wp-key=\"69f1b9c4e59aa\" class=\"wp-block-image size-large wp-lightbox-container\"><img loading=\"lazy\" decoding=\"async\" width=\"1020\" height=\"765\" data-wp-class--hide=\"state.isContentHidden\" data-wp-class--show=\"state.isContentVisible\" data-wp-init=\"callbacks.setButtonStyles\" data-wp-on--click=\"actions.showLightbox\" data-wp-on--load=\"callbacks.setButtonStyles\" data-wp-on-window--resize=\"callbacks.setButtonStyles\" data-id=\"21978\" src=\"https:\/\/nestshostels.com\/wp-content\/uploads\/2026\/02\/20250305_212437.jpg\" alt=\"Riesige Pappmach&#xE9;-Sardine, die w&#xE4;hrend der Entierro de la Sardina-Karnevalstradition am Muelle Pesquero verbrannt wird\" class=\"wp-image-21978\" srcset=\"https:\/\/nestshostels.com\/wp-content\/uploads\/2026\/02\/20250305_212437.jpg 1020w, https:\/\/nestshostels.com\/wp-content\/uploads\/2026\/02\/20250305_212437-300x225.jpg 300w, https:\/\/nestshostels.com\/wp-content\/uploads\/2026\/02\/20250305_212437-768x576.jpg 768w\" sizes=\"auto, (max-width: 1020px) 100vw, 1020px\" \/><button\n\t\t\tclass=\"lightbox-trigger\"\n\t\t\ttype=\"button\"\n\t\t\taria-haspopup=\"dialog\"\n\t\t\taria-label=\"Vergr\u00f6\u00dfern\"\n\t\t\tdata-wp-init=\"callbacks.initTriggerButton\"\n\t\t\tdata-wp-on--click=\"actions.showLightbox\"\n\t\t\tdata-wp-style--right=\"state.imageButtonRight\"\n\t\t\tdata-wp-style--top=\"state.imageButtonTop\"\n\t\t>\n\t\t\t<svg xmlns=\"http:\/\/www.w3.org\/2000\/svg\" width=\"12\" height=\"12\" fill=\"none\" viewBox=\"0 0 12 12\">\n\t\t\t\t<path fill=\"#fff\" d=\"M2 0a2 2 0 0 0-2 2v2h1.5V2a.5.5 0 0 1 .5-.5h2V0H2Zm2 10.5H2a.5.5 0 0 1-.5-.5V8H0v2a2 2 0 0 0 2 2h2v-1.5ZM8 12v-1.5h2a.5.5 0 0 0 .5-.5V8H12v2a2 2 0 0 1-2 2H8Zm2-12a2 2 0 0 1 2 2v2h-1.5V2a.5.5 0 0 0-.5-.5H8V0h2Z\" \/>\n\t\t\t<\/svg>\n\t\t<\/button><figcaption class=\"wp-element-caption\">Riesige Pappmach\u00e9-Sardine, die w\u00e4hrend der Entierro de la Sardina-Karnevalstradition am Muelle Pesquero verbrannt wird<\/figcaption><\/figure>\n\n\n\n<figure data-wp-context=\"{&quot;imageId&quot;:&quot;69f1b9c4e6fbe&quot;}\" data-wp-interactive=\"core\/image\" data-wp-key=\"69f1b9c4e6fbe\" class=\"wp-block-image size-large wp-lightbox-container\"><img loading=\"lazy\" decoding=\"async\" width=\"1024\" height=\"683\" data-wp-class--hide=\"state.isContentHidden\" data-wp-class--show=\"state.isContentVisible\" data-wp-init=\"callbacks.setButtonStyles\" data-wp-on--click=\"actions.showLightbox\" data-wp-on--load=\"callbacks.setButtonStyles\" data-wp-on-window--resize=\"callbacks.setButtonStyles\" data-id=\"17654\" src=\"https:\/\/nestshostels.com\/wp-content\/uploads\/Puerto-Nest-Carnaval-1024x683.jpg\" alt=\"Carnaval in Puerto de la Cruz im Puerto Nest Hostel\" class=\"wp-image-17654\" srcset=\"https:\/\/nestshostels.com\/wp-content\/uploads\/Puerto-Nest-Carnaval-1024x683.jpg 1024w, https:\/\/nestshostels.com\/wp-content\/uploads\/Puerto-Nest-Carnaval-300x200.jpg 300w, https:\/\/nestshostels.com\/wp-content\/uploads\/Puerto-Nest-Carnaval-768x512.jpg 768w, https:\/\/nestshostels.com\/wp-content\/uploads\/Puerto-Nest-Carnaval-1536x1024.jpg 1536w, https:\/\/nestshostels.com\/wp-content\/uploads\/Puerto-Nest-Carnaval.jpg 1600w\" sizes=\"auto, (max-width: 1024px) 100vw, 1024px\" \/><button\n\t\t\tclass=\"lightbox-trigger\"\n\t\t\ttype=\"button\"\n\t\t\taria-haspopup=\"dialog\"\n\t\t\taria-label=\"Vergr\u00f6\u00dfern\"\n\t\t\tdata-wp-init=\"callbacks.initTriggerButton\"\n\t\t\tdata-wp-on--click=\"actions.showLightbox\"\n\t\t\tdata-wp-style--right=\"state.imageButtonRight\"\n\t\t\tdata-wp-style--top=\"state.imageButtonTop\"\n\t\t>\n\t\t\t<svg xmlns=\"http:\/\/www.w3.org\/2000\/svg\" width=\"12\" height=\"12\" fill=\"none\" viewBox=\"0 0 12 12\">\n\t\t\t\t<path fill=\"#fff\" d=\"M2 0a2 2 0 0 0-2 2v2h1.5V2a.5.5 0 0 1 .5-.5h2V0H2Zm2 10.5H2a.5.5 0 0 1-.5-.5V8H0v2a2 2 0 0 0 2 2h2v-1.5ZM8 12v-1.5h2a.5.5 0 0 0 .5-.5V8H12v2a2 2 0 0 1-2 2H8Zm2-12a2 2 0 0 1 2 2v2h-1.5V2a.5.5 0 0 0-.5-.5H8V0h2Z\" \/>\n\t\t\t<\/svg>\n\t\t<\/button><figcaption class=\"wp-element-caption\">Carnaval in Puerto de la Cruz im Puerto Nest Hostel<\/figcaption><\/figure>\n<\/figure>\n\n<p>\ud83c\udfa5 <strong>Schau dir das an:<\/strong> <a href=\"https:\/\/youtu.be\/Qn4S7YqZgE0?si=_P5btS7_3EqCYVRT\" target=\"_blank\" rel=\"noreferrer noopener\">auf YouTube &#8222;Entierro de la Sardina Puerto de la Cruz&#8220;<\/a>, um die dramatische Beerdigungsprozession und das Feuer zu sehen!<\/p>\n\n<p><\/p>\n\n<h3 class=\"wp-block-heading\" id=\"mataculebra\">\ud83d\udc0d Mataculebra: Das Afro-Kubanische Ritual, von dem du noch nie geh\u00f6rt hast<\/h3>\n\n<p>Am <strong>Carnival Monday<\/strong> auf dem Plaza del Charco findet eine einzigartige Tradition statt, die von R\u00fcckkehrern aus Kuba Ende des 19. Jahrhunderts nach Puerto de la Cruz gebracht wurde. Lokale Schulkinder f\u00fchren das Ritual auf, bei dem &#8222;Los Negritos&#8220; und &#8222;El Mayoral&#8220; symbolisch eine Schlange, die das B\u00f6se repr\u00e4sentiert, mit Peitschen <strong>t\u00f6ten<\/strong>. Das ist ein lebendiges Kulturerbe, das du nirgendwo sonst in Europa siehst \u2013 und seit 1997 wird es von der st\u00e4dtischen Kulturabteilung organisiert.<\/p>\n\n<h2 class=\"wp-block-heading\" id=\"where-it-happens\">\ud83d\udccd Wo alles in Puerto de la Cruz passiert<\/h2>\n\n<p><strong><a href=\"https:\/\/maps.app.goo.gl\/tZwfwmdK4Czehn3A6\" target=\"_blank\" rel=\"noreferrer noopener\">Plaza del Charco<\/a><\/strong> ist der Hotspot f\u00fcr den Karneval \u2013 hier endet das Heel-Rennen, und hier finden die n\u00e4chtlichen Stra\u00dfenpartys (verbenas) und murgas-Auff\u00fchrungen statt. Die Einheimischen feiern hier bis 05:00-06:00 Uhr. Die Bars in der <strong>Calle San Felipe<\/strong> und den umliegenden Stra\u00dfen sind immer voll.<\/p>\n\n<p><strong><a href=\"https:\/\/maps.app.goo.gl\/B5nJC7uzfx9B7WYB8\" target=\"_blank\" rel=\"noreferrer noopener\">Avenida de Col\u00f3n<\/a><\/strong> ist der Ausgangspunkt f\u00fcr die gro\u00dfe Parade und den Sardinenumzug. Hier stehen die VIP-Trib\u00fcnen f\u00fcr den Coso.<\/p>\n\n<p><strong><a href=\"https:\/\/maps.app.goo.gl\/4p7TYBoeo3eEgpFS8\" target=\"_blank\" rel=\"noreferrer noopener\">Muelle Pesquero<\/a><\/strong> (der Fischereihafen) ist der Ort, wo das Sardinenverbrennen stattfindet \u2013 der beste Platz f\u00fcr das Finale und das Feuerwerk.<\/p>\n\n<p><strong><a href=\"https:\/\/maps.app.goo.gl\/mmXbveymnCUrXu3s6\" target=\"_blank\" rel=\"noreferrer noopener\">Der Costa Marti\u00e1nez Komplex<\/a><\/strong> ist der Ort f\u00fcr die gro\u00dfen Galas und offiziellen Empf\u00e4nge. Die Galas von K\u00f6nig und K\u00f6nigin finden auf dem <strong>Explanada del Muelle<\/strong> Karnevalsgel\u00e4nde statt.<\/p>\n\n<p><strong><a href=\"https:\/\/maps.app.goo.gl\/AjwbAiYiJqX4WbMa6\" target=\"_blank\" rel=\"noreferrer noopener\">Plaza de Europa<\/a><\/strong> bietet Murgas-Auff\u00fchrungen (Abendshows) und Kinderveranstaltungen.<\/p>\n\n<p><strong>Strassensperrungen w\u00e4hrend des Coso (21. Februar)<\/strong>: Der Sektor Marti\u00e1nez ist von 12:00 bis 20:00 Uhr gesperrt; die Innenstadt schlie\u00dft ab 14:00 Uhr bis das Umzug endet. Plane entsprechend.<\/p>\n\n<figure class=\"wp-block-gallery has-nested-images columns-default is-cropped wp-block-gallery-6 is-layout-flex wp-block-gallery-is-layout-flex\">\n<figure class=\"wp-block-image size-large\"><img loading=\"lazy\" decoding=\"async\" width=\"1024\" height=\"683\" data-id=\"21908\" src=\"https:\/\/nestshostels.com\/wp-content\/uploads\/2026\/02\/1770896744836-1024x683.jpeg\" alt=\"Karnevalsk&#xF6;niginnen in aufwendigen Kost&#xFC;men w&#xE4;hrend der Gran Coso Apoteosis Parade in Tenerife\" class=\"wp-image-21908\" srcset=\"https:\/\/nestshostels.com\/wp-content\/uploads\/2026\/02\/1770896744836-1024x683.jpeg 1024w, https:\/\/nestshostels.com\/wp-content\/uploads\/2026\/02\/1770896744836-300x200.jpeg 300w, https:\/\/nestshostels.com\/wp-content\/uploads\/2026\/02\/1770896744836-768x512.jpeg 768w, https:\/\/nestshostels.com\/wp-content\/uploads\/2026\/02\/1770896744836-1536x1024.jpeg 1536w, https:\/\/nestshostels.com\/wp-content\/uploads\/2026\/02\/1770896744836.jpeg 1600w\" sizes=\"auto, (max-width: 1024px) 100vw, 1024px\" \/><figcaption class=\"wp-element-caption\">Karnevalsk\u00f6niginnen in aufwendigen Kost\u00fcmen w\u00e4hrend der Gran Coso Apoteosis Parade in Tenerife<\/figcaption><\/figure>\n\n\n\n<figure class=\"wp-block-image size-large\"><img loading=\"lazy\" decoding=\"async\" width=\"1024\" height=\"683\" data-id=\"21898\" src=\"https:\/\/nestshostels.com\/wp-content\/uploads\/2026\/02\/17708967417401-1024x683.jpeg\" alt=\"Karnevalsk&#xF6;niginnen in aufwendigen Kost&#xFC;men w&#xE4;hrend der Gran Coso Apoteosis Parade in Tenerife\" class=\"wp-image-21898\" srcset=\"https:\/\/nestshostels.com\/wp-content\/uploads\/2026\/02\/17708967417401-1024x683.jpeg 1024w, https:\/\/nestshostels.com\/wp-content\/uploads\/2026\/02\/17708967417401-300x200.jpeg 300w, https:\/\/nestshostels.com\/wp-content\/uploads\/2026\/02\/17708967417401-768x512.jpeg 768w, https:\/\/nestshostels.com\/wp-content\/uploads\/2026\/02\/17708967417401-1536x1024.jpeg 1536w, https:\/\/nestshostels.com\/wp-content\/uploads\/2026\/02\/17708967417401.jpeg 1600w\" sizes=\"auto, (max-width: 1024px) 100vw, 1024px\" \/><figcaption class=\"wp-element-caption\">Karnevalsk\u00f6niginnen in aufwendigen Kost\u00fcmen w\u00e4hrend der Gran Coso Apoteosis Parade in Tenerife<\/figcaption><\/figure>\n\n\n\n<figure class=\"wp-block-image size-large\"><img loading=\"lazy\" decoding=\"async\" width=\"1024\" height=\"683\" data-id=\"21888\" src=\"https:\/\/nestshostels.com\/wp-content\/uploads\/2026\/02\/1770896740640-1024x683.jpeg\" alt=\"Karnevalsk&#xF6;niginnen in aufwendigen Kost&#xFC;men w&#xE4;hrend der Gran Coso Apoteosis Parade in Tenerife\" class=\"wp-image-21888\" srcset=\"https:\/\/nestshostels.com\/wp-content\/uploads\/2026\/02\/1770896740640-1024x683.jpeg 1024w, https:\/\/nestshostels.com\/wp-content\/uploads\/2026\/02\/1770896740640-300x200.jpeg 300w, https:\/\/nestshostels.com\/wp-content\/uploads\/2026\/02\/1770896740640-768x512.jpeg 768w, https:\/\/nestshostels.com\/wp-content\/uploads\/2026\/02\/1770896740640-1536x1025.jpeg 1536w, https:\/\/nestshostels.com\/wp-content\/uploads\/2026\/02\/1770896740640.jpeg 1599w\" sizes=\"auto, (max-width: 1024px) 100vw, 1024px\" \/><figcaption class=\"wp-element-caption\">Karnevalsk\u00f6niginnen in aufwendigen Kost\u00fcmen w\u00e4hrend der Gran Coso Apoteosis Parade in Tenerife<\/figcaption><\/figure>\n<\/figure>\n\n<h2 class=\"wp-block-heading\" id=\"getting-there\">\ud83d\ude8c Anreise mit einem Backpacker-Budget<\/h2>\n\n<h3 class=\"wp-block-heading\">Vom Flughafen Teneriffa Nord (TFN) \u2013 Deine beste Wahl<\/h3>\n\n<p><strong>Bus 30<\/strong> f\u00e4hrt alle 30 Minuten direkt nach Puerto de la Cruz und braucht nur <strong>30-33 Minuten<\/strong> f\u00fcr <strong>\u20ac4,75<\/strong> (oder ca. \u20ac3,50 mit der Ten+ Karte). Der erste Bus f\u00e4hrt gegen 07:30, der letzte gegen 21:15. Wenn du aus Europa fliegst, buche nach TFN\u2014es sind nur 18 Meilen entfernt.<\/p>\n\n<h3 class=\"wp-block-heading\">Vom Flughafen Teneriffa S\u00fcd (TFS)<\/h3>\n\n<p><strong>Bus 343<\/strong> f\u00e4hrt direkt, aber nur <strong>4 Mal t\u00e4glich<\/strong> (07:15, 11:30, 16:00, 19:15 an Wochentagen). Die Fahrt dauert <strong>1 Stunde 25 Minuten<\/strong> und kostet <strong>\u20ac13,55<\/strong> (oder ~\u20ac10 mit der Ten+ Karte). Dieser Fahrplan ist hart \u2013 du k\u00f6nntest 4 Stunden auf den n\u00e4chsten Bus warten. Alternativ: Nimm Bus 111 nach Santa Cruz Intercambiador, dann steig um in Bus 100\/102\/103\/104 nach Puerto de la Cruz (insgesamt ~2+ Stunden, \u20ac9-15). Das ist echt einfach, die Einheimischen machen das jeden Tag.<\/p>\n\n<h3 class=\"wp-block-heading\">Von Santa Cruz (Wenn du von Karneval zu Karneval h\u00fcpfst)<\/h3>\n\n<p>Mehrere Optionen machen diesen Tagesausflug ganz einfach:<\/p>\n\n<ul class=\"wp-block-list\">\n<li><strong>Bus 100<\/strong> (Express, ohne Stopps): 35 Minuten, ~5-6 \u20ac<\/li>\n\n\n\n<li><strong>Bus 103<\/strong>: 30 Minuten \u00fcber Bot\u00e1nico<\/li>\n\n\n\n<li><strong>Bus 104<\/strong>: ~45 Minuten, f\u00e4hrt aber bis <strong>3:28 Uhr<\/strong>\u2014dein Retter f\u00fcr lange N\u00e4chte<\/li>\n<\/ul>\n\n<p><strong>Wichtig<\/strong>: Der letzte Bus 103 f\u00e4hrt gegen Mitternacht. Wenn du also lange feierst, ist Bus 104 deine einzige \u00f6ffentliche Verkehrsoption oder du zahlst ein Taxi f\u00fcr 40-50 \u20ac.<\/p>\n\n<h3 class=\"wp-block-heading\">\ud83d\udcb0 Spare Geld mit der Ten+ Card<\/h3>\n\n<p>Hol dir diese <strong>\u20ac5 Karte<\/strong> an den Automaten am Flughafen, Busbahnh\u00f6fen oder Kiosken und lade sie mit <strong>\u20ac25-50 Guthaben<\/strong>. Du sparst <strong>20-30% auf jede Fahrt<\/strong>. Wenn du viel w\u00e4hrend des Karnevals unterwegs bist, schnapp dir die <strong>\u20ac10 Tageskarte<\/strong> (24 Stunden unbegrenzt) oder die <strong>\u20ac50 Sieben-Tage-Karte<\/strong>. Die Karten k\u00f6nnen von Reisenden geteilt werden.<\/p>\n\n<figure class=\"wp-block-image size-large is-resized\"><img loading=\"lazy\" decoding=\"async\" width=\"768\" height=\"1024\" src=\"https:\/\/nestshostels.com\/wp-content\/uploads\/puerto-de-la-cruz-nest-carnaval-768x1024.jpg\" alt=\"Carnaval in Puerto de la Cruz im Puerto Nest Hostel\" class=\"wp-image-17634\" style=\"width:372px;height:auto\" srcset=\"https:\/\/nestshostels.com\/wp-content\/uploads\/puerto-de-la-cruz-nest-carnaval-768x1024.jpg 768w, https:\/\/nestshostels.com\/wp-content\/uploads\/puerto-de-la-cruz-nest-carnaval-225x300.jpg 225w, https:\/\/nestshostels.com\/wp-content\/uploads\/puerto-de-la-cruz-nest-carnaval-1152x1536.jpg 1152w, https:\/\/nestshostels.com\/wp-content\/uploads\/puerto-de-la-cruz-nest-carnaval-1536x2048.jpg 1536w, https:\/\/nestshostels.com\/wp-content\/uploads\/puerto-de-la-cruz-nest-carnaval-scaled.jpg 1920w\" sizes=\"auto, (max-width: 768px) 100vw, 768px\" \/><figcaption class=\"wp-element-caption\">Carnaval in Puerto de la Cruz im Puerto Nest Hostel<\/figcaption><\/figure>\n\n<h2 class=\"wp-block-heading\" id=\"nests-hostels\">\ud83c\udfe0 Wo \u00fcbernachten: Nests Hostels Teneriffa &#8211; Dein Karnevals-Base<\/h2>\n\n<h3 class=\"wp-block-heading\">\ud83c\udf1f Puerto Nest Hostel (TOP EMPFEHLUNG &#8211; N\u00e4chster zum Karneval!)<\/h3>\n\n<p>In Punta Brava, ganz in der N\u00e4he von <a href=\"https:\/\/maps.app.goo.gl\/ZqKxYvXqxqxqxqxq9\" target=\"_blank\" rel=\"noopener\">Playa Jard\u00edn<\/a>, <strong>nur 5 km vom Karnevalszentrum entfernt<\/strong>. Wach auf mit Blick auf den Teide-Vulkan aus dem Whirlpool, mach dir Fr\u00fchst\u00fcck in der Gemeinschaftsk\u00fcche und triff deine Karnevalscrew auf der Dachterrasse. Hier gibt&#8217;s die perfekte soziale Atmosph\u00e4re f\u00fcr Backpacker und junge Reisende.<\/p>\n\n<div class=\"wp-block-buttons is-layout-flex wp-block-buttons-is-layout-flex\">\n<div class=\"wp-block-button carnival-cta\"><a class=\"wp-block-button__link has-primary-background-color has-background wp-element-button\" href=\"https:\/\/nestshostels.com\/de\/hostel\/puerto-nest-hostel\/\" target=\"_blank\" rel=\"noopener noreferrer noopener\">Buche jetzt Puerto Nest!<\/a><\/div>\n<\/div>\n\n<figure class=\"wp-block-gallery has-nested-images columns-default is-cropped wp-block-gallery-7 is-layout-flex wp-block-gallery-is-layout-flex\">\n<figure data-wp-context=\"{&quot;imageId&quot;:&quot;69f1b9c4eddbf&quot;}\" data-wp-interactive=\"core\/image\" data-wp-key=\"69f1b9c4eddbf\" class=\"wp-block-image size-large wp-lightbox-container\"><img loading=\"lazy\" decoding=\"async\" width=\"1020\" height=\"765\" data-wp-class--hide=\"state.isContentHidden\" data-wp-class--show=\"state.isContentVisible\" data-wp-init=\"callbacks.setButtonStyles\" data-wp-on--click=\"actions.showLightbox\" data-wp-on--load=\"callbacks.setButtonStyles\" data-wp-on-window--resize=\"callbacks.setButtonStyles\" data-id=\"21973\" src=\"https:\/\/nestshostels.com\/wp-content\/uploads\/2026\/02\/20250303_082053.jpg\" alt=\"Teide-Blick vom Dach in Puerto de la Cruz\" class=\"wp-image-21973\" srcset=\"https:\/\/nestshostels.com\/wp-content\/uploads\/2026\/02\/20250303_082053.jpg 1020w, https:\/\/nestshostels.com\/wp-content\/uploads\/2026\/02\/20250303_082053-300x225.jpg 300w, https:\/\/nestshostels.com\/wp-content\/uploads\/2026\/02\/20250303_082053-768x576.jpg 768w\" sizes=\"auto, (max-width: 1020px) 100vw, 1020px\" \/><button\n\t\t\tclass=\"lightbox-trigger\"\n\t\t\ttype=\"button\"\n\t\t\taria-haspopup=\"dialog\"\n\t\t\taria-label=\"Vergr\u00f6\u00dfern\"\n\t\t\tdata-wp-init=\"callbacks.initTriggerButton\"\n\t\t\tdata-wp-on--click=\"actions.showLightbox\"\n\t\t\tdata-wp-style--right=\"state.imageButtonRight\"\n\t\t\tdata-wp-style--top=\"state.imageButtonTop\"\n\t\t>\n\t\t\t<svg xmlns=\"http:\/\/www.w3.org\/2000\/svg\" width=\"12\" height=\"12\" fill=\"none\" viewBox=\"0 0 12 12\">\n\t\t\t\t<path fill=\"#fff\" d=\"M2 0a2 2 0 0 0-2 2v2h1.5V2a.5.5 0 0 1 .5-.5h2V0H2Zm2 10.5H2a.5.5 0 0 1-.5-.5V8H0v2a2 2 0 0 0 2 2h2v-1.5ZM8 12v-1.5h2a.5.5 0 0 0 .5-.5V8H12v2a2 2 0 0 1-2 2H8Zm2-12a2 2 0 0 1 2 2v2h-1.5V2a.5.5 0 0 0-.5-.5H8V0h2Z\" \/>\n\t\t\t<\/svg>\n\t\t<\/button><figcaption class=\"wp-element-caption\">Teide-Blick vom Dach in Puerto de la Cruz<\/figcaption><\/figure>\n\n\n\n<figure data-wp-context=\"{&quot;imageId&quot;:&quot;69f1b9c4f0151&quot;}\" data-wp-interactive=\"core\/image\" data-wp-key=\"69f1b9c4f0151\" class=\"wp-block-image size-large wp-lightbox-container\"><img loading=\"lazy\" decoding=\"async\" width=\"1024\" height=\"681\" data-wp-class--hide=\"state.isContentHidden\" data-wp-class--show=\"state.isContentVisible\" data-wp-init=\"callbacks.setButtonStyles\" data-wp-on--click=\"actions.showLightbox\" data-wp-on--load=\"callbacks.setButtonStyles\" data-wp-on-window--resize=\"callbacks.setButtonStyles\" data-id=\"13222\" src=\"https:\/\/nestshostels.com\/wp-content\/uploads\/Puerto-32-1024x681.jpg\" alt=\"Puerto Nest Hostel - Puerto de La Cruz - Teneriffa\" class=\"wp-image-13222\" srcset=\"https:\/\/nestshostels.com\/wp-content\/uploads\/Puerto-32-1024x681.jpg 1024w, https:\/\/nestshostels.com\/wp-content\/uploads\/Puerto-32-300x200.jpg 300w, https:\/\/nestshostels.com\/wp-content\/uploads\/Puerto-32-768x511.jpg 768w, https:\/\/nestshostels.com\/wp-content\/uploads\/Puerto-32-1536x1022.jpg 1536w, https:\/\/nestshostels.com\/wp-content\/uploads\/Puerto-32-2048x1363.jpg 2048w, https:\/\/nestshostels.com\/wp-content\/uploads\/Puerto-32-1320x878.jpg 1320w\" sizes=\"auto, (max-width: 1024px) 100vw, 1024px\" \/><button\n\t\t\tclass=\"lightbox-trigger\"\n\t\t\ttype=\"button\"\n\t\t\taria-haspopup=\"dialog\"\n\t\t\taria-label=\"Vergr\u00f6\u00dfern\"\n\t\t\tdata-wp-init=\"callbacks.initTriggerButton\"\n\t\t\tdata-wp-on--click=\"actions.showLightbox\"\n\t\t\tdata-wp-style--right=\"state.imageButtonRight\"\n\t\t\tdata-wp-style--top=\"state.imageButtonTop\"\n\t\t>\n\t\t\t<svg xmlns=\"http:\/\/www.w3.org\/2000\/svg\" width=\"12\" height=\"12\" fill=\"none\" viewBox=\"0 0 12 12\">\n\t\t\t\t<path fill=\"#fff\" d=\"M2 0a2 2 0 0 0-2 2v2h1.5V2a.5.5 0 0 1 .5-.5h2V0H2Zm2 10.5H2a.5.5 0 0 1-.5-.5V8H0v2a2 2 0 0 0 2 2h2v-1.5ZM8 12v-1.5h2a.5.5 0 0 0 .5-.5V8H12v2a2 2 0 0 1-2 2H8Zm2-12a2 2 0 0 1 2 2v2h-1.5V2a.5.5 0 0 0-.5-.5H8V0h2Z\" \/>\n\t\t\t<\/svg>\n\t\t<\/button><figcaption class=\"wp-element-caption\">Puerto Nest Hostel &#8211; Puerto de La Cruz &#8211; Teneriffa<\/figcaption><\/figure>\n\n\n\n<figure data-wp-context=\"{&quot;imageId&quot;:&quot;69f1b9c4f305c&quot;}\" data-wp-interactive=\"core\/image\" data-wp-key=\"69f1b9c4f305c\" class=\"wp-block-image size-large wp-lightbox-container\"><img loading=\"lazy\" decoding=\"async\" width=\"1024\" height=\"678\" data-wp-class--hide=\"state.isContentHidden\" data-wp-class--show=\"state.isContentVisible\" data-wp-init=\"callbacks.setButtonStyles\" data-wp-on--click=\"actions.showLightbox\" data-wp-on--load=\"callbacks.setButtonStyles\" data-wp-on-window--resize=\"callbacks.setButtonStyles\" data-id=\"13594\" src=\"https:\/\/nestshostels.com\/wp-content\/uploads\/puerto-nest-hostel-inside-1024x678.jpg\" alt=\"Puerto Nest Hostel Teneriffa Puerto de la Cruz\" class=\"wp-image-13594\" srcset=\"https:\/\/nestshostels.com\/wp-content\/uploads\/puerto-nest-hostel-inside-1024x678.jpg 1024w, https:\/\/nestshostels.com\/wp-content\/uploads\/puerto-nest-hostel-inside-300x199.jpg 300w, https:\/\/nestshostels.com\/wp-content\/uploads\/puerto-nest-hostel-inside-768x509.jpg 768w, https:\/\/nestshostels.com\/wp-content\/uploads\/puerto-nest-hostel-inside.jpg 1280w\" sizes=\"auto, (max-width: 1024px) 100vw, 1024px\" \/><button\n\t\t\tclass=\"lightbox-trigger\"\n\t\t\ttype=\"button\"\n\t\t\taria-haspopup=\"dialog\"\n\t\t\taria-label=\"Vergr\u00f6\u00dfern\"\n\t\t\tdata-wp-init=\"callbacks.initTriggerButton\"\n\t\t\tdata-wp-on--click=\"actions.showLightbox\"\n\t\t\tdata-wp-style--right=\"state.imageButtonRight\"\n\t\t\tdata-wp-style--top=\"state.imageButtonTop\"\n\t\t>\n\t\t\t<svg xmlns=\"http:\/\/www.w3.org\/2000\/svg\" width=\"12\" height=\"12\" fill=\"none\" viewBox=\"0 0 12 12\">\n\t\t\t\t<path fill=\"#fff\" d=\"M2 0a2 2 0 0 0-2 2v2h1.5V2a.5.5 0 0 1 .5-.5h2V0H2Zm2 10.5H2a.5.5 0 0 1-.5-.5V8H0v2a2 2 0 0 0 2 2h2v-1.5ZM8 12v-1.5h2a.5.5 0 0 0 .5-.5V8H12v2a2 2 0 0 1-2 2H8Zm2-12a2 2 0 0 1 2 2v2h-1.5V2a.5.5 0 0 0-.5-.5H8V0h2Z\" \/>\n\t\t\t<\/svg>\n\t\t<\/button><figcaption class=\"wp-element-caption\">Puerto Nest Hostel Teneriffa Puerto de la Cruz<\/figcaption><\/figure>\n<\/figure>\n\n<h3 class=\"wp-block-heading\">\ud83c\udf92 Alle Nests Hostels auf Teneriffa<\/h3>\n\n<p>Kannst du kein Bett im Puerto Nest bekommen? Kein Problem\u2014Karneval ist der perfekte Grund, um die ganze Insel mit <strong><a href=\"https:\/\/nestshostels.com\/de\/nest-pass\/\" target=\"_blank\" rel=\"noreferrer noopener\">Nest Pass<\/a><\/strong> zu erkunden!<\/p>\n\n<p><strong>Nord-Teneriffa:<\/strong><\/p>\n\n<ul class=\"wp-block-list\">\n<li><strong><a href=\"https:\/\/nestshostels.com\/de\/hostel\/aguere-nest-hostel\/\" target=\"_blank\" rel=\"noreferrer noopener\">Aguere Nest Hostel<\/a><\/strong> (La Laguna) &#8211; nur 30 Minuten mit dem Bus zum Puerto Karneval!<\/li>\n\n\n\n<li><strong><a href=\"https:\/\/nestshostels.com\/de\/hostel\/puerto-nest-hostel\/\" target=\"_blank\" rel=\"noreferrer noopener\">Puerto Nest<strong> Hostel<\/strong><\/a><\/strong> (Puerto de la Cruz) hier!<\/li>\n<\/ul>\n\n<p><strong>S\u00fcd-Teneriffa:<\/strong><\/p>\n\n<ul class=\"wp-block-list\">\n<li><strong><a href=\"https:\/\/nestshostels.com\/de\/hostel\/duque-nest-hostel\/\" target=\"_blank\" rel=\"noreferrer noopener\">Duque Nest<strong> Hostel<\/strong><\/a><\/strong> (Costa Adeje)<\/li>\n\n\n\n<li><strong><a href=\"https:\/\/nestshostels.com\/de\/hostel\/arena-nest-hostel-en-tenerife\/\" target=\"_blank\" rel=\"noreferrer noopener\">Arena Nest<strong> Hostel<\/strong><\/a><\/strong> (Costa Adeje)<\/li>\n\n\n\n<li><strong><a href=\"https:\/\/nestshostels.com\/de\/hostel\/las-eras-nest-hostel-tenerife\/\" target=\"_blank\" rel=\"noreferrer noopener\">Las Eras Nest<strong> Hostel<\/strong><\/a><\/strong> (Las Eras)<\/li>\n\n\n\n<li><strong><a href=\"https:\/\/nestshostels.com\/de\/hostel\/medano-nest-hostel\/\" target=\"_blank\" rel=\"noreferrer noopener\">El M\u00e9dano Nest<strong> Hostel<\/strong><\/a><\/strong> (El M\u00e9dano)<\/li>\n\n\n\n<li><strong><a href=\"https:\/\/nestshostels.com\/de\/hostel\/hostal-los-amigos-tenerife\/\" target=\"_blank\" rel=\"noreferrer noopener\">Los Amigos Nest<strong> Hostel<\/strong><\/a><\/strong> (Los Abrigos\/El Medano)<\/li>\n\n\n\n<li><strong><a href=\"https:\/\/nestshostels.com\/de\/hostel\/ashavana-nest-hostel\/\" target=\"_blank\" rel=\"noreferrer noopener\">Ashavana Nest<strong> Hostel<\/strong><\/a><\/strong> (El Medano)<\/li>\n<\/ul>\n\n<h3 class=\"wp-block-heading\">\ud83d\udc8e Entdecke den Nest Pass: \u00dcberwinde die Preiserh\u00f6hungen zum Karneval<\/h3>\n\n<p>Hier ist der geniale Trick: <strong><a href=\"https:\/\/nestshostels.com\/de\/ofertas-hostal-barato-tenerife\/\" target=\"_blank\" rel=\"noopener\">Nest Pass<\/a><\/strong> sichert dir verg\u00fcnstigte Preise, selbst w\u00e4hrend der Hochsaison des Karnevals:<\/p>\n\n<ul class=\"wp-block-list\">\n<li><strong>20% Rabatt auf w\u00f6chentliche Aufenthalte<\/strong> (7+ N\u00e4chte)<\/li>\n\n\n\n<li><strong>30% Rabatt auf monatliche Aufenthalte<\/strong> (28+ Tage)<\/li>\n\n\n\n<li><strong>H\u00fcpf zwischen den Nests Hostels<\/strong> auf Teneriffa (und Gran Canaria)<\/li>\n\n\n\n<li><strong>Keine Preiserh\u00f6hungen<\/strong> w\u00e4hrend des Karnevals \u2013 dein Preis bleibt gleich!<\/li>\n<\/ul>\n\n<p><strong>Beispiel:<\/strong> Buch 7 N\u00e4chte Anfang Februar und h\u00fcpf zwischen Puerto Nest f\u00fcr den Karneval, Las Eras\/Duque Nest zum Surfen und Aguere Nest f\u00fcr den historischen Charme von La Laguna. Eine Buchung, drei Erlebnisse, karnevalssichere Preise.<\/p>\n\n<p><strong>Buche 2-3 Monate im Voraus<\/strong>\u2014die Karnevalszeit f\u00fcllt sich schnell, aber Nest Pass-Inhaber haben Vorrang. Folge <strong><a href=\"https:\/\/www.instagram.com\/nestshostels\/\" target=\"_blank\" rel=\"noopener\">@nestshostels<\/a><\/strong> auf Instagram f\u00fcr Karnevalsangebote und Event-Treffen!<\/p>\n\n<div class=\"wp-block-buttons is-layout-flex wp-block-buttons-is-layout-flex\">\n<div class=\"wp-block-button nest-pass-cta\"><a class=\"wp-block-button__link has-secondary-background-color has-background wp-element-button\" href=\"https:\/\/nestshostels.com\/de\/nest-pass\/\" target=\"_blank\" rel=\"noopener noreferrer noopener\">Hol dir den Nest Pass (20-30% Rabatt)<\/a><\/div>\n<\/div>\n\n<figure class=\"wp-block-image size-large\"><img loading=\"lazy\" decoding=\"async\" width=\"1024\" height=\"576\" src=\"https:\/\/nestshostels.com\/wp-content\/uploads\/2026\/02\/Nest-Pass-2026-1024x576.jpeg\" alt=\"Nest Pass Der Hostel-Pass in den Kanaren, mit Rabatt und Freiheit, sich zu bewegen\" class=\"wp-image-21766\" srcset=\"https:\/\/nestshostels.com\/wp-content\/uploads\/2026\/02\/Nest-Pass-2026-1024x576.jpeg 1024w, https:\/\/nestshostels.com\/wp-content\/uploads\/2026\/02\/Nest-Pass-2026-300x169.jpeg 300w, https:\/\/nestshostels.com\/wp-content\/uploads\/2026\/02\/Nest-Pass-2026-768x432.jpeg 768w, https:\/\/nestshostels.com\/wp-content\/uploads\/2026\/02\/Nest-Pass-2026-1536x864.jpeg 1536w, https:\/\/nestshostels.com\/wp-content\/uploads\/2026\/02\/Nest-Pass-2026.jpeg 1600w\" sizes=\"auto, (max-width: 1024px) 100vw, 1024px\" \/><figcaption class=\"wp-element-caption\">Nest Pass Der Hostel-Pass in den Kanaren, mit Rabatt und Freiheit, sich zu bewegen<\/figcaption><\/figure>\n\n<h2 class=\"wp-block-heading\" id=\"budget\">\ud83d\udcb8 Was der Karneval wirklich kostet<\/h2>\n\n<p><strong>Gro\u00dfartige Neuigkeiten<\/strong>: <mark style=\"background-color:#53CED1\" class=\"has-inline-color\">Die meisten Veranstaltungen sind komplett kostenlos<\/mark>. Stra\u00dfenfeste, Paraden (von der Seitenlinie aus), das Highheel-Rennen, die Sardinenbeerdigung\u2014all das ist gratis. Nur Galas wie die Wahl der K\u00f6nigin brauchen Tickets (\u20ac20-60+, die sind schnell ausverkauft).<\/p>\n\n<h3 class=\"wp-block-heading\">\ud83c\udfad Kost\u00fcm Shopping<\/h3>\n\n<p>Puerto de la Cruz hat keine gro\u00dfen Kost\u00fcmgesch\u00e4fte \u2013 schau in das nahegelegene <strong>La Orotava<\/strong> (5 Minuten entfernt) oder nach Santa Cruz. <strong>Carolan Tenerife<\/strong> hat Filialen in La Laguna und Santa Cruz mit mittelpreisigen Kost\u00fcmen f\u00fcr 30-60 \u20ac. F\u00fcr Budgetoptionen (10-25 \u20ac) besuch Basare oder Chinesische L\u00e4den. Check auch <strong>Wallapop<\/strong> (spanische Marktplatz-App) f\u00fcr Secondhand-Deals um 5-15 \u20ac.<\/p>\n\n<p>F\u00fcr das mexikanische Thema denk an: D\u00eda de los Muertos Gesichtsmalerei (g\u00fcnstig in Apotheken), Blumenkr\u00e4nze, Sombreros aus Basaren. DIY ist total akzeptabel und wird sogar empfohlen!<\/p>\n\n<h3 class=\"wp-block-heading\">\ud83d\udcca T\u00e4gliche Budget\u00fcbersicht<\/h3>\n\n<figure class=\"wp-block-table\"><table><thead><tr><th>Category<\/th><th>Budgetabsch\u00e4tzung<\/th><\/tr><\/thead><tbody><tr><td>Hostel Schlafsaal (Nest Pass Wochensatz)<\/td><td>\u20ac16-24<\/td><\/tr><tr><td>Essen (Supermarkt + eine Mahlzeit drau\u00dfen)<\/td><td>\u20ac15-25<\/td><\/tr><tr><td>Drinks<\/td><td>\u20ac5-10<\/td><\/tr><tr><td>Transport<\/td><td>\u20ac3-8, wenn n\u00f6tig<\/td><\/tr><tr><td><strong>T\u00e4glicher Gesamtbetrag<\/strong><\/td><td><strong>30-60 \u20ac<\/strong><\/td><\/tr><\/tbody><\/table><\/figure>\n\n<p><strong>Einw\u00f6chige Sch\u00e4tzung mit dem Nest Pass<\/strong>: 280-450 \u20ac (ohne Fl\u00fcge), plus 15-40 \u20ac f\u00fcr ein Kost\u00fcm. Brauchst du mehr Spartipps? Schau dir unseren Leitfaden an, wie du beim <a href=\"https:\/\/nestshostels.com\/de\/como-ahorrar-en-el-carnaval-de-tenerife-2025-guia-para-viajeros-inteligentes\/\" target=\"_blank\" rel=\"noopener\">Karneval Geld sparen<\/a> kannst.<\/p>\n\n<p>Getr\u00e4nke sind g\u00fcnstig: Bier kostet <strong>\u20ac1.20-3.00<\/strong> f\u00fcr ein gro\u00dfes Pint, Wein \u20ac2-3 pro Glas. Street Food wie Churros (\u20ac2-4), Arepas (\u20ac3-5) und Papas arrugadas con mojo (\u20ac4-6) h\u00e4lt dich am Laufen. Halte Ausschau nach <strong>men\u00fa del d\u00eda<\/strong> Angeboten in Restaurants: \u20ac8-14 f\u00fcr drei G\u00e4nge plus ein Getr\u00e4nk.<\/p>\n\n<figure class=\"wp-block-gallery has-nested-images columns-default is-cropped wp-block-gallery-8 is-layout-flex wp-block-gallery-is-layout-flex\">\n<figure data-wp-context=\"{&quot;imageId&quot;:&quot;69f1b9c507abf&quot;}\" data-wp-interactive=\"core\/image\" data-wp-key=\"69f1b9c507abf\" class=\"wp-block-image size-large wp-lightbox-container\"><img loading=\"lazy\" decoding=\"async\" width=\"1024\" height=\"536\" data-wp-class--hide=\"state.isContentHidden\" data-wp-class--show=\"state.isContentVisible\" data-wp-init=\"callbacks.setButtonStyles\" data-wp-on--click=\"actions.showLightbox\" data-wp-on--load=\"callbacks.setButtonStyles\" data-wp-on-window--resize=\"callbacks.setButtonStyles\" data-id=\"21858\" src=\"https:\/\/nestshostels.com\/wp-content\/uploads\/2026\/02\/1770896590773-1024x536.jpeg\" alt=\"PUERTO DE LA CRUZ KARNEVAL 2026\" class=\"wp-image-21858\" srcset=\"https:\/\/nestshostels.com\/wp-content\/uploads\/2026\/02\/1770896590773-1024x536.jpeg 1024w, https:\/\/nestshostels.com\/wp-content\/uploads\/2026\/02\/1770896590773-300x157.jpeg 300w, https:\/\/nestshostels.com\/wp-content\/uploads\/2026\/02\/1770896590773-768x402.jpeg 768w, https:\/\/nestshostels.com\/wp-content\/uploads\/2026\/02\/1770896590773-1536x804.jpeg 1536w, https:\/\/nestshostels.com\/wp-content\/uploads\/2026\/02\/1770896590773.jpeg 2048w\" sizes=\"auto, (max-width: 1024px) 100vw, 1024px\" \/><button\n\t\t\tclass=\"lightbox-trigger\"\n\t\t\ttype=\"button\"\n\t\t\taria-haspopup=\"dialog\"\n\t\t\taria-label=\"Vergr\u00f6\u00dfern\"\n\t\t\tdata-wp-init=\"callbacks.initTriggerButton\"\n\t\t\tdata-wp-on--click=\"actions.showLightbox\"\n\t\t\tdata-wp-style--right=\"state.imageButtonRight\"\n\t\t\tdata-wp-style--top=\"state.imageButtonTop\"\n\t\t>\n\t\t\t<svg xmlns=\"http:\/\/www.w3.org\/2000\/svg\" width=\"12\" height=\"12\" fill=\"none\" viewBox=\"0 0 12 12\">\n\t\t\t\t<path fill=\"#fff\" d=\"M2 0a2 2 0 0 0-2 2v2h1.5V2a.5.5 0 0 1 .5-.5h2V0H2Zm2 10.5H2a.5.5 0 0 1-.5-.5V8H0v2a2 2 0 0 0 2 2h2v-1.5ZM8 12v-1.5h2a.5.5 0 0 0 .5-.5V8H12v2a2 2 0 0 1-2 2H8Zm2-12a2 2 0 0 1 2 2v2h-1.5V2a.5.5 0 0 0-.5-.5H8V0h2Z\" \/>\n\t\t\t<\/svg>\n\t\t<\/button><figcaption class=\"wp-element-caption\">PUERTO DE LA CRUZ KARNEVAL 2026<\/figcaption><\/figure>\n\n\n\n<figure data-wp-context=\"{&quot;imageId&quot;:&quot;69f1b9c50b92f&quot;}\" data-wp-interactive=\"core\/image\" data-wp-key=\"69f1b9c50b92f\" class=\"wp-block-image size-large wp-lightbox-container\"><img loading=\"lazy\" decoding=\"async\" width=\"1024\" height=\"683\" data-wp-class--hide=\"state.isContentHidden\" data-wp-class--show=\"state.isContentVisible\" data-wp-init=\"callbacks.setButtonStyles\" data-wp-on--click=\"actions.showLightbox\" data-wp-on--load=\"callbacks.setButtonStyles\" data-wp-on-window--resize=\"callbacks.setButtonStyles\" data-id=\"21883\" src=\"https:\/\/nestshostels.com\/wp-content\/uploads\/2026\/02\/1770896735356-1024x683.jpeg\" alt=\"Karnevalsk&#xF6;niginnen in aufwendigen Kost&#xFC;men w&#xE4;hrend der Gran Coso Apoteosis Parade in Tenerife\" class=\"wp-image-21883\" srcset=\"https:\/\/nestshostels.com\/wp-content\/uploads\/2026\/02\/1770896735356-1024x683.jpeg 1024w, https:\/\/nestshostels.com\/wp-content\/uploads\/2026\/02\/1770896735356-300x200.jpeg 300w, https:\/\/nestshostels.com\/wp-content\/uploads\/2026\/02\/1770896735356-768x512.jpeg 768w, https:\/\/nestshostels.com\/wp-content\/uploads\/2026\/02\/1770896735356-1536x1024.jpeg 1536w, https:\/\/nestshostels.com\/wp-content\/uploads\/2026\/02\/1770896735356.jpeg 1600w\" sizes=\"auto, (max-width: 1024px) 100vw, 1024px\" \/><button\n\t\t\tclass=\"lightbox-trigger\"\n\t\t\ttype=\"button\"\n\t\t\taria-haspopup=\"dialog\"\n\t\t\taria-label=\"Vergr\u00f6\u00dfern\"\n\t\t\tdata-wp-init=\"callbacks.initTriggerButton\"\n\t\t\tdata-wp-on--click=\"actions.showLightbox\"\n\t\t\tdata-wp-style--right=\"state.imageButtonRight\"\n\t\t\tdata-wp-style--top=\"state.imageButtonTop\"\n\t\t>\n\t\t\t<svg xmlns=\"http:\/\/www.w3.org\/2000\/svg\" width=\"12\" height=\"12\" fill=\"none\" viewBox=\"0 0 12 12\">\n\t\t\t\t<path fill=\"#fff\" d=\"M2 0a2 2 0 0 0-2 2v2h1.5V2a.5.5 0 0 1 .5-.5h2V0H2Zm2 10.5H2a.5.5 0 0 1-.5-.5V8H0v2a2 2 0 0 0 2 2h2v-1.5ZM8 12v-1.5h2a.5.5 0 0 0 .5-.5V8H12v2a2 2 0 0 1-2 2H8Zm2-12a2 2 0 0 1 2 2v2h-1.5V2a.5.5 0 0 0-.5-.5H8V0h2Z\" \/>\n\t\t\t<\/svg>\n\t\t<\/button><figcaption class=\"wp-element-caption\">Karnevalsk\u00f6niginnen in aufwendigen Kost\u00fcmen w\u00e4hrend der Gran Coso Apoteosis Parade in Tenerife<\/figcaption><\/figure>\n\n\n\n<figure data-wp-context=\"{&quot;imageId&quot;:&quot;69f1b9c50e82b&quot;}\" data-wp-interactive=\"core\/image\" data-wp-key=\"69f1b9c50e82b\" class=\"wp-block-image size-large wp-lightbox-container\"><img loading=\"lazy\" decoding=\"async\" width=\"1024\" height=\"537\" data-wp-class--hide=\"state.isContentHidden\" data-wp-class--show=\"state.isContentVisible\" data-wp-init=\"callbacks.setButtonStyles\" data-wp-on--click=\"actions.showLightbox\" data-wp-on--load=\"callbacks.setButtonStyles\" data-wp-on-window--resize=\"callbacks.setButtonStyles\" data-id=\"21878\" src=\"https:\/\/nestshostels.com\/wp-content\/uploads\/2026\/02\/1770896623612-1024x537.jpeg\" alt=\"Menschenmengen beim Karneval in Puerto de la Cruz mit bunten Umzugswagen und mexikanischen Kost&#xFC;men in Puerto de la Cruz\" class=\"wp-image-21878\" srcset=\"https:\/\/nestshostels.com\/wp-content\/uploads\/2026\/02\/1770896623612-1024x537.jpeg 1024w, https:\/\/nestshostels.com\/wp-content\/uploads\/2026\/02\/1770896623612-300x157.jpeg 300w, https:\/\/nestshostels.com\/wp-content\/uploads\/2026\/02\/1770896623612-768x402.jpeg 768w, https:\/\/nestshostels.com\/wp-content\/uploads\/2026\/02\/1770896623612-1536x805.jpeg 1536w, https:\/\/nestshostels.com\/wp-content\/uploads\/2026\/02\/1770896623612.jpeg 1599w\" sizes=\"auto, (max-width: 1024px) 100vw, 1024px\" \/><button\n\t\t\tclass=\"lightbox-trigger\"\n\t\t\ttype=\"button\"\n\t\t\taria-haspopup=\"dialog\"\n\t\t\taria-label=\"Vergr\u00f6\u00dfern\"\n\t\t\tdata-wp-init=\"callbacks.initTriggerButton\"\n\t\t\tdata-wp-on--click=\"actions.showLightbox\"\n\t\t\tdata-wp-style--right=\"state.imageButtonRight\"\n\t\t\tdata-wp-style--top=\"state.imageButtonTop\"\n\t\t>\n\t\t\t<svg xmlns=\"http:\/\/www.w3.org\/2000\/svg\" width=\"12\" height=\"12\" fill=\"none\" viewBox=\"0 0 12 12\">\n\t\t\t\t<path fill=\"#fff\" d=\"M2 0a2 2 0 0 0-2 2v2h1.5V2a.5.5 0 0 1 .5-.5h2V0H2Zm2 10.5H2a.5.5 0 0 1-.5-.5V8H0v2a2 2 0 0 0 2 2h2v-1.5ZM8 12v-1.5h2a.5.5 0 0 0 .5-.5V8H12v2a2 2 0 0 1-2 2H8Zm2-12a2 2 0 0 1 2 2v2h-1.5V2a.5.5 0 0 0-.5-.5H8V0h2Z\" \/>\n\t\t\t<\/svg>\n\t\t<\/button><figcaption class=\"wp-element-caption\">Menschenmengen beim Karneval in Puerto de la Cruz mit bunten Umzugswagen und mexikanischen Kost\u00fcmen in Puerto de la Cruz<\/figcaption><\/figure>\n<\/figure>\n\n<h2 class=\"wp-block-heading\" id=\"puerto-vs-santa-cruz\">\u2696\ufe0f Puerto de la Cruz gegen Santa Cruz: Ehrlicher Vergleich<\/h2>\n\n<p><strong>Der Gr\u00f6\u00dfenunterschied ist riesig<\/strong>: Santa Cruz zieht zwischen 150.000 und 400.000 Menschen an (der zweitgr\u00f6\u00dfte Karneval der Welt nach Rio). Puerto de la Cruz hat etwa <strong>20.000<\/strong> \u2013 viel \u00fcberschaubarer.<\/p>\n\n<p><strong>Atmosph\u00e4re<\/strong>: Santa Cruz f\u00fchlt sich brasilianischer an mit intensiven Partys die ganze Nacht \u00fcber auf mehreren B\u00fchnen. Puerto de la Cruz ist bohemian, familienfreundlich und authentisch kanarisch mit einem schr\u00e4gen deutschen Einfluss (seit 1972 mit D\u00fcsseldorf verbunden). Die spontanen Stra\u00dfenpartys auf der Plaza del Charco sind viel intimer im Vergleich zur industriellen Produktion in Santa Cruz.<\/p>\n\n<p><strong>Was ist besser f\u00fcr dich?<\/strong><\/p>\n\n<ul class=\"wp-block-list\">\n<li><strong>Partytiere<\/strong> \ud83c\udf89: Santa Cruz (gr\u00f6\u00dfere Partys, mehr B\u00fchnen, verr\u00fccktere Energie)<\/li>\n\n\n\n<li><strong>Erstbesucher<\/strong> \ud83c\udfad: Puerto de la Cruz (weniger \u00fcberw\u00e4ltigend, einfacher zu erkunden)<\/li>\n\n\n\n<li><strong>Budget-Reisende<\/strong> \ud83d\udcb0: Puerto de la Cruz (niedrigere Preise, weniger Menschenmengen)<\/li>\n\n\n\n<li><strong>Kulturinteressierte<\/strong> \ud83c\udfaa: Puerto de la Cruz (einzigartige Events wie Mascarita Ponte Tac\u00f3n und Mataculebra)<\/li>\n\n\n\n<li><strong>Fotografen<\/strong> \ud83d\udcf8: Santa Cruz f\u00fcr das Spektakel, Puerto f\u00fcr die Authentizit\u00e4t<\/li>\n<\/ul>\n\n<p><strong>Kannst du beides machen?<\/strong> Absolut. Sie laufen gleichzeitig (Puerto: 1.-28. Feb; Santa Cruz: 16. Jan-22. Feb), nur 30 km voneinander entfernt. Nimm den 40-min\u00fctigen Bus zwischen den beiden und erlebe verschiedene Events. Strategie: Mach es dir im <strong><a href=\"https:\/\/nestshostels.com\/de\/hostel\/puerto-nest-hostel\/\" target=\"_blank\" rel=\"noreferrer noopener\">Puerto Nest<\/a><\/strong> bequem (g\u00fcnstiger, n\u00e4her zur Natur), mach einen Tagesausflug nach Santa Cruz f\u00fcr deren Coso Apoteosis (17. Februar) oder den Tageskarneval und komm dann zur\u00fcck zu den entspannteren Vibes in Puerto. Lies mehr \u00fcber den <a href=\"https:\/\/nestshostels.com\/de\/tenerife-carnival-2026-guide-events\/\" target=\"_blank\" rel=\"noreferrer noopener\">Karneval in Santa Cruz in unserem kompletten Guide<\/a>.<\/p>\n\n<h2 class=\"wp-block-heading\" id=\"local-tips\">\ud83d\udca1 Lokale Tipps, die wirklich helfen<\/h2>\n\n<p><strong>Wo die Einheimischen feiern<\/strong>: Der Plaza del Charco und die umliegenden Stra\u00dfen sind das Epizentrum. Nach den offiziellen Events geht&#8217;s in die Bars entlang der Calle San Felipe. Der Costa Marti\u00e1nez-Komplex veranstaltet die gr\u00f6\u00dferen Galas.<\/p>\n\n<p><strong>Die besten Fotospots<\/strong> \ud83d\udcf8: Erh\u00f6hte Terrassenbars mit Blick auf die Plaza del Charco; der Fischereihafen w\u00e4hrend der Sardinenverbrennung; \u00fcberall entlang der Coso-Parade, besonders dort, wo sie die Plaza del Charco erreicht.<\/p>\n\n<p><strong>Menschenmengen vermeiden<\/strong>: Komm am 21. Februar 1-2 Stunden fr\u00fcher zu den Aussichtspunkten. Veranstaltungen unter der Woche sind deutlich weniger voll als am Wochenende. Nachmittage sind generell ruhiger als Abende.<\/p>\n\n<p><strong>Wettercheck<\/strong> \ud83c\udf24\ufe0f: Im Februar liegen die Temperaturen tags\u00fcber bei 18-22\u00b0C, nachts sinken sie auf 14-16\u00b0C. <strong>Bring eine Jacke<\/strong>\u2014der Norden von Teneriffa hat gelegentlich Regenschauer und ist 1-2\u00b0C k\u00fchler als der S\u00fcden. Zieh dein Outfit in Schichten an.<\/p>\n\n<p><strong>Sicherheit<\/strong> \ud83d\udc6e: Beide Karnevals sind gut organisiert und gelten als sicher mit verst\u00e4rkter Polizeipr\u00e4senz. Es gelten die \u00fcblichen Vorsichtsma\u00dfnahmen: nutze eine geschlossene Bauchtasche oder Geldg\u00fcrtel, bleib nachts bei deiner Gruppe und lass Getr\u00e4nke nicht unbeaufsichtigt. Achte auf Taschendiebe in den Menschenmengen der Parade.<\/p>\n\n<p><strong>Transporttipp<\/strong> \ud83d\ude97: Die Stra\u00dfen im Stadtzentrum sind f\u00fcr Paraden gesperrt. Am 21. Februar kannst du kostenlos am <strong>Playa Jard\u00edn<\/strong> parken und 15 Minuten laufen oder die \u00f6ffentlichen Verkehrsmittel nutzen. Die Parkbeschr\u00e4nkungen beginnen an Paradetagen um 09:00 Uhr entlang der Avenida de Col\u00f3n und der gesamten Parade-Route.<\/p>\n\n<h2 class=\"wp-block-heading\">\ud83d\udcda Zwei schnelle Geschichtsfakten, die du wissen solltest<\/h2>\n\n<p>W\u00e4hrend Francos Diktatur, als der Karneval in ganz Spanien verboten war, hielt Puerto de la Cruz die Tradition am Leben, indem es die Feiern als <strong>&#8222;Fiestas de Invierno&#8220;<\/strong> (Winterfestivals) tarnte \u2013 ein kleiner Akt des kulturellen Widerstands.<\/p>\n\n<p>Das <strong>Mataculebra-Ritual<\/strong> stammt aus der Sklavenzeit in Kuba im 19. Jahrhundert und wurde von zur\u00fcckkehrenden Emigranten in die Kanaren gebracht. Heute ist es <mark style=\"background-color:#53CED1\" class=\"has-inline-color\">eine der markantesten kulturellen Veranstaltungen in allen europ\u00e4ischen Karnevalstraditionen.<\/mark><\/p>\n\n<h2 class=\"wp-block-heading\">\ud83c\udfaf Endg\u00fcltiges Urteil f\u00fcr 2026<\/h2>\n\n<p>Der Karneval in Puerto de la Cruz ist der perfekte Einstieg f\u00fcr junge Reisende, die authentischen Kanarischen Karneval erleben wollen, ohne die \u00fcberf\u00fcllten Menschenmengen und hohen Preise in Santa Cruz. Das mexikanische Thema macht die Kost\u00fcmpplanung einfach, das <strong>Mascarita Ponte Tac\u00f3n<\/strong> High-Heels-Rennen (20. Februar) ist eines der lustigsten Events im spanischen Karneval, und die Stra\u00dfenfeste am Plaza del Charco gehen bis zum Morgengrauen, ohne dass es dabei gef\u00e4hrlich voll wird.<\/p>\n\n<p><strong>Bottom line<\/strong>: Flieg nach TFN, mach&#8217;s dir im <strong><a href=\"https:\/\/nestshostels.com\/de\/hostel\/puerto-nest-hostel\/\" target=\"_blank\" rel=\"noopener\">Puerto Nest Hostel<\/a><\/strong> oder einem anderen Nests-Standort mit Nest Pass gem\u00fctlich, nimm an den besonderen Events teil und mach einen Tagesausflug nach Santa Cruz f\u00fcr ein gro\u00dfes Spektakel. Plane etwa 40-65 \u20ac\/Tag mit den w\u00f6chentlichen Preisen vom Nest Pass, buche dein Hostel bis Dezember 2025 und mach dich auf Kopfsteinpflaster gefasst \u2013 egal, ob du zuschaust oder in High Heels unterwegs bist! \ud83d\udc60\ud83c\udf89<\/p>\n\n<hr class=\"wp-block-separator has-alpha-channel-opacity\"\/>\n\n<h2 class=\"wp-block-heading\">\ud83d\udd17 Wichtige Links<\/h2>\n\n<ul class=\"wp-block-list\">\n<li><strong>Buche den Nest Pass<\/strong> (20-30% Rabatt): <a href=\"https:\/\/nestshostels.com\/de\/ofertas-hostal-barato-tenerife\/\" target=\"_blank\" rel=\"noopener\">nestshostels.com\/nest-pass<\/a><\/li>\n\n\n\n<li><strong>Puerto Nest Hostel<\/strong>: <a href=\"https:\/\/nestshostels.com\/de\/hostel\/puerto-nest-hostel\/\" target=\"_blank\" rel=\"noreferrer noopener\">Jetzt buchen<\/a><\/li>\n\n\n\n<li><strong>Kompletter Karnevalsguide f\u00fcr Teneriffa<\/strong>: <a href=\"https:\/\/nestshostels.com\/de\/tenerife-carnival-2026-guide-events\/\" target=\"_blank\" rel=\"noreferrer noopener\">Alle Events &amp; Termine<\/a><\/li>\n\n\n\n<li><strong>Budget-Tipps<\/strong>: <a href=\"https:\/\/nestshostels.com\/de\/como-ahorrar-en-el-carnaval-de-tenerife-2025-guia-para-viajeros-inteligentes\/\" target=\"_blank\" rel=\"noreferrer noopener\">Wie du beim Karneval Geld sparen kannst<\/a><\/li>\n\n\n\n<li><strong>Folge den Updates zum Karneval<\/strong>: <a href=\"https:\/\/www.instagram.com\/carnavalpuertodelacruz\/\" target=\"_blank\" rel=\"noopener\">@carnavalpuertodelacruz<\/a><\/li>\n\n\n\n<li><strong>Werde Teil der Hostel-Crew<\/strong>: <a href=\"https:\/\/www.instagram.com\/nestshostels\/\" target=\"_blank\" rel=\"noopener\">@nestshostels<\/a><\/li>\n\n\n\n<li><strong>Plaza del Charco<\/strong> (Hauptpartyzone): <a href=\"https:\/\/maps.app.goo.gl\/jWpGDa8H3dRTRQER6\" target=\"_blank\" rel=\"noreferrer noopener\">Google Maps<\/a><\/li>\n\n\n\n<li><strong>Muelle Pesquero<\/strong> (Sardinenverbrennung): <a href=\"https:\/\/maps.app.goo.gl\/kKuXKn5fqqmCT6WQ9\" target=\"_blank\" rel=\"noreferrer noopener\">Google Maps<\/a><\/li>\n<\/ul>\n\n<p><strong>\ud83c\udfa5 YouTube Suchbegriffe:<\/strong><\/p>\n\n<ul class=\"wp-block-list\">\n<li>&#8222;<a href=\"https:\/\/www.youtube.com\/results?search_query=Mascarita+Ponte+Tac%C3%B3n+Puerto+de+la+Cruz\" target=\"_blank\" rel=\"noreferrer noopener\">Mascarita Ponte Tac\u00f3n Puerto de la Cruz 2024<\/a>&#8222;<\/li>\n\n\n\n<li><a href=\"https:\/\/www.youtube.com\/results?search_query=entierro+de+la+sardina+puerto+de+la+cruz\" target=\"_blank\" rel=\"noreferrer noopener\">Entierro de la Sardina Puerto Cruz<\/a><\/li>\n\n\n\n<li>&#8222;<a href=\"https:\/\/www.youtube.com\/results?search_query=gran+caso+carnaval+puerto+de+la+cruz\" target=\"_blank\" rel=\"noreferrer noopener\">Karneval Gran Coso in Puerto de la Cruz<\/a>&#8222;<\/li>\n<\/ul>\n\n<div class=\"wp-block-buttons is-content-justification-center is-layout-flex wp-container-core-buttons-is-layout-16018d1d wp-block-buttons-is-layout-flex\">\n<div class=\"wp-block-button final-cta\"><a class=\"wp-block-button__link has-primary-background-color has-background wp-element-button\" href=\"https:\/\/nestshostels.com\/de\/ofertas-hostal-barato-tenerife\/\" target=\"_blank\" rel=\"noopener\">Buche deinen Karnevalsaufenthalt mit Nest Pass<\/a><\/div>\n<\/div>\n\n<figure class=\"wp-block-embed is-type-video is-provider-youtube wp-block-embed-youtube wp-embed-aspect-16-9 wp-has-aspect-ratio\"><div class=\"wp-block-embed__wrapper\">\n<iframe loading=\"lazy\" title=\"Mascarita Ponte Tac\u00f3n | Carnaval del Puerto de la Cruz 2020\" width=\"500\" height=\"281\" src=\"https:\/\/www.youtube.com\/embed\/MLFVuJHlEQs?feature=oembed\" frameborder=\"0\" allow=\"accelerometer; autoplay; clipboard-write; encrypted-media; gyroscope; picture-in-picture; web-share\" referrerpolicy=\"strict-origin-when-cross-origin\" allowfullscreen><\/iframe>\n<\/div><\/figure>\n\n\n<h2 class=\"wp-block-heading\" id=\"faq\">\u2753 H\u00e4ufig gestellte Fragen<\/h2>\n\n\n\n<div itemscope=\"\" itemtype=\"https:\/\/schema.org\/FAQPage\">\n\n  <!-- Question 1 -->\n  <div itemscope=\"\" itemprop=\"mainEntity\" itemtype=\"https:\/\/schema.org\/Question\">\n    <h3 itemprop=\"name\">When is Puerto de la Cruz Carnival 2026?<\/h3>\n    <div itemscope=\"\" itemprop=\"acceptedAnswer\" itemtype=\"https:\/\/schema.org\/Answer\">\n      <div itemprop=\"text\">\n        <p>Puerto de la Cruz Carnival 2026 runs <strong>February 1-28, 2026<\/strong> with key events including Mascarita Ponte Tac\u00f3n (Feb 20), Gran Coso parade (Feb 21), and Entierro de la Sardina (Feb 18).<\/p>\n      <\/div>\n    <\/div>\n  <\/div>\n\n  <!-- Question 2 -->\n  <div itemscope=\"\" itemprop=\"mainEntity\" itemtype=\"https:\/\/schema.org\/Question\">\n    <h3 itemprop=\"name\">What is Mascarita Ponte Tac\u00f3n?<\/h3>\n    <div itemscope=\"\" itemprop=\"acceptedAnswer\" itemtype=\"https:\/\/schema.org\/Answer\">\n      <div itemprop=\"text\">\n        <p>It&#8217;s Puerto de la Cruz&#8217;s legendary men&#8217;s high-heels race where 400+ guys sprint through cobblestone streets in minimum 8-10cm heels and full costume\u2014happening February 20 at 22:00.<\/p>\n      <\/div>\n    <\/div>\n  <\/div>\n\n  <!-- Question 3 -->\n  <div itemscope=\"\" itemprop=\"mainEntity\" itemtype=\"https:\/\/schema.org\/Question\">\n    <h3 itemprop=\"name\">Is Puerto de la Cruz Carnival free?<\/h3>\n    <div itemscope=\"\" itemprop=\"acceptedAnswer\" itemtype=\"https:\/\/schema.org\/Answer\">\n      <div itemprop=\"text\">\n        <p>Yes! All street parties, parades, the heels race, sardine burning, and live music at Plaza del Charco are completely free\u2014only galas like the Queen&#8217;s Election require tickets (\u20ac20-60).<\/p>\n      <\/div>\n    <\/div>\n  <\/div>\n\n  <!-- Question 4 -->\n  <div itemscope=\"\" itemprop=\"mainEntity\" itemtype=\"https:\/\/schema.org\/Question\">\n    <h3 itemprop=\"name\">What&#8217;s the 2026 carnival theme?<\/h3>\n    <div itemscope=\"\" itemprop=\"acceptedAnswer\" itemtype=\"https:\/\/schema.org\/Answer\">\n      <div itemprop=\"text\">\n        <p>&#8222;Con Alma Mexicana&#8220; (With Mexican Soul)\u2014expect Day of the Dead skulls, Frida Kahlo costumes, mariachi vibes, and alebrije decorations everywhere.<\/p>\n      <\/div>\n    <\/div>\n  <\/div>\n\n  <!-- Question 5 -->\n  <div itemscope=\"\" itemprop=\"mainEntity\" itemtype=\"https:\/\/schema.org\/Question\">\n    <h3 itemprop=\"name\">What should I wear to Puerto de la Cruz Carnival in February?<\/h3>\n    <div itemscope=\"\" itemprop=\"acceptedAnswer\" itemtype=\"https:\/\/schema.org\/Answer\">\n      <div itemprop=\"text\">\n        <p>Layer your Mexican-themed costume with a light jacket\u2014daytime hits 18-22\u00b0C but nights drop to 14-16\u00b0C, and north Tenerife can get occasional rain.<\/p>\n      <\/div>\n    <\/div>\n  <\/div>\n\n  <!-- Question 6 -->\n  <div itemscope=\"\" itemprop=\"mainEntity\" itemtype=\"https:\/\/schema.org\/Question\">\n    <h3 itemprop=\"name\">Where exactly does the carnival happen in Puerto de la Cruz?<\/h3>\n    <div itemscope=\"\" itemprop=\"acceptedAnswer\" itemtype=\"https:\/\/schema.org\/Answer\">\n      <div itemprop=\"text\">\n        <p>Plaza del Charco is carnival central for street parties and orchestras, while parades start at Avenida de Col\u00f3n and the sardine burns at Muelle Pesquero (fishing dock).<\/p>\n      <\/div>\n    <\/div>\n  <\/div>\n\n  <!-- Question 7 -->\n  <div itemscope=\"\" itemprop=\"mainEntity\" itemtype=\"https:\/\/schema.org\/Question\">\n    <h3 itemprop=\"name\">Can I visit both Puerto de la Cruz and Santa Cruz carnivals?<\/h3>\n    <div itemscope=\"\" itemprop=\"acceptedAnswer\" itemtype=\"https:\/\/schema.org\/Answer\">\n      <div itemprop=\"text\">\n        <p>Absolutely\u2014they&#8217;re only 30km apart with buses every 30-45 minutes. Stay at Puerto Nest and day-trip to Santa Cruz&#8217;s bigger events, then return to Puerto&#8217;s chill vibes.<\/p>\n      <\/div>\n    <\/div>\n  <\/div>\n\n  <!-- Question 8 -->\n  <div itemscope=\"\" itemprop=\"mainEntity\" itemtype=\"https:\/\/schema.org\/Question\">\n    <h3 itemprop=\"name\">What&#8217;s the difference between Puerto de la Cruz and Santa Cruz carnival?<\/h3>\n    <div itemscope=\"\" itemprop=\"acceptedAnswer\" itemtype=\"https:\/\/schema.org\/Answer\">\n      <div itemprop=\"text\">\n        <p>Santa Cruz is massive (150,000-400,000 people, Brazilian-style intensity), while Puerto draws 20,000 with unique events like Mascarita Ponte Tac\u00f3n and authentic Canarian vibes\u2014less overwhelming, more intimate.<\/p>\n      <\/div>\n    <\/div>\n  <\/div>\n\n  <!-- Question 9 -->\n  <div itemscope=\"\" itemprop=\"mainEntity\" itemtype=\"https:\/\/schema.org\/Question\">\n    <h3 itemprop=\"name\">Which carnival is better for budget travelers?<\/h3>\n    <div itemscope=\"\" itemprop=\"acceptedAnswer\" itemtype=\"https:\/\/schema.org\/Answer\">\n      <div itemprop=\"text\">\n        <p>Puerto de la Cruz\u2014cheaper accommodation (especially with <a href=\"https:\/\/nestshostels.com\/de\/ofertas-hostal-barato-tenerife\/\" target=\"_blank\" rel=\"noopener\">Nest Pass<\/a> locking 20-30% discounts), less crowded, and all major events are free.<\/p>\n      <\/div>\n    <\/div>\n  <\/div>\n\n<\/div>\n\n\n<p><\/p>\n","protected":false},"excerpt":{"rendered":"<p>Vollst\u00e4ndiger Guide zum authentischen Karneval in Teneriffa: Mexikanisches Thema, Mascarita Ponte Tac\u00f3n, Bestattung der Sardine, Galas, DJs, Party, alle Events: 1.-28. Februar 2026.<\/p>\n","protected":false},"author":3,"featured_media":21855,"comment_status":"open","ping_status":"open","sticky":false,"template":"","format":"standard","meta":{"footnotes":""},"categories":[73],"tags":[77],"class_list":["post-22016","post","type-post","status-publish","format-standard","has-post-thumbnail","hentry","category-kultur","tag-puerto-nest-de"],"acf":[],"yoast_head":"<!-- This site is optimized with the Yoast SEO plugin v27.1.1 - https:\/\/yoast.com\/product\/yoast-seo-wordpress\/ -->\n<title>Karneval von Puerto de la Cruz 2026: Alle Events im \u00dcberblick | Teneriffa | Nests Hostels<\/title>\n<meta name=\"description\" content=\"Programm des Karnevals von Puerto de la Cruz 2026: Mexikanisches Thema, 1.-28. Februar, Mascarita Ponte Tac\u00f3n High-Heel-Rennen, Galas, Partys, DJs, Orchester, Beerdigung der Sardine, Spartipps und die besten Backpacker-Hostels in Teneriffa.\" \/>\n<meta name=\"robots\" content=\"index, follow, max-snippet:-1, max-image-preview:large, max-video-preview:-1\" \/>\n<link rel=\"canonical\" href=\"https:\/\/nestshostels.com\/de\/events-puerto-cruz-carnival-2026-guide\/\" \/>\n<meta property=\"og:locale\" content=\"de_DE\" \/>\n<meta property=\"og:type\" content=\"article\" \/>\n<meta property=\"og:title\" content=\"Karneval in Puerto de la Cruz 2026: Vollst\u00e4ndiger Programmleitfaden und alle Veranstaltungen\" \/>\n<meta property=\"og:description\" content=\"Erlebe den authentischsten Karneval Teneriffas! Mexikanisches Thema, legend\u00e4res Mascarita Ponte Tac\u00f3n Heel-Rennen, Beerdigung der Sardine, Galas, Partys, DJs und alle Events: 1.-28. Februar 2026.\" \/>\n<meta property=\"og:url\" content=\"https:\/\/nestshostels.com\/de\/events-puerto-cruz-carnival-2026-guide\/\" \/>\n<meta property=\"og:site_name\" content=\"Nests Hostels\" \/>\n<meta property=\"article:publisher\" content=\"https:\/\/www.facebook.com\/nesthosteltenerife\/\" \/>\n<meta property=\"article:published_time\" content=\"2026-02-14T19:15:45+00:00\" \/>\n<meta property=\"article:modified_time\" content=\"2026-02-15T07:20:01+00:00\" \/>\n<meta property=\"og:image\" content=\"https:\/\/nestshostels.com\/wp-content\/uploads\/2026\/02\/carnavalpuertodelacruz_1770896507572-1024x538.jpeg\" \/>\n<meta name=\"author\" content=\"Artur\" \/>\n<meta name=\"twitter:card\" content=\"summary_large_image\" \/>\n<meta name=\"twitter:title\" content=\"Karneval in Puerto de la Cruz 2026: Vollst\u00e4ndiger Programmleitfaden und alle Veranstaltungen\" \/>\n<meta name=\"twitter:description\" content=\"Erlebe den authentischsten Karneval Teneriffas! Mexikanisches Thema, legend\u00e4res Mascarita Ponte Tac\u00f3n Heel-Rennen, Beerdigung der Sardine, Galas, Partys, DJs und alle Events: 1.-28. Februar 2026.\" \/>\n<meta name=\"twitter:image\" content=\"https:\/\/nestshostels.com\/wp-content\/uploads\/2026\/02\/carnavalpuertodelacruz_1770896507572-1024x538.jpeg\" \/>\n<meta name=\"twitter:label1\" content=\"Verfasst von\" \/>\n\t<meta name=\"twitter:data1\" content=\"Artur\" \/>\n\t<meta name=\"twitter:label2\" content=\"Gesch\u00e4tzte Lesezeit\" \/>\n\t<meta name=\"twitter:data2\" content=\"16\u00a0Minuten\" \/>\n<script type=\"application\/ld+json\" class=\"yoast-schema-graph\">{\"@context\":\"https:\/\/schema.org\",\"@graph\":[{\"@type\":\"Article\",\"@id\":\"https:\/\/nestshostels.com\/de\/events-puerto-cruz-carnival-2026-guide\/#article\",\"isPartOf\":{\"@id\":\"https:\/\/nestshostels.com\/de\/events-puerto-cruz-carnival-2026-guide\/\"},\"author\":{\"name\":\"Artur\",\"@id\":\"https:\/\/nestshostels.com\/de\/#\/schema\/person\/0e74957900b656bf8bc4abe11337fe43\"},\"headline\":\"Karneval in Puerto de la Cruz 2026: Alle Events und Programme\",\"datePublished\":\"2026-02-14T19:15:45+00:00\",\"dateModified\":\"2026-02-15T07:20:01+00:00\",\"mainEntityOfPage\":{\"@id\":\"https:\/\/nestshostels.com\/de\/events-puerto-cruz-carnival-2026-guide\/\"},\"wordCount\":3324,\"commentCount\":0,\"publisher\":{\"@id\":\"https:\/\/nestshostels.com\/de\/#organization\"},\"image\":{\"@id\":\"https:\/\/nestshostels.com\/de\/events-puerto-cruz-carnival-2026-guide\/#primaryimage\"},\"thumbnailUrl\":\"https:\/\/nestshostels.com\/wp-content\/uploads\/2026\/02\/carnavalpuertodelacruz_1770896507572.jpeg\",\"keywords\":[\"Puerto Nest\"],\"articleSection\":[\"Kultur\"],\"inLanguage\":\"de\",\"potentialAction\":[{\"@type\":\"CommentAction\",\"name\":\"Comment\",\"target\":[\"https:\/\/nestshostels.com\/de\/events-puerto-cruz-carnival-2026-guide\/#respond\"]}]},{\"@type\":\"WebPage\",\"@id\":\"https:\/\/nestshostels.com\/de\/events-puerto-cruz-carnival-2026-guide\/\",\"url\":\"https:\/\/nestshostels.com\/de\/events-puerto-cruz-carnival-2026-guide\/\",\"name\":\"Karneval von Puerto de la Cruz 2026: Alle Events im \u00dcberblick | Teneriffa | Nests Hostels\",\"isPartOf\":{\"@id\":\"https:\/\/nestshostels.com\/de\/#website\"},\"primaryImageOfPage\":{\"@id\":\"https:\/\/nestshostels.com\/de\/events-puerto-cruz-carnival-2026-guide\/#primaryimage\"},\"image\":{\"@id\":\"https:\/\/nestshostels.com\/de\/events-puerto-cruz-carnival-2026-guide\/#primaryimage\"},\"thumbnailUrl\":\"https:\/\/nestshostels.com\/wp-content\/uploads\/2026\/02\/carnavalpuertodelacruz_1770896507572.jpeg\",\"datePublished\":\"2026-02-14T19:15:45+00:00\",\"dateModified\":\"2026-02-15T07:20:01+00:00\",\"description\":\"Programm des Karnevals von Puerto de la Cruz 2026: Mexikanisches Thema, 1.-28. Februar, Mascarita Ponte Tac\u00f3n High-Heel-Rennen, Galas, Partys, DJs, Orchester, Beerdigung der Sardine, Spartipps und die besten Backpacker-Hostels in Teneriffa.\",\"breadcrumb\":{\"@id\":\"https:\/\/nestshostels.com\/de\/events-puerto-cruz-carnival-2026-guide\/#breadcrumb\"},\"inLanguage\":\"de\",\"potentialAction\":[{\"@type\":\"ReadAction\",\"target\":[\"https:\/\/nestshostels.com\/de\/events-puerto-cruz-carnival-2026-guide\/\"]}]},{\"@type\":\"ImageObject\",\"inLanguage\":\"de\",\"@id\":\"https:\/\/nestshostels.com\/de\/events-puerto-cruz-carnival-2026-guide\/#primaryimage\",\"url\":\"https:\/\/nestshostels.com\/wp-content\/uploads\/2026\/02\/carnavalpuertodelacruz_1770896507572.jpeg\",\"contentUrl\":\"https:\/\/nestshostels.com\/wp-content\/uploads\/2026\/02\/carnavalpuertodelacruz_1770896507572.jpeg\",\"width\":1352,\"height\":710,\"caption\":\"PUERTO DE LA CRUZ CARNIVAL 2026 All Events\"},{\"@type\":\"BreadcrumbList\",\"@id\":\"https:\/\/nestshostels.com\/de\/events-puerto-cruz-carnival-2026-guide\/#breadcrumb\",\"itemListElement\":[{\"@type\":\"ListItem\",\"position\":1,\"name\":\"Portada\",\"item\":\"https:\/\/nestshostels.com\/de\/\"},{\"@type\":\"ListItem\",\"position\":2,\"name\":\"Karneval in Puerto de la Cruz 2026: Alle Events und Programme\"}]},{\"@type\":\"WebSite\",\"@id\":\"https:\/\/nestshostels.com\/de\/#website\",\"url\":\"https:\/\/nestshostels.com\/de\/\",\"name\":\"Nests Hostels\",\"description\":\"Tenerife Hostels for Travellers &amp; Digital Nomads\",\"publisher\":{\"@id\":\"https:\/\/nestshostels.com\/de\/#organization\"},\"alternateName\":\"Nest\",\"potentialAction\":[{\"@type\":\"SearchAction\",\"target\":{\"@type\":\"EntryPoint\",\"urlTemplate\":\"https:\/\/nestshostels.com\/de\/?s={search_term_string}\"},\"query-input\":{\"@type\":\"PropertyValueSpecification\",\"valueRequired\":true,\"valueName\":\"search_term_string\"}}],\"inLanguage\":\"de\"},{\"@type\":\"Organization\",\"@id\":\"https:\/\/nestshostels.com\/de\/#organization\",\"name\":\"Nests Hostels\",\"alternateName\":\"Nest\",\"url\":\"https:\/\/nestshostels.com\/de\/\",\"logo\":{\"@type\":\"ImageObject\",\"inLanguage\":\"de\",\"@id\":\"https:\/\/nestshostels.com\/de\/#\/schema\/logo\/image\/\",\"url\":\"https:\/\/nestshostels.com\/wp-content\/uploads\/logo-nests-hostel.webp\",\"contentUrl\":\"https:\/\/nestshostels.com\/wp-content\/uploads\/logo-nests-hostel.webp\",\"width\":200,\"height\":217,\"caption\":\"Nests Hostels\"},\"image\":{\"@id\":\"https:\/\/nestshostels.com\/de\/#\/schema\/logo\/image\/\"},\"sameAs\":[\"https:\/\/www.facebook.com\/nesthosteltenerife\/\",\"https:\/\/www.instagram.com\/nestshostels\/\",\"https:\/\/www.tiktok.com\/@nestshostels\",\"https:\/\/www.threads.com\/@nestshostels\/\",\"https:\/\/www.youtube.com\/@nestshostels\/\"]},{\"@type\":\"Person\",\"@id\":\"https:\/\/nestshostels.com\/de\/#\/schema\/person\/0e74957900b656bf8bc4abe11337fe43\",\"name\":\"Artur\",\"image\":{\"@type\":\"ImageObject\",\"inLanguage\":\"de\",\"@id\":\"https:\/\/nestshostels.com\/de\/#\/schema\/person\/image\/\",\"url\":\"https:\/\/secure.gravatar.com\/avatar\/d6413025fb6a3a11bf24c7b7d4d8c0b223859f4f0de2c17883591c96f4003222?s=96&r=g\",\"contentUrl\":\"https:\/\/secure.gravatar.com\/avatar\/d6413025fb6a3a11bf24c7b7d4d8c0b223859f4f0de2c17883591c96f4003222?s=96&r=g\",\"caption\":\"Artur\"}}]}<\/script>\n<!-- \/ Yoast SEO plugin. -->","yoast_head_json":{"title":"Karneval von Puerto de la Cruz 2026: Alle Events im \u00dcberblick | Teneriffa | Nests Hostels","description":"Programm des Karnevals von Puerto de la Cruz 2026: Mexikanisches Thema, 1.-28. Februar, Mascarita Ponte Tac\u00f3n High-Heel-Rennen, Galas, Partys, DJs, Orchester, Beerdigung der Sardine, Spartipps und die besten Backpacker-Hostels in Teneriffa.","robots":{"index":"index","follow":"follow","max-snippet":"max-snippet:-1","max-image-preview":"max-image-preview:large","max-video-preview":"max-video-preview:-1"},"canonical":"https:\/\/nestshostels.com\/de\/events-puerto-cruz-carnival-2026-guide\/","og_locale":"de_DE","og_type":"article","og_title":"Karneval in Puerto de la Cruz 2026: Vollst\u00e4ndiger Programmleitfaden und alle Veranstaltungen","og_description":"Erlebe den authentischsten Karneval Teneriffas! Mexikanisches Thema, legend\u00e4res Mascarita Ponte Tac\u00f3n Heel-Rennen, Beerdigung der Sardine, Galas, Partys, DJs und alle Events: 1.-28. Februar 2026.","og_url":"https:\/\/nestshostels.com\/de\/events-puerto-cruz-carnival-2026-guide\/","og_site_name":"Nests Hostels","article_publisher":"https:\/\/www.facebook.com\/nesthosteltenerife\/","article_published_time":"2026-02-14T19:15:45+00:00","article_modified_time":"2026-02-15T07:20:01+00:00","og_image":[{"url":"https:\/\/nestshostels.com\/wp-content\/uploads\/2026\/02\/carnavalpuertodelacruz_1770896507572-1024x538.jpeg","type":"","width":"","height":""}],"author":"Artur","twitter_card":"summary_large_image","twitter_title":"Karneval in Puerto de la Cruz 2026: Vollst\u00e4ndiger Programmleitfaden und alle Veranstaltungen","twitter_description":"Erlebe den authentischsten Karneval Teneriffas! Mexikanisches Thema, legend\u00e4res Mascarita Ponte Tac\u00f3n Heel-Rennen, Beerdigung der Sardine, Galas, Partys, DJs und alle Events: 1.-28. Februar 2026.","twitter_image":"https:\/\/nestshostels.com\/wp-content\/uploads\/2026\/02\/carnavalpuertodelacruz_1770896507572-1024x538.jpeg","twitter_misc":{"Verfasst von":"Artur","Gesch\u00e4tzte Lesezeit":"16\u00a0Minuten"},"schema":{"@context":"https:\/\/schema.org","@graph":[{"@type":"Article","@id":"https:\/\/nestshostels.com\/de\/events-puerto-cruz-carnival-2026-guide\/#article","isPartOf":{"@id":"https:\/\/nestshostels.com\/de\/events-puerto-cruz-carnival-2026-guide\/"},"author":{"name":"Artur","@id":"https:\/\/nestshostels.com\/de\/#\/schema\/person\/0e74957900b656bf8bc4abe11337fe43"},"headline":"Karneval in Puerto de la Cruz 2026: Alle Events und Programme","datePublished":"2026-02-14T19:15:45+00:00","dateModified":"2026-02-15T07:20:01+00:00","mainEntityOfPage":{"@id":"https:\/\/nestshostels.com\/de\/events-puerto-cruz-carnival-2026-guide\/"},"wordCount":3324,"commentCount":0,"publisher":{"@id":"https:\/\/nestshostels.com\/de\/#organization"},"image":{"@id":"https:\/\/nestshostels.com\/de\/events-puerto-cruz-carnival-2026-guide\/#primaryimage"},"thumbnailUrl":"https:\/\/nestshostels.com\/wp-content\/uploads\/2026\/02\/carnavalpuertodelacruz_1770896507572.jpeg","keywords":["Puerto Nest"],"articleSection":["Kultur"],"inLanguage":"de","potentialAction":[{"@type":"CommentAction","name":"Comment","target":["https:\/\/nestshostels.com\/de\/events-puerto-cruz-carnival-2026-guide\/#respond"]}]},{"@type":"WebPage","@id":"https:\/\/nestshostels.com\/de\/events-puerto-cruz-carnival-2026-guide\/","url":"https:\/\/nestshostels.com\/de\/events-puerto-cruz-carnival-2026-guide\/","name":"Karneval von Puerto de la Cruz 2026: Alle Events im \u00dcberblick | Teneriffa | Nests Hostels","isPartOf":{"@id":"https:\/\/nestshostels.com\/de\/#website"},"primaryImageOfPage":{"@id":"https:\/\/nestshostels.com\/de\/events-puerto-cruz-carnival-2026-guide\/#primaryimage"},"image":{"@id":"https:\/\/nestshostels.com\/de\/events-puerto-cruz-carnival-2026-guide\/#primaryimage"},"thumbnailUrl":"https:\/\/nestshostels.com\/wp-content\/uploads\/2026\/02\/carnavalpuertodelacruz_1770896507572.jpeg","datePublished":"2026-02-14T19:15:45+00:00","dateModified":"2026-02-15T07:20:01+00:00","description":"Programm des Karnevals von Puerto de la Cruz 2026: Mexikanisches Thema, 1.-28. Februar, Mascarita Ponte Tac\u00f3n High-Heel-Rennen, Galas, Partys, DJs, Orchester, Beerdigung der Sardine, Spartipps und die besten Backpacker-Hostels in Teneriffa.","breadcrumb":{"@id":"https:\/\/nestshostels.com\/de\/events-puerto-cruz-carnival-2026-guide\/#breadcrumb"},"inLanguage":"de","potentialAction":[{"@type":"ReadAction","target":["https:\/\/nestshostels.com\/de\/events-puerto-cruz-carnival-2026-guide\/"]}]},{"@type":"ImageObject","inLanguage":"de","@id":"https:\/\/nestshostels.com\/de\/events-puerto-cruz-carnival-2026-guide\/#primaryimage","url":"https:\/\/nestshostels.com\/wp-content\/uploads\/2026\/02\/carnavalpuertodelacruz_1770896507572.jpeg","contentUrl":"https:\/\/nestshostels.com\/wp-content\/uploads\/2026\/02\/carnavalpuertodelacruz_1770896507572.jpeg","width":1352,"height":710,"caption":"PUERTO DE LA CRUZ CARNIVAL 2026 All Events"},{"@type":"BreadcrumbList","@id":"https:\/\/nestshostels.com\/de\/events-puerto-cruz-carnival-2026-guide\/#breadcrumb","itemListElement":[{"@type":"ListItem","position":1,"name":"Portada","item":"https:\/\/nestshostels.com\/de\/"},{"@type":"ListItem","position":2,"name":"Karneval in Puerto de la Cruz 2026: Alle Events und Programme"}]},{"@type":"WebSite","@id":"https:\/\/nestshostels.com\/de\/#website","url":"https:\/\/nestshostels.com\/de\/","name":"Nests Hostels","description":"Tenerife Hostels for Travellers &amp; Digital Nomads","publisher":{"@id":"https:\/\/nestshostels.com\/de\/#organization"},"alternateName":"Nest","potentialAction":[{"@type":"SearchAction","target":{"@type":"EntryPoint","urlTemplate":"https:\/\/nestshostels.com\/de\/?s={search_term_string}"},"query-input":{"@type":"PropertyValueSpecification","valueRequired":true,"valueName":"search_term_string"}}],"inLanguage":"de"},{"@type":"Organization","@id":"https:\/\/nestshostels.com\/de\/#organization","name":"Nests Hostels","alternateName":"Nest","url":"https:\/\/nestshostels.com\/de\/","logo":{"@type":"ImageObject","inLanguage":"de","@id":"https:\/\/nestshostels.com\/de\/#\/schema\/logo\/image\/","url":"https:\/\/nestshostels.com\/wp-content\/uploads\/logo-nests-hostel.webp","contentUrl":"https:\/\/nestshostels.com\/wp-content\/uploads\/logo-nests-hostel.webp","width":200,"height":217,"caption":"Nests Hostels"},"image":{"@id":"https:\/\/nestshostels.com\/de\/#\/schema\/logo\/image\/"},"sameAs":["https:\/\/www.facebook.com\/nesthosteltenerife\/","https:\/\/www.instagram.com\/nestshostels\/","https:\/\/www.tiktok.com\/@nestshostels","https:\/\/www.threads.com\/@nestshostels\/","https:\/\/www.youtube.com\/@nestshostels\/"]},{"@type":"Person","@id":"https:\/\/nestshostels.com\/de\/#\/schema\/person\/0e74957900b656bf8bc4abe11337fe43","name":"Artur","image":{"@type":"ImageObject","inLanguage":"de","@id":"https:\/\/nestshostels.com\/de\/#\/schema\/person\/image\/","url":"https:\/\/secure.gravatar.com\/avatar\/d6413025fb6a3a11bf24c7b7d4d8c0b223859f4f0de2c17883591c96f4003222?s=96&r=g","contentUrl":"https:\/\/secure.gravatar.com\/avatar\/d6413025fb6a3a11bf24c7b7d4d8c0b223859f4f0de2c17883591c96f4003222?s=96&r=g","caption":"Artur"}}]}},"_links":{"self":[{"href":"https:\/\/nestshostels.com\/de\/wp-json\/wp\/v2\/posts\/22016","targetHints":{"allow":["GET"]}}],"collection":[{"href":"https:\/\/nestshostels.com\/de\/wp-json\/wp\/v2\/posts"}],"about":[{"href":"https:\/\/nestshostels.com\/de\/wp-json\/wp\/v2\/types\/post"}],"author":[{"embeddable":true,"href":"https:\/\/nestshostels.com\/de\/wp-json\/wp\/v2\/users\/3"}],"replies":[{"embeddable":true,"href":"https:\/\/nestshostels.com\/de\/wp-json\/wp\/v2\/comments?post=22016"}],"version-history":[{"count":1,"href":"https:\/\/nestshostels.com\/de\/wp-json\/wp\/v2\/posts\/22016\/revisions"}],"predecessor-version":[{"id":22017,"href":"https:\/\/nestshostels.com\/de\/wp-json\/wp\/v2\/posts\/22016\/revisions\/22017"}],"wp:featuredmedia":[{"embeddable":true,"href":"https:\/\/nestshostels.com\/de\/wp-json\/wp\/v2\/media\/21855"}],"wp:attachment":[{"href":"https:\/\/nestshostels.com\/de\/wp-json\/wp\/v2\/media?parent=22016"}],"wp:term":[{"taxonomy":"category","embeddable":true,"href":"https:\/\/nestshostels.com\/de\/wp-json\/wp\/v2\/categories?post=22016"},{"taxonomy":"post_tag","embeddable":true,"href":"https:\/\/nestshostels.com\/de\/wp-json\/wp\/v2\/tags?post=22016"}],"curies":[{"name":"wp","href":"https:\/\/api.w.org\/{rel}","templated":true}]}}